{"id":626189,"date":"2023-08-30T12:05:40","date_gmt":"2023-08-30T08:05:40","guid":{"rendered":"https:\/\/arantv.az\/?p=626189"},"modified":"2023-08-30T12:05:40","modified_gmt":"2023-08-30T08:05:40","slug":"priqojinin-q%c9%99zaya-ugrayan-t%c9%99yyar%c9%99si-il%c9%99-bagli-rusiyadan-q%c9%99rib%c9%99-addim","status":"publish","type":"post","link":"https:\/\/arantv.az\/?p=626189","title":{"rendered":"Priqojinin q\u0259zaya u\u011frayan t\u0259yyar\u0259si il\u0259 ba\u011fl\u0131 Rusiyadan q\u0259rib\u0259 add\u0131m"},"content":{"rendered":"<p>Rusiya Braziliyan\u0131n Aviasiya Q\u0259zalar\u0131n\u0131n T\u0259hqiqi v\u0259 Qabaqlanmas\u0131 M\u0259rk\u0259zin\u0259 (CENIPA) m\u0259lumat verib ki, \u201cVaqner\u201d \u00f6z\u0259l h\u0259rbi \u015firk\u0259tinin sabiq r\u0259hb\u0259ri Yevgeni Priqojin\u0259 m\u0259xsus \u201cEmbraer\u201d t\u0259yyar\u0259sinin q\u0259zaya u\u011framas\u0131n\u0131 beyn\u0259lxalq qaydalara uy\u011fun ara\u015fd\u0131rmayacaq.<\/p>\n<p>Bu bar\u0259d\u0259 CENIPA m\u0259lumat yay\u0131b.<\/p>\n<p>\u201cOnlar bunu etm\u0259y\u0259 m\u0259cbur deyill\u0259r, bu, sad\u0259c\u0259, t\u00f6vsiy\u0259 olunur\u201d, &#8211; m\u0259rk\u0259zin r\u0259hb\u0259ri Marselo Moreno a\u00e7\u0131qlay\u0131b.<\/p>\n<p>Onun s\u00f6zl\u0259rin\u0259 g\u00f6r\u0259, \u0259g\u0259r Moskvadan d\u0259v\u0259t g\u0259l\u0259rs\u0259, Braziliya onu q\u0259bul ed\u0259c\u0259k:<\/p>\n<p>\u201cLakin \u0259g\u0259r onlar t\u0259hqiqata ba\u015flay\u0131b Braziliyan\u0131 d\u0259v\u0259t ets\u0259l\u0259r, biz m\u0259saf\u0259d\u0259n i\u015fl\u0259y\u0259c\u0259yik\u201d.<\/p>\n<p>Xat\u0131rladaq ki, avqustun 23-d\u0259 Rusiyan\u0131n Tver vilay\u0259tinin Kujenkino q\u0259s\u0259b\u0259si \u0259razisind\u0259 \u201cVaqner\u201d \u00f6z\u0259l h\u0259rbi \u015firk\u0259tinin qurucusu v\u0259 r\u0259hb\u0259ri Yevgeni Priqojin\u0259 m\u0259xsus \u201cEmbraer Legacy 600\u201d biznes t\u0259yyar\u0259si q\u0259zaya u\u011fray\u0131b. Hadis\u0259 vaxt\u0131 \u201cVaqner\u201din r\u0259hb\u0259ri Yevgeni Priqojin d\u0259 t\u0259yyar\u0259nin s\u0259rni\u015finl\u0259ri aras\u0131nda olub. Q\u0259za n\u0259tic\u0259sind\u0259 t\u0259yyar\u0259d\u0259 olanlar\u0131n ham\u0131s\u0131 h\u0259lak olub.<\/p>\n<p>M\u0259nb\u0259: Reuters<\/p>\n","protected":false},"excerpt":{"rendered":"<p>Rusiya Braziliyan\u0131n Aviasiya Q\u0259zalar\u0131n\u0131n T\u0259hqiqi v\u0259 Qabaqlanmas\u0131 M\u0259rk\u0259zin\u0259 (CENIPA) m\u0259lumat verib ki, \u201cVaqner\u201d \u00f6z\u0259l h\u0259rbi \u015firk\u0259tinin sabiq r\u0259hb\u0259ri Yevgeni Priqojin\u0259 m\u0259xsus \u201cEmbraer\u201d t\u0259yyar\u0259sinin q\u0259zaya u\u011framas\u0131n\u0131 beyn\u0259lxalq qaydalara uy\u011fun ara\u015fd\u0131rmayacaq. Bu bar\u0259d\u0259 CENIPA m\u0259lumat yay\u0131b. \u201cOnlar bunu etm\u0259y\u0259 m\u0259cbur deyill\u0259r, bu, sad\u0259c\u0259, t\u00f6vsiy\u0259 olunur\u201d, &#8211; m\u0259rk\u0259zin r\u0259hb\u0259ri Marselo Moreno a\u00e7\u0131qlay\u0131b. Onun s\u00f6zl\u0259rin\u0259 g\u00f6r\u0259, \u0259g\u0259r Moskvadan d\u0259v\u0259t g\u0259l\u0259rs\u0259, Braziliya onu q\u0259bul ed\u0259c\u0259k: \u201cLakin \u0259g\u0259r onlar t\u0259hqiqata ba\u015flay\u0131b Braziliyan\u0131 d\u0259v\u0259t ets\u0259l\u0259r, biz m\u0259saf\u0259d\u0259n i\u015fl\u0259y\u0259c\u0259yik\u201d. Xat\u0131rladaq ki, avqustun 23-d\u0259 Rusiyan\u0131n Tver vilay\u0259tinin Kujenkino q\u0259s\u0259b\u0259si \u0259razisind\u0259 \u201cVaqner\u201d \u00f6z\u0259l h\u0259rbi \u015firk\u0259tinin qurucusu v\u0259 r\u0259hb\u0259ri Yevgeni Priqojin\u0259&hellip;<\/p>\n","protected":false},"author":2,"featured_media":626190,"comment_status":"closed","ping_status":"closed","sticky":false,"template":"","format":"standard","meta":{"om_disable_all_campaigns":false,"_monsterinsights_skip_tracking":false,"_monsterinsights_sitenote_active":false,"_monsterinsights_sitenote_note":"","_monsterinsights_sitenote_category":0},"categories":[7],"tags":[],"aioseo_notices":[],"gutentor_comment":0,"rttpg_featured_image_url":{"full":["https:\/\/arantv.az\/wp-content\/uploads\/2023\/08\/371132082_274276255383132_8390509949338733763_n.jpg",620,413,false],"landscape":["https:\/\/arantv.az\/wp-content\/uploads\/2023\/08\/371132082_274276255383132_8390509949338733763_n.jpg",620,413,false],"portraits":["https:\/\/arantv.az\/wp-content\/uploads\/2023\/08\/371132082_274276255383132_8390509949338733763_n.jpg",620,413,false],"thumbnail":["https:\/\/arantv.az\/wp-content\/uploads\/2023\/08\/371132082_274276255383132_8390509949338733763_n-500x280.jpg",500,280,true],"medium":["https:\/\/arantv.az\/wp-content\/uploads\/2023\/08\/371132082_274276255383132_8390509949338733763_n-548x365.jpg",548,365,true],"large":["https:\/\/arantv.az\/wp-content\/uploads\/2023\/08\/371132082_274276255383132_8390509949338733763_n.jpg",620,413,false],"1536x1536":["https:\/\/arantv.az\/wp-content\/uploads\/2023\/08\/371132082_274276255383132_8390509949338733763_n.jpg",620,413,false],"2048x2048":["https:\/\/arantv.az\/wp-content\/uploads\/2023\/08\/371132082_274276255383132_8390509949338733763_n.jpg",620,413,false],"post-thumbnail":["https:\/\/arantv.az\/wp-content\/uploads\/2023\/08\/371132082_274276255383132_8390509949338733763_n-240x172.jpg",240,172,true],"advps-thumb-one":["https:\/\/arantv.az\/wp-content\/uploads\/2023\/08\/371132082_274276255383132_8390509949338733763_n.jpg",620,413,false]},"rttpg_author":{"display_name":"V\u00fcsal Rafiqo\u011flu","author_link":"https:\/\/arantv.az\/?author=2"},"rttpg_comment":0,"rttpg_category":"<a href=\"https:\/\/arantv.az\/?cat=7\" rel=\"category\">D\u00fcnya<\/a>","rttpg_excerpt":"Rusiya Braziliyan\u0131n Aviasiya Q\u0259zalar\u0131n\u0131n T\u0259hqiqi v\u0259 Qabaqlanmas\u0131 M\u0259rk\u0259zin\u0259 (CENIPA) m\u0259lumat verib ki, \u201cVaqner\u201d \u00f6z\u0259l h\u0259rbi \u015firk\u0259tinin sabiq r\u0259hb\u0259ri Yevgeni Priqojin\u0259 m\u0259xsus \u201cEmbraer\u201d t\u0259yyar\u0259sinin q\u0259zaya u\u011framas\u0131n\u0131 beyn\u0259lxalq qaydalara uy\u011fun ara\u015fd\u0131rmayacaq. Bu bar\u0259d\u0259 CENIPA m\u0259lumat yay\u0131b. \u201cOnlar bunu etm\u0259y\u0259 m\u0259cbur deyill\u0259r, bu, sad\u0259c\u0259, t\u00f6vsiy\u0259 olunur\u201d, &#8211; m\u0259rk\u0259zin r\u0259hb\u0259ri Marselo Moreno a\u00e7\u0131qlay\u0131b. Onun s\u00f6zl\u0259rin\u0259 g\u00f6r\u0259, \u0259g\u0259r Moskvadan d\u0259v\u0259t&hellip;","_links":{"self":[{"href":"https:\/\/arantv.az\/index.php?rest_route=\/wp\/v2\/posts\/626189"}],"collection":[{"href":"https:\/\/arantv.az\/index.php?rest_route=\/wp\/v2\/posts"}],"about":[{"href":"https:\/\/arantv.az\/index.php?rest_route=\/wp\/v2\/types\/post"}],"author":[{"embeddable":true,"href":"https:\/\/arantv.az\/index.php?rest_route=\/wp\/v2\/users\/2"}],"replies":[{"embeddable":true,"href":"https:\/\/arantv.az\/index.php?rest_route=%2Fwp%2Fv2%2Fcomments&post=626189"}],"version-history":[{"count":0,"href":"https:\/\/arantv.az\/index.php?rest_route=\/wp\/v2\/posts\/626189\/revisions"}],"wp:featuredmedia":[{"embeddable":true,"href":"https:\/\/arantv.az\/index.php?rest_route=\/wp\/v2\/media\/626190"}],"wp:attachment":[{"href":"https:\/\/arantv.az\/index.php?rest_route=%2Fwp%2Fv2%2Fmedia&parent=626189"}],"wp:term":[{"taxonomy":"category","embeddable":true,"href":"https:\/\/arantv.az\/index.php?rest_route=%2Fwp%2Fv2%2Fcategories&post=626189"},{"taxonomy":"post_tag","embeddable":true,"href":"https:\/\/arantv.az\/index.php?rest_route=%2Fwp%2Fv2%2Ftags&post=626189"}],"curies":[{"name":"wp","href":"https:\/\/api.w.org\/{rel}","templated":true}]}}