{"id":626284,"date":"2023-08-30T14:48:12","date_gmt":"2023-08-30T10:48:12","guid":{"rendered":"https:\/\/arantv.az\/?p=626284"},"modified":"2023-08-30T14:48:12","modified_gmt":"2023-08-30T10:48:12","slug":"turkiy%c9%99-xin-r%c9%99hb%c9%99ri-rusiyaya-s%c9%99f%c9%99r-ed%c9%99c%c9%99k","status":"publish","type":"post","link":"https:\/\/arantv.az\/?p=626284","title":{"rendered":"T\u00fcrkiy\u0259 X\u0130N r\u0259hb\u0259ri Rusiyaya s\u0259f\u0259r ed\u0259c\u0259k"},"content":{"rendered":"<p>T\u00fcrkiy\u0259 Xarici \u0130\u015fl\u0259r Nazirliyinin r\u0259hb\u0259ri Hakan Fidan 31 avqust-1 sentyabr tarixl\u0259rind\u0259 Rusiyaya s\u0259f\u0259r ed\u0259c\u0259k. O,\u00a0Rusiyan\u0131n xarici i\u015fl\u0259r naziri Sergey Lavrovla \u0259n y\u00fcks\u0259k s\u0259viyy\u0259d\u0259 t\u0259maslar\u0131n c\u0259dv\u0259lini v\u0259 Ukraynadak\u0131 v\u0259ziyy\u0259ti m\u00fczakir\u0259 ed\u0259c\u0259k.<\/p>\n<p>Bu bar\u0259d\u0259 Rusiya X\u0130N-in r\u0259smi n\u00fcmay\u0259nd\u0259si Mariya Zaxarova m\u0259lumat verib.<\/p>\n<p>\u201cSentyabr\u0131n 9-10-da Lavrov G20 sammitinin iki plenar sessiyas\u0131nda \u00e7\u0131x\u0131\u015f ed\u0259c\u0259k, eyni zamanda bir s\u0131ra ikit\u0259r\u0259fli dan\u0131\u015f\u0131qlar n\u0259z\u0259rd\u0259 tutulur\u201d, &#8211; dey\u0259 Zaxarova \u0259lav\u0259 edib.<\/p>\n<p>M\u0259nb\u0259: TASS<\/p>\n","protected":false},"excerpt":{"rendered":"<p>T\u00fcrkiy\u0259 Xarici \u0130\u015fl\u0259r Nazirliyinin r\u0259hb\u0259ri Hakan Fidan 31 avqust-1 sentyabr tarixl\u0259rind\u0259 Rusiyaya s\u0259f\u0259r ed\u0259c\u0259k. O,\u00a0Rusiyan\u0131n xarici i\u015fl\u0259r naziri Sergey Lavrovla \u0259n y\u00fcks\u0259k s\u0259viyy\u0259d\u0259 t\u0259maslar\u0131n c\u0259dv\u0259lini v\u0259 Ukraynadak\u0131 v\u0259ziyy\u0259ti m\u00fczakir\u0259 ed\u0259c\u0259k. Bu bar\u0259d\u0259 Rusiya X\u0130N-in r\u0259smi n\u00fcmay\u0259nd\u0259si Mariya Zaxarova m\u0259lumat verib. \u201cSentyabr\u0131n 9-10-da Lavrov G20 sammitinin iki plenar sessiyas\u0131nda \u00e7\u0131x\u0131\u015f ed\u0259c\u0259k, eyni zamanda bir s\u0131ra ikit\u0259r\u0259fli dan\u0131\u015f\u0131qlar n\u0259z\u0259rd\u0259 tutulur\u201d, &#8211; dey\u0259 Zaxarova \u0259lav\u0259 edib. M\u0259nb\u0259: TASS<\/p>\n","protected":false},"author":2,"featured_media":626287,"comment_status":"closed","ping_status":"closed","sticky":false,"template":"","format":"standard","meta":{"om_disable_all_campaigns":false,"_monsterinsights_skip_tracking":false,"_monsterinsights_sitenote_active":false,"_monsterinsights_sitenote_note":"","_monsterinsights_sitenote_category":0},"categories":[7],"tags":[],"aioseo_notices":[],"gutentor_comment":0,"rttpg_featured_image_url":{"full":["https:\/\/arantv.az\/wp-content\/uploads\/2023\/08\/FotoJet-15-3.jpg",620,413,false],"landscape":["https:\/\/arantv.az\/wp-content\/uploads\/2023\/08\/FotoJet-15-3.jpg",620,413,false],"portraits":["https:\/\/arantv.az\/wp-content\/uploads\/2023\/08\/FotoJet-15-3.jpg",620,413,false],"thumbnail":["https:\/\/arantv.az\/wp-content\/uploads\/2023\/08\/FotoJet-15-3-500x280.jpg",500,280,true],"medium":["https:\/\/arantv.az\/wp-content\/uploads\/2023\/08\/FotoJet-15-3-548x365.jpg",548,365,true],"large":["https:\/\/arantv.az\/wp-content\/uploads\/2023\/08\/FotoJet-15-3.jpg",620,413,false],"1536x1536":["https:\/\/arantv.az\/wp-content\/uploads\/2023\/08\/FotoJet-15-3.jpg",620,413,false],"2048x2048":["https:\/\/arantv.az\/wp-content\/uploads\/2023\/08\/FotoJet-15-3.jpg",620,413,false],"post-thumbnail":["https:\/\/arantv.az\/wp-content\/uploads\/2023\/08\/FotoJet-15-3-240x172.jpg",240,172,true],"advps-thumb-one":["https:\/\/arantv.az\/wp-content\/uploads\/2023\/08\/FotoJet-15-3.jpg",620,413,false]},"rttpg_author":{"display_name":"V\u00fcsal Rafiqo\u011flu","author_link":"https:\/\/arantv.az\/?author=2"},"rttpg_comment":0,"rttpg_category":"<a href=\"https:\/\/arantv.az\/?cat=7\" rel=\"category\">D\u00fcnya<\/a>","rttpg_excerpt":"T\u00fcrkiy\u0259 Xarici \u0130\u015fl\u0259r Nazirliyinin r\u0259hb\u0259ri Hakan Fidan 31 avqust-1 sentyabr tarixl\u0259rind\u0259 Rusiyaya s\u0259f\u0259r ed\u0259c\u0259k. O,\u00a0Rusiyan\u0131n xarici i\u015fl\u0259r naziri Sergey Lavrovla \u0259n y\u00fcks\u0259k s\u0259viyy\u0259d\u0259 t\u0259maslar\u0131n c\u0259dv\u0259lini v\u0259 Ukraynadak\u0131 v\u0259ziyy\u0259ti m\u00fczakir\u0259 ed\u0259c\u0259k. Bu bar\u0259d\u0259 Rusiya X\u0130N-in r\u0259smi n\u00fcmay\u0259nd\u0259si Mariya Zaxarova m\u0259lumat verib. \u201cSentyabr\u0131n 9-10-da Lavrov G20 sammitinin iki plenar sessiyas\u0131nda \u00e7\u0131x\u0131\u015f ed\u0259c\u0259k, eyni zamanda bir s\u0131ra ikit\u0259r\u0259fli&hellip;","_links":{"self":[{"href":"https:\/\/arantv.az\/index.php?rest_route=\/wp\/v2\/posts\/626284"}],"collection":[{"href":"https:\/\/arantv.az\/index.php?rest_route=\/wp\/v2\/posts"}],"about":[{"href":"https:\/\/arantv.az\/index.php?rest_route=\/wp\/v2\/types\/post"}],"author":[{"embeddable":true,"href":"https:\/\/arantv.az\/index.php?rest_route=\/wp\/v2\/users\/2"}],"replies":[{"embeddable":true,"href":"https:\/\/arantv.az\/index.php?rest_route=%2Fwp%2Fv2%2Fcomments&post=626284"}],"version-history":[{"count":0,"href":"https:\/\/arantv.az\/index.php?rest_route=\/wp\/v2\/posts\/626284\/revisions"}],"wp:featuredmedia":[{"embeddable":true,"href":"https:\/\/arantv.az\/index.php?rest_route=\/wp\/v2\/media\/626287"}],"wp:attachment":[{"href":"https:\/\/arantv.az\/index.php?rest_route=%2Fwp%2Fv2%2Fmedia&parent=626284"}],"wp:term":[{"taxonomy":"category","embeddable":true,"href":"https:\/\/arantv.az\/index.php?rest_route=%2Fwp%2Fv2%2Fcategories&post=626284"},{"taxonomy":"post_tag","embeddable":true,"href":"https:\/\/arantv.az\/index.php?rest_route=%2Fwp%2Fv2%2Ftags&post=626284"}],"curies":[{"name":"wp","href":"https:\/\/api.w.org\/{rel}","templated":true}]}}