{"id":626301,"date":"2023-08-30T14:50:40","date_gmt":"2023-08-30T10:50:40","guid":{"rendered":"https:\/\/arantv.az\/?p=626301"},"modified":"2023-08-30T14:50:40","modified_gmt":"2023-08-30T10:50:40","slug":"v%c9%99zif%c9%99-s%c9%99lahiyy%c9%99tl%c9%99rind%c9%99n-sui-istifad%c9%99-ed%c9%99n-kecmis-m%c9%99mur-m%c9%99hk%c9%99m%c9%99-zalinda-h%c9%99bs-olundu","status":"publish","type":"post","link":"https:\/\/arantv.az\/?p=626301","title":{"rendered":"V\u0259zif\u0259 s\u0259lahiyy\u0259tl\u0259rind\u0259n sui-istifad\u0259 ed\u0259n ke\u00e7mi\u015f m\u0259mur m\u0259hk\u0259m\u0259 zal\u0131nda h\u0259bs olundu"},"content":{"rendered":"<p>Sumqay\u0131t \u015e\u0259h\u0259r M\u0259hk\u0259m\u0259sind\u0259 v\u0259zif\u0259 s\u0259lahiyy\u0259tl\u0259rind\u0259n sui-istifad\u0259 etm\u0259kd\u0259 t\u0259qsirl\u0259ndiril\u0259n Ziyad \u018fliyevin (\u015f\u0259rti) cinay\u0259t i\u015fi \u00fczr\u0259 m\u0259hk\u0259m\u0259 istintaq\u0131 yekunla\u015f\u0131b.<\/p>\n<p>Pravda.az-\u0131n \u0259ld\u0259 etdiyi m\u0259lumata g\u00f6r\u0259, hakim Ramiz Quliyevin s\u0259drliyi il\u0259 ke\u00e7iril\u0259n prosesd\u0259 h\u00f6km oxunub.<\/p>\n<p>M\u0259hk\u0259m\u0259nin h\u00f6km\u00fc il\u0259 Z.\u018fliyev bir il m\u00fcdd\u0259tin\u0259 azadl\u0131qdan m\u0259hrumetm\u0259 c\u0259zas\u0131na m\u0259hkum edilib. H\u00f6kmd\u0259 qeyd olunub ki, Ziyad \u018fliyev c\u0259zas\u0131n\u0131 \u00fcmumi rejimli c\u0259za\u00e7\u0259km\u0259 m\u00fc\u0259ssis\u0259sind\u0259 \u00e7\u0259k\u0259c\u0259k. Onun bar\u0259sind\u0259 se\u00e7ilmi\u015f ba\u015fqa yer\u0259 getm\u0259m\u0259k haqq\u0131nda iltizam q\u0259timkan t\u0259dbiri d\u0259yi\u015fdiril\u0259r\u0259k h\u0259bs q\u0259timkan t\u0259dbiri se\u00e7ilib v\u0259 m\u0259hk\u0259m\u0259 iclas zal\u0131nda d\u0259rhal h\u0259bs edilib. H\u00f6kmd\u0259n naraz\u0131 qalan m\u0259hkum apellyasiya \u015fikay\u0259ti verib. Sumqay\u0131t Apellyasiya M\u0259hk\u0259m\u0259si \u015fikay\u0259ti t\u0259min etm\u0259yib.<\/p>\n<p>\u0130ttihama g\u00f6r\u0259, Sumqay\u0131t \u015f\u0259h\u0259r 12 sayl\u0131 M\u0259nzil-Kommunal Sah\u0259sinin r\u0259isi v\u0259zif\u0259sind\u0259 i\u015fl\u0259mi\u015f Ziyad \u018fliyev Cinay\u0259t M\u0259c\u0259ll\u0259sinin 308.1-ci (V\u0259zif\u0259 s\u0259lahiyy\u0259tl\u0259rind\u0259n sui-istifad\u0259) madd\u0259si il\u0259 t\u0259qsirli bilinib. Cinay\u0259t materiallar\u0131nda qeyd olunub ki, Ziyad \u018fliyev v\u0259zif\u0259li \u015f\u0259xs kimi r\u0259smi s\u0259n\u0259d\u0259 bil\u0259-bil\u0259 yalan m\u0259lumatlar\u0131 daxil etm\u0259kl\u0259 v\u0259zif\u0259 saxtakarl\u0131\u011f\u0131 t\u00f6r\u0259dib.<\/p>\n","protected":false},"excerpt":{"rendered":"<p>Sumqay\u0131t \u015e\u0259h\u0259r M\u0259hk\u0259m\u0259sind\u0259 v\u0259zif\u0259 s\u0259lahiyy\u0259tl\u0259rind\u0259n sui-istifad\u0259 etm\u0259kd\u0259 t\u0259qsirl\u0259ndiril\u0259n Ziyad \u018fliyevin (\u015f\u0259rti) cinay\u0259t i\u015fi \u00fczr\u0259 m\u0259hk\u0259m\u0259 istintaq\u0131 yekunla\u015f\u0131b. Pravda.az-\u0131n \u0259ld\u0259 etdiyi m\u0259lumata g\u00f6r\u0259, hakim Ramiz Quliyevin s\u0259drliyi il\u0259 ke\u00e7iril\u0259n prosesd\u0259 h\u00f6km oxunub. M\u0259hk\u0259m\u0259nin h\u00f6km\u00fc il\u0259 Z.\u018fliyev bir il m\u00fcdd\u0259tin\u0259 azadl\u0131qdan m\u0259hrumetm\u0259 c\u0259zas\u0131na m\u0259hkum edilib. H\u00f6kmd\u0259 qeyd olunub ki, Ziyad \u018fliyev c\u0259zas\u0131n\u0131 \u00fcmumi rejimli c\u0259za\u00e7\u0259km\u0259 m\u00fc\u0259ssis\u0259sind\u0259 \u00e7\u0259k\u0259c\u0259k. Onun bar\u0259sind\u0259 se\u00e7ilmi\u015f ba\u015fqa yer\u0259 getm\u0259m\u0259k haqq\u0131nda iltizam q\u0259timkan t\u0259dbiri d\u0259yi\u015fdiril\u0259r\u0259k h\u0259bs q\u0259timkan t\u0259dbiri se\u00e7ilib v\u0259 m\u0259hk\u0259m\u0259 iclas zal\u0131nda d\u0259rhal h\u0259bs edilib. H\u00f6kmd\u0259n naraz\u0131 qalan m\u0259hkum apellyasiya \u015fikay\u0259ti verib. Sumqay\u0131t Apellyasiya M\u0259hk\u0259m\u0259si \u015fikay\u0259ti t\u0259min etm\u0259yib.&hellip;<\/p>\n","protected":false},"author":2,"featured_media":626303,"comment_status":"closed","ping_status":"closed","sticky":false,"template":"","format":"standard","meta":{"om_disable_all_campaigns":false,"_monsterinsights_skip_tracking":false,"_monsterinsights_sitenote_active":false,"_monsterinsights_sitenote_note":"","_monsterinsights_sitenote_category":0},"categories":[5],"tags":[],"aioseo_notices":[],"gutentor_comment":0,"rttpg_featured_image_url":{"full":["https:\/\/arantv.az\/wp-content\/uploads\/2023\/08\/qas.jpg",620,413,false],"landscape":["https:\/\/arantv.az\/wp-content\/uploads\/2023\/08\/qas.jpg",620,413,false],"portraits":["https:\/\/arantv.az\/wp-content\/uploads\/2023\/08\/qas.jpg",620,413,false],"thumbnail":["https:\/\/arantv.az\/wp-content\/uploads\/2023\/08\/qas-500x280.jpg",500,280,true],"medium":["https:\/\/arantv.az\/wp-content\/uploads\/2023\/08\/qas-548x365.jpg",548,365,true],"large":["https:\/\/arantv.az\/wp-content\/uploads\/2023\/08\/qas.jpg",620,413,false],"1536x1536":["https:\/\/arantv.az\/wp-content\/uploads\/2023\/08\/qas.jpg",620,413,false],"2048x2048":["https:\/\/arantv.az\/wp-content\/uploads\/2023\/08\/qas.jpg",620,413,false],"post-thumbnail":["https:\/\/arantv.az\/wp-content\/uploads\/2023\/08\/qas-240x172.jpg",240,172,true],"advps-thumb-one":["https:\/\/arantv.az\/wp-content\/uploads\/2023\/08\/qas.jpg",620,413,false]},"rttpg_author":{"display_name":"V\u00fcsal Rafiqo\u011flu","author_link":"https:\/\/arantv.az\/?author=2"},"rttpg_comment":0,"rttpg_category":"<a href=\"https:\/\/arantv.az\/?cat=5\" rel=\"category\">Hadis\u0259<\/a>","rttpg_excerpt":"Sumqay\u0131t \u015e\u0259h\u0259r M\u0259hk\u0259m\u0259sind\u0259 v\u0259zif\u0259 s\u0259lahiyy\u0259tl\u0259rind\u0259n sui-istifad\u0259 etm\u0259kd\u0259 t\u0259qsirl\u0259ndiril\u0259n Ziyad \u018fliyevin (\u015f\u0259rti) cinay\u0259t i\u015fi \u00fczr\u0259 m\u0259hk\u0259m\u0259 istintaq\u0131 yekunla\u015f\u0131b. Pravda.az-\u0131n \u0259ld\u0259 etdiyi m\u0259lumata g\u00f6r\u0259, hakim Ramiz Quliyevin s\u0259drliyi il\u0259 ke\u00e7iril\u0259n prosesd\u0259 h\u00f6km oxunub. M\u0259hk\u0259m\u0259nin h\u00f6km\u00fc il\u0259 Z.\u018fliyev bir il m\u00fcdd\u0259tin\u0259 azadl\u0131qdan m\u0259hrumetm\u0259 c\u0259zas\u0131na m\u0259hkum edilib. H\u00f6kmd\u0259 qeyd olunub ki, Ziyad \u018fliyev c\u0259zas\u0131n\u0131 \u00fcmumi rejimli c\u0259za\u00e7\u0259km\u0259 m\u00fc\u0259ssis\u0259sind\u0259 \u00e7\u0259k\u0259c\u0259k.&hellip;","_links":{"self":[{"href":"https:\/\/arantv.az\/index.php?rest_route=\/wp\/v2\/posts\/626301"}],"collection":[{"href":"https:\/\/arantv.az\/index.php?rest_route=\/wp\/v2\/posts"}],"about":[{"href":"https:\/\/arantv.az\/index.php?rest_route=\/wp\/v2\/types\/post"}],"author":[{"embeddable":true,"href":"https:\/\/arantv.az\/index.php?rest_route=\/wp\/v2\/users\/2"}],"replies":[{"embeddable":true,"href":"https:\/\/arantv.az\/index.php?rest_route=%2Fwp%2Fv2%2Fcomments&post=626301"}],"version-history":[{"count":0,"href":"https:\/\/arantv.az\/index.php?rest_route=\/wp\/v2\/posts\/626301\/revisions"}],"wp:featuredmedia":[{"embeddable":true,"href":"https:\/\/arantv.az\/index.php?rest_route=\/wp\/v2\/media\/626303"}],"wp:attachment":[{"href":"https:\/\/arantv.az\/index.php?rest_route=%2Fwp%2Fv2%2Fmedia&parent=626301"}],"wp:term":[{"taxonomy":"category","embeddable":true,"href":"https:\/\/arantv.az\/index.php?rest_route=%2Fwp%2Fv2%2Fcategories&post=626301"},{"taxonomy":"post_tag","embeddable":true,"href":"https:\/\/arantv.az\/index.php?rest_route=%2Fwp%2Fv2%2Ftags&post=626301"}],"curies":[{"name":"wp","href":"https:\/\/api.w.org\/{rel}","templated":true}]}}