{"id":626307,"date":"2023-08-30T14:51:57","date_gmt":"2023-08-30T10:51:57","guid":{"rendered":"https:\/\/arantv.az\/?p=626307"},"modified":"2023-08-30T14:51:57","modified_gmt":"2023-08-30T10:51:57","slug":"pensiyacilarin-sayi-niy%c9%99-azalib-deputat-s%c9%99b%c9%99bl%c9%99ri-aciqladi-foto","status":"publish","type":"post","link":"https:\/\/arantv.az\/?p=626307","title":{"rendered":"Pensiya\u00e7\u0131lar\u0131n say\u0131 niy\u0259 azal\u0131b? &#8211; Deputat S\u018fB\u018fBL\u018fR\u0130 a\u00e7\u0131qlad\u0131 &#8211; FOTO"},"content":{"rendered":"<p>D\u00f6vl\u0259t Sosial M\u00fcdafi\u0259 Fondunun (DSMF) m\u0259lumat\u0131na g\u00f6r\u0259, 2023-c\u00fc il 1 iyul tarixin\u0259 \u00f6lk\u0259d\u0259 1 milyon 96 min n\u0259f\u0259r pensiya\u00e7\u0131 qeydiyyatda olub. Y\u0259ni\u00a0\u00f6lk\u0259 \u0259halisinin 10,8 faizi pensiya\u00e7\u0131d\u0131r. Onlar\u0131n 64,1 faizi ya\u015fa, 23,6 faizi \u0259lilliy\u0259, 12,3 faizi is\u0259 ail\u0259 ba\u015f\u00e7\u0131s\u0131n\u0131 itirm\u0259y\u0259 g\u00f6r\u0259 pensiya al\u0131r.<\/p>\n<p><b>ARANTV.AZ <\/b>x\u0259b\u0259r verir ki. bu bar\u0259d\u0259 mill\u0259t v\u0259kili V\u00fcqar Bayramov bildirib.<\/p>\n<p>&nbsp;<\/p>\n<div class=\"gallery\">\n<div class=\"gallery-i\"><img src=\"https:\/\/cdn.oxu.az\/uploads\/W1siZiIsIjIwMjMvMDgvMzAvMTMvMDUvMjAvZWI4NTNhODktMjZkZi00YzJjLWI3YzAtZTdjNWQwODg4NDIwL1NjSzc4OUhHU0drQ3hpNW8zR2NaTVBPMVZ2SEJPMjBZOWdzZGJ3Q2UgKDEpLmpwZyJdLFsicCIsImVuY29kZSIsImpwZyIsIi1xdWFsaXR5IDgwIl0sWyJwIiwidGh1bWIiLCI1OTB4NTkwXHUwMDNlIl1d?sha=71315d4d62886d1d\" alt=\"\" \/><\/p>\n<div class=\"gallery-i-caption\"><\/div>\n<\/div>\n<\/div>\n<p>Onun s\u00f6zl\u0259rin\u0259 g\u00f6r\u0259, \u00f6t\u0259n ilin iyulun 1-i il\u0259 m\u00fcqayis\u0259d\u0259 qeydiyyatda olan pensiya\u00e7\u0131lar\u0131n say\u0131 is\u0259 5,4 faiz azal\u0131b:<\/p>\n<p>\u201cY\u0259ni\u00a0\u00f6t\u0259n ilin iyul ay\u0131nda Az\u0259rbaycanda pensiya alanlar\u0131n say\u0131 daha \u00e7ox idi. Pensiya\u00e7\u0131lar\u0131n say\u0131n\u0131n azalmas\u0131n\u0131n \u0259sas s\u0259b\u0259bl\u0259rind\u0259n biri \u0259lilliy\u0259 g\u00f6r\u0259 pensiya alanlar\u0131n say\u0131nda qeyd\u0259 al\u0131nan ikir\u0259q\u0259mli azalmad\u0131r. Bel\u0259 ki, \u0259lilliy\u0259 g\u00f6r\u0259 pensiya alanlar\u0131n say\u0131 16,4 faiz azal\u0131b. Buna s\u0259b\u0259b \u0259lilliyin yenid\u0259n qiym\u0259tl\u0259ndirilm\u0259si zaman\u0131 imtinalar\u0131n say\u0131n\u0131n \u0259vv\u0259lki d\u00f6vrl\u0259rl\u0259 m\u00fcqayis\u0259d\u0259 artmas\u0131 v\u0259 meyarlar\u0131n d\u0259yi\u015fdirilm\u0259sidir. Bu kateqoriya \u00fczr\u0259 azalmalar \u00fcmumi pensiya\u00e7\u0131lar\u0131n say\u0131na birba\u015fa t\u0259sir g\u00f6st\u0259rib. Dig\u0259r t\u0259r\u0259fd\u0259n, ail\u0259 ba\u015f\u00e7\u0131s\u0131n\u0131 itirm\u0259y\u0259 g\u00f6r\u0259 pensiya alanlar\u0131n say\u0131nda da azalma qeyd\u0259 al\u0131n\u0131b: 9,7 faiz\u201d.<\/p>\n<p>\u0130qtisad\u00e7\u0131 alim qeyd edib ki, b\u00fct\u00fcn bunlarla yana\u015f\u0131, DSMF-in m\u0259lumat\u0131na g\u00f6r\u0259, h\u0259min d\u00f6vr\u0259 ya\u015fa g\u00f6r\u0259 pensiya alanlar\u0131n say\u0131 is\u0259 0,4 faiz art\u0131b. Bu ya\u015fa g\u00f6r\u0259 pensiya alanlar\u0131n say\u0131nda ki\u00e7ik d\u0259 olsa, art\u0131m\u0131n qeyd\u0259 al\u0131nmas\u0131 anlam\u0131na g\u0259lir. Orta pensiya m\u0259bl\u0259\u011fi \u00f6t\u0259n ilin uy\u011fun d\u00f6vr\u00fc il\u0259 m\u00fcqayis\u0259d\u0259 18,2 faiz artaraq 435,0 manat olub. \u018fm\u0259k pensiyas\u0131n\u0131n minimum m\u0259bl\u0259\u011fi is\u0259 16,7 faiz art\u0131r\u0131laraq 2023-c\u00fc ilin 1 fevral tarixind\u0259n 280 manat m\u00fc\u0259yy\u0259n edilib.<\/p>\n<p>\u201cQeyd ed\u0259k ki, pensiya islahatlar\u0131 \u00e7\u0259r\u00e7iv\u0259sind\u0259 pensiya kapital\u0131ndan daha s\u0259m\u0259r\u0259li istifad\u0259, minimum kapital y\u0131\u011f\u0131m\u0131 il\u0259 yana\u015f\u0131 orta h\u0259ddin m\u00fc\u0259yy\u0259nl\u0259\u015fdiril\u0259r\u0259k kapital\u0131n h\u0259cmind\u0259n as\u0131l\u0131 olaraq daha erk\u0259n pensiyaya \u00e7\u0131xmaq h\u00fcququnun verilm\u0259si, pensiya kapital\u0131n\u0131n bir hiss\u0259sinin v\u0259r\u0259s\u0259y\u0259 transfer olunmas\u0131 hallar\u0131n\u0131n m\u00fc\u0259yy\u0259nl\u0259\u015fdirilm\u0259si, qad\u0131n pensiya\u00e7\u0131lar\u0131n pensiya kapital\u0131n\u0131n x\u00fcsusi \u0259msala vurularaq art\u0131r\u0131lmas\u0131 kimi t\u0259klifl\u0259rimizi t\u0259qdim etmi\u015fik\u201d, &#8211; dey\u0259 V\u00fcqar Bayramov \u0259lav\u0259 edib.<\/p>\n","protected":false},"excerpt":{"rendered":"<p>D\u00f6vl\u0259t Sosial M\u00fcdafi\u0259 Fondunun (DSMF) m\u0259lumat\u0131na g\u00f6r\u0259, 2023-c\u00fc il 1 iyul tarixin\u0259 \u00f6lk\u0259d\u0259 1 milyon 96 min n\u0259f\u0259r pensiya\u00e7\u0131 qeydiyyatda olub. Y\u0259ni\u00a0\u00f6lk\u0259 \u0259halisinin 10,8 faizi pensiya\u00e7\u0131d\u0131r. Onlar\u0131n 64,1 faizi ya\u015fa, 23,6 faizi \u0259lilliy\u0259, 12,3 faizi is\u0259 ail\u0259 ba\u015f\u00e7\u0131s\u0131n\u0131 itirm\u0259y\u0259 g\u00f6r\u0259 pensiya al\u0131r. ARANTV.AZ x\u0259b\u0259r verir ki. bu bar\u0259d\u0259 mill\u0259t v\u0259kili V\u00fcqar Bayramov bildirib. &nbsp; Onun s\u00f6zl\u0259rin\u0259 g\u00f6r\u0259, \u00f6t\u0259n ilin iyulun 1-i il\u0259 m\u00fcqayis\u0259d\u0259 qeydiyyatda olan pensiya\u00e7\u0131lar\u0131n say\u0131 is\u0259 5,4 faiz azal\u0131b: \u201cY\u0259ni\u00a0\u00f6t\u0259n ilin iyul ay\u0131nda Az\u0259rbaycanda pensiya alanlar\u0131n say\u0131 daha \u00e7ox idi. Pensiya\u00e7\u0131lar\u0131n say\u0131n\u0131n azalmas\u0131n\u0131n \u0259sas s\u0259b\u0259bl\u0259rind\u0259n biri \u0259lilliy\u0259 g\u00f6r\u0259&hellip;<\/p>\n","protected":false},"author":2,"featured_media":626310,"comment_status":"closed","ping_status":"closed","sticky":false,"template":"","format":"standard","meta":{"om_disable_all_campaigns":false,"_monsterinsights_skip_tracking":false,"_monsterinsights_sitenote_active":false,"_monsterinsights_sitenote_note":"","_monsterinsights_sitenote_category":0},"categories":[19],"tags":[],"aioseo_notices":[],"gutentor_comment":0,"rttpg_featured_image_url":{"full":["https:\/\/arantv.az\/wp-content\/uploads\/2023\/08\/d30fc1eb-9dac-4cc8-9612-a017ee9041be.jpg",620,413,false],"landscape":["https:\/\/arantv.az\/wp-content\/uploads\/2023\/08\/d30fc1eb-9dac-4cc8-9612-a017ee9041be.jpg",620,413,false],"portraits":["https:\/\/arantv.az\/wp-content\/uploads\/2023\/08\/d30fc1eb-9dac-4cc8-9612-a017ee9041be.jpg",620,413,false],"thumbnail":["https:\/\/arantv.az\/wp-content\/uploads\/2023\/08\/d30fc1eb-9dac-4cc8-9612-a017ee9041be-500x280.jpg",500,280,true],"medium":["https:\/\/arantv.az\/wp-content\/uploads\/2023\/08\/d30fc1eb-9dac-4cc8-9612-a017ee9041be-548x365.jpg",548,365,true],"large":["https:\/\/arantv.az\/wp-content\/uploads\/2023\/08\/d30fc1eb-9dac-4cc8-9612-a017ee9041be.jpg",620,413,false],"1536x1536":["https:\/\/arantv.az\/wp-content\/uploads\/2023\/08\/d30fc1eb-9dac-4cc8-9612-a017ee9041be.jpg",620,413,false],"2048x2048":["https:\/\/arantv.az\/wp-content\/uploads\/2023\/08\/d30fc1eb-9dac-4cc8-9612-a017ee9041be.jpg",620,413,false],"post-thumbnail":["https:\/\/arantv.az\/wp-content\/uploads\/2023\/08\/d30fc1eb-9dac-4cc8-9612-a017ee9041be-240x172.jpg",240,172,true],"advps-thumb-one":["https:\/\/arantv.az\/wp-content\/uploads\/2023\/08\/d30fc1eb-9dac-4cc8-9612-a017ee9041be.jpg",620,413,false]},"rttpg_author":{"display_name":"V\u00fcsal Rafiqo\u011flu","author_link":"https:\/\/arantv.az\/?author=2"},"rttpg_comment":0,"rttpg_category":"<a href=\"https:\/\/arantv.az\/?cat=19\" rel=\"category\">G\u00fcnd\u0259m<\/a>","rttpg_excerpt":"D\u00f6vl\u0259t Sosial M\u00fcdafi\u0259 Fondunun (DSMF) m\u0259lumat\u0131na g\u00f6r\u0259, 2023-c\u00fc il 1 iyul tarixin\u0259 \u00f6lk\u0259d\u0259 1 milyon 96 min n\u0259f\u0259r pensiya\u00e7\u0131 qeydiyyatda olub. Y\u0259ni\u00a0\u00f6lk\u0259 \u0259halisinin 10,8 faizi pensiya\u00e7\u0131d\u0131r. Onlar\u0131n 64,1 faizi ya\u015fa, 23,6 faizi \u0259lilliy\u0259, 12,3 faizi is\u0259 ail\u0259 ba\u015f\u00e7\u0131s\u0131n\u0131 itirm\u0259y\u0259 g\u00f6r\u0259 pensiya al\u0131r. ARANTV.AZ x\u0259b\u0259r verir ki. bu bar\u0259d\u0259 mill\u0259t v\u0259kili V\u00fcqar Bayramov bildirib. &nbsp; Onun&hellip;","_links":{"self":[{"href":"https:\/\/arantv.az\/index.php?rest_route=\/wp\/v2\/posts\/626307"}],"collection":[{"href":"https:\/\/arantv.az\/index.php?rest_route=\/wp\/v2\/posts"}],"about":[{"href":"https:\/\/arantv.az\/index.php?rest_route=\/wp\/v2\/types\/post"}],"author":[{"embeddable":true,"href":"https:\/\/arantv.az\/index.php?rest_route=\/wp\/v2\/users\/2"}],"replies":[{"embeddable":true,"href":"https:\/\/arantv.az\/index.php?rest_route=%2Fwp%2Fv2%2Fcomments&post=626307"}],"version-history":[{"count":0,"href":"https:\/\/arantv.az\/index.php?rest_route=\/wp\/v2\/posts\/626307\/revisions"}],"wp:featuredmedia":[{"embeddable":true,"href":"https:\/\/arantv.az\/index.php?rest_route=\/wp\/v2\/media\/626310"}],"wp:attachment":[{"href":"https:\/\/arantv.az\/index.php?rest_route=%2Fwp%2Fv2%2Fmedia&parent=626307"}],"wp:term":[{"taxonomy":"category","embeddable":true,"href":"https:\/\/arantv.az\/index.php?rest_route=%2Fwp%2Fv2%2Fcategories&post=626307"},{"taxonomy":"post_tag","embeddable":true,"href":"https:\/\/arantv.az\/index.php?rest_route=%2Fwp%2Fv2%2Ftags&post=626307"}],"curies":[{"name":"wp","href":"https:\/\/api.w.org\/{rel}","templated":true}]}}