{"id":626309,"date":"2023-08-30T14:52:31","date_gmt":"2023-08-30T10:52:31","guid":{"rendered":"https:\/\/arantv.az\/?p=626309"},"modified":"2023-08-30T14:52:31","modified_gmt":"2023-08-30T10:52:31","slug":"g%c9%99nc%c9%99d%c9%99-bas-ver%c9%99n-d%c9%99hs%c9%99tli-q%c9%99tlin-t%c9%99f%c9%99rruati-video","status":"publish","type":"post","link":"https:\/\/arantv.az\/?p=626309","title":{"rendered":"G\u0259nc\u0259d\u0259 ba\u015f ver\u0259n d\u0259h\u015f\u0259tli q\u0259tlin t\u0259f\u0259rr\u00fcat\u0131 &#8211; V\u0130DEO"},"content":{"rendered":"<article class=\"news\">\n<div class=\"news-inner\">\n<p>G\u0259nc\u0259 \u015f\u0259h\u0259r Nizami rayonunun sakinl\u0259rind\u0259n biri \u015f\u0259h\u0259rin Ba\u015f Polis \u0130dar\u0259sin\u0259 z\u0259ng ed\u0259r\u0259k ya\u015fad\u0131\u011f\u0131 \u00fcnvanda q\u0259tl t\u00f6r\u0259tdiyi bar\u0259d\u0259 m\u0259lumat verib v\u0259 k\u00f6n\u00fcll\u00fc olaraq polis\u0259 t\u0259slim olma\u011fa ist\u0259diyini bildirib.<\/p>\n<p>D\u0259rhal rayonun G\u0259nc\u0259vi k\u00fc\u00e7\u0259si, 211 \u00fcnvan\u0131na yollanan \u0259m\u0259liyyat qrupu h\u0259y\u0259t\u0259 gir\u0259rk\u0259n \u0259trafda \u00e7oxlu qan izl\u0259ri a\u015fkar edib.<\/p>\n<p>Hadis\u0259nin motivind\u0259n x\u0259b\u0259rsiz olan polisin ilk i\u015fi hadis\u0259ni t\u00f6r\u0259tdiyini etiraf ed\u0259r\u0259k h\u0259min \u00fcnvanda onlar\u0131 g\u00f6zl\u0259y\u0259n \u015f\u0259xsin kimliyini m\u00fc\u0259yy\u0259nl\u0259\u015fdirm\u0259k olub v\u0259 m\u00fc\u0259yy\u0259n edilib ki, h\u0259min \u00fcnvanda iki bac\u0131s\u0131 v\u0259 n\u0259n\u0259si il\u0259 ya\u015fayan 1997-ci il t\u0259v\u0259ll\u00fcdl\u00fc \u015eahlar \u018fliyev, q\u0259tl\u0259 yetiril\u0259n \u015f\u0259xs is\u0259 G\u0259nc\u0259 sakini 1995-ci il t\u0259v\u0259ll\u00fcdl\u00fc \u0130mam\u0259ddin Hac\u0131yevdir. Onun bo\u011faz\u0131 k\u0259silmi\u015f v\u0259ziyy\u0259td\u0259 olan meyiti is\u0259 h\u0259y\u0259td\u0259 \u0259\u015fyalar y\u0131\u011f\u0131lan yerd\u0259 a\u015fkar olunub.<\/p>\n<p>\u015eahlar ilkin ifad\u0259si zaman\u0131 \u0130mam\u0259ddini bac\u0131s\u0131 il\u0259 qeyri-r\u0259smi m\u00fcnasib\u0259td\u0259 oldu\u011fu \u00fc\u00e7\u00fcn q\u0259tl\u0259 yetirdiyini deyib.<\/p>\n<p>Q\u0259tl\u0259 yetiril\u0259n \u015f\u0259xsl\u0259 \u015eahlar\u0131n bac\u0131s\u0131n\u0131n m\u00fcnasib\u0259tl\u0259rin\u0259 g\u0259linc\u0259 is\u0259, bu, bir m\u00fcdd\u0259t \u0259vv\u0259l\u0259 t\u0259sad\u00fcf edir. M\u00fcnasib\u0259tl\u0259rini daha da isti etm\u0259k ist\u0259y\u0259n c\u00fctl\u00fck \u015eahlar\u0131n icaz\u0259si il\u0259 evd\u0259 g\u00f6r\u00fc\u015f\u00fcbl\u0259r. Gec\u0259 saat 02:00-d\u0259k s\u00f6hb\u0259tl\u0259\u015fib \u00e7ay i\u00e7ibl\u0259r. \u0130mam\u0259ddin \u0259vv\u0259lc\u0259d\u0259n evin\u0259 ged\u0259c\u0259yini bildirs\u0259 d\u0259, \u015eahlar\u0131 yuxuya ver\u0259nd\u0259n sonra fikrind\u0259n da\u015f\u0131n\u0131b.<\/p>\n<p>Gec\u0259 saat 4 rad\u0259l\u0259rind\u0259 q\u0259fil s\u0259s\u0259 oyanan \u015eahlar g\u00f6z\u00fc il\u0259 g\u00f6rd\u00fcy\u00fcn\u0259 inanmay\u0131b: Bac\u0131s\u0131n\u0131n v\u0259 \u0130mam\u0259ddinin \u0259yinl\u0259rind\u0259 yaln\u0131z alt paltarlar\u0131 olub.<\/p>\n<p>\u015eahlar bac\u0131s\u0131 il\u0259 \u0130mam\u0259ddini m\u0259lum v\u0259ziyy\u0259td\u0259 g\u00f6r\u0259nd\u0259n sonra onlar\u0131n \u0259xlaqs\u0131zl\u0131q etdiyini d\u00fc\u015f\u00fcn\u00fcb\u00a0v\u0259 \u0130mam\u0259ddini \u00f6ld\u00fcrm\u0259k q\u0259rar\u0131na g\u0259lib. Bir m\u00fcdd\u0259t \u0259vv\u0259l \u0130mam\u0259ddinin ona ba\u011f\u0131\u015flad\u0131\u011f\u0131 b\u0131\u00e7a\u011f\u0131 ehmalca yast\u0131\u011f\u0131n\u0131n alt\u0131ndan g\u00f6t\u00fcr\u0259r\u0259k q\u0259fil onun \u00fcst\u00fcn\u0259 at\u0131l\u0131b.<\/p>\n<p>\u0130mam\u0259ddinin bo\u011faz nahiy\u0259sin\u0259 daha bir ne\u00e7\u0259 x\u0259sar\u0259t yetir\u0259n \u015eahlar n\u00f6vb\u0259ti z\u0259rb\u0259ni ba\u015f\u0131ndan vurmaq ist\u0259y\u0259rk\u0259n b\u0131\u00e7a\u011f\u0131n tiy\u0259si qatlanaraq \u00f6z \u0259lini k\u0259sib. \u0130mam\u0259ddinin ald\u0131\u011f\u0131 x\u0259sar\u0259tl\u0259rd\u0259n ke\u00e7indiyin\u0259 \u0259min olan \u015eahlar onu s\u00fcr\u00fcy\u0259r\u0259k h\u0259y\u0259t\u0259 aparark\u0259n bac\u0131s\u0131 yuxudan oyan\u0131b\u00a0v\u0259 q\u0131\u015fq\u0131rma\u011fa ba\u015flay\u0131b. M\u0259hz bundan sonra onun dig\u0259r bac\u0131s\u0131 v\u0259 n\u0259n\u0259si hadis\u0259d\u0259n x\u0259b\u0259r tutublar.<\/p>\n<p>G\u0259nc\u0259 A\u011f\u0131r Cinay\u0259tl\u0259r M\u0259hk\u0259m\u0259sinin h\u00f6km\u00fc il\u0259 \u015eahlar \u018fliyev 8 il 6 ay m\u00fcdd\u0259tin\u0259 azadl\u0131qdan m\u0259hrum edilib.<\/p>\n<p>\u018ftrafl\u0131 Baku TV-nin videosunu t\u0259qdim edirik:<\/p>\n<div><iframe loading=\"lazy\" title=\"YouTube video player\" src=\"https:\/\/www.youtube.com\/embed\/plprN-MsLLU?si=HMCMxvDR39iP-RIN\" width=\"560\" height=\"315\" frameborder=\"0\" allowfullscreen=\"allowfullscreen\" data-mce-fragment=\"1\"><\/iframe><\/div>\n<\/div>\n<\/article>\n","protected":false},"excerpt":{"rendered":"<p>G\u0259nc\u0259 \u015f\u0259h\u0259r Nizami rayonunun sakinl\u0259rind\u0259n biri \u015f\u0259h\u0259rin Ba\u015f Polis \u0130dar\u0259sin\u0259 z\u0259ng ed\u0259r\u0259k ya\u015fad\u0131\u011f\u0131 \u00fcnvanda q\u0259tl t\u00f6r\u0259tdiyi bar\u0259d\u0259 m\u0259lumat verib v\u0259 k\u00f6n\u00fcll\u00fc olaraq polis\u0259 t\u0259slim olma\u011fa ist\u0259diyini bildirib. D\u0259rhal rayonun G\u0259nc\u0259vi k\u00fc\u00e7\u0259si, 211 \u00fcnvan\u0131na yollanan \u0259m\u0259liyyat qrupu h\u0259y\u0259t\u0259 gir\u0259rk\u0259n \u0259trafda \u00e7oxlu qan izl\u0259ri a\u015fkar edib. Hadis\u0259nin motivind\u0259n x\u0259b\u0259rsiz olan polisin ilk i\u015fi hadis\u0259ni t\u00f6r\u0259tdiyini etiraf ed\u0259r\u0259k h\u0259min \u00fcnvanda onlar\u0131 g\u00f6zl\u0259y\u0259n \u015f\u0259xsin kimliyini m\u00fc\u0259yy\u0259nl\u0259\u015fdirm\u0259k olub v\u0259 m\u00fc\u0259yy\u0259n edilib ki, h\u0259min \u00fcnvanda iki bac\u0131s\u0131 v\u0259 n\u0259n\u0259si il\u0259 ya\u015fayan 1997-ci il t\u0259v\u0259ll\u00fcdl\u00fc \u015eahlar \u018fliyev, q\u0259tl\u0259 yetiril\u0259n \u015f\u0259xs is\u0259 G\u0259nc\u0259 sakini 1995-ci il t\u0259v\u0259ll\u00fcdl\u00fc \u0130mam\u0259ddin&hellip;<\/p>\n","protected":false},"author":2,"featured_media":626313,"comment_status":"closed","ping_status":"closed","sticky":false,"template":"","format":"standard","meta":{"om_disable_all_campaigns":false,"_monsterinsights_skip_tracking":false,"_monsterinsights_sitenote_active":false,"_monsterinsights_sitenote_note":"","_monsterinsights_sitenote_category":0},"categories":[5],"tags":[],"aioseo_notices":[],"gutentor_comment":0,"rttpg_featured_image_url":{"full":["https:\/\/arantv.az\/wp-content\/uploads\/2023\/08\/ddpA\u00b6.jpg",620,413,false],"landscape":["https:\/\/arantv.az\/wp-content\/uploads\/2023\/08\/ddpA\u00b6.jpg",620,413,false],"portraits":["https:\/\/arantv.az\/wp-content\/uploads\/2023\/08\/ddpA\u00b6.jpg",620,413,false],"thumbnail":["https:\/\/arantv.az\/wp-content\/uploads\/2023\/08\/ddpA\u00b6-500x280.jpg",500,280,true],"medium":["https:\/\/arantv.az\/wp-content\/uploads\/2023\/08\/ddpA\u00b6-548x365.jpg",548,365,true],"large":["https:\/\/arantv.az\/wp-content\/uploads\/2023\/08\/ddpA\u00b6.jpg",620,413,false],"1536x1536":["https:\/\/arantv.az\/wp-content\/uploads\/2023\/08\/ddpA\u00b6.jpg",620,413,false],"2048x2048":["https:\/\/arantv.az\/wp-content\/uploads\/2023\/08\/ddpA\u00b6.jpg",620,413,false],"post-thumbnail":["https:\/\/arantv.az\/wp-content\/uploads\/2023\/08\/ddpA\u00b6-240x172.jpg",240,172,true],"advps-thumb-one":["https:\/\/arantv.az\/wp-content\/uploads\/2023\/08\/ddpA\u00b6.jpg",620,413,false]},"rttpg_author":{"display_name":"V\u00fcsal Rafiqo\u011flu","author_link":"https:\/\/arantv.az\/?author=2"},"rttpg_comment":0,"rttpg_category":"<a href=\"https:\/\/arantv.az\/?cat=5\" rel=\"category\">Hadis\u0259<\/a>","rttpg_excerpt":"G\u0259nc\u0259 \u015f\u0259h\u0259r Nizami rayonunun sakinl\u0259rind\u0259n biri \u015f\u0259h\u0259rin Ba\u015f Polis \u0130dar\u0259sin\u0259 z\u0259ng ed\u0259r\u0259k ya\u015fad\u0131\u011f\u0131 \u00fcnvanda q\u0259tl t\u00f6r\u0259tdiyi bar\u0259d\u0259 m\u0259lumat verib v\u0259 k\u00f6n\u00fcll\u00fc olaraq polis\u0259 t\u0259slim olma\u011fa ist\u0259diyini bildirib. D\u0259rhal rayonun G\u0259nc\u0259vi k\u00fc\u00e7\u0259si, 211 \u00fcnvan\u0131na yollanan \u0259m\u0259liyyat qrupu h\u0259y\u0259t\u0259 gir\u0259rk\u0259n \u0259trafda \u00e7oxlu qan izl\u0259ri a\u015fkar edib. Hadis\u0259nin motivind\u0259n x\u0259b\u0259rsiz olan polisin ilk i\u015fi hadis\u0259ni t\u00f6r\u0259tdiyini etiraf ed\u0259r\u0259k&hellip;","_links":{"self":[{"href":"https:\/\/arantv.az\/index.php?rest_route=\/wp\/v2\/posts\/626309"}],"collection":[{"href":"https:\/\/arantv.az\/index.php?rest_route=\/wp\/v2\/posts"}],"about":[{"href":"https:\/\/arantv.az\/index.php?rest_route=\/wp\/v2\/types\/post"}],"author":[{"embeddable":true,"href":"https:\/\/arantv.az\/index.php?rest_route=\/wp\/v2\/users\/2"}],"replies":[{"embeddable":true,"href":"https:\/\/arantv.az\/index.php?rest_route=%2Fwp%2Fv2%2Fcomments&post=626309"}],"version-history":[{"count":0,"href":"https:\/\/arantv.az\/index.php?rest_route=\/wp\/v2\/posts\/626309\/revisions"}],"wp:featuredmedia":[{"embeddable":true,"href":"https:\/\/arantv.az\/index.php?rest_route=\/wp\/v2\/media\/626313"}],"wp:attachment":[{"href":"https:\/\/arantv.az\/index.php?rest_route=%2Fwp%2Fv2%2Fmedia&parent=626309"}],"wp:term":[{"taxonomy":"category","embeddable":true,"href":"https:\/\/arantv.az\/index.php?rest_route=%2Fwp%2Fv2%2Fcategories&post=626309"},{"taxonomy":"post_tag","embeddable":true,"href":"https:\/\/arantv.az\/index.php?rest_route=%2Fwp%2Fv2%2Ftags&post=626309"}],"curies":[{"name":"wp","href":"https:\/\/api.w.org\/{rel}","templated":true}]}}