{"id":626312,"date":"2023-08-30T14:52:59","date_gmt":"2023-08-30T10:52:59","guid":{"rendered":"https:\/\/arantv.az\/?p=626312"},"modified":"2023-08-30T14:52:59","modified_gmt":"2023-08-30T10:52:59","slug":"bos-qalan-twitterd%c9%99-erm%c9%99nil%c9%99r-meydan-sulayir-bir-olmaq-cagirisi-video","status":"publish","type":"post","link":"https:\/\/arantv.az\/?p=626312","title":{"rendered":"Bo\u015f qalan \u201cTwitter\u201dd\u0259 erm\u0259nil\u0259r meydan sulay\u0131r: Bir olmaq \u00e7a\u011f\u0131r\u0131\u015f\u0131 &#8211; V\u0130DEO"},"content":{"rendered":"<article class=\"news\">\n<div class=\"news-inner\">\n<p>\u201cTwitter\u201d sosial \u015f\u0259b\u0259k\u0259sinin aktiv istifad\u0259\u00e7il\u0259rind\u0259n olan Ayb\u0259niz \u0130smay\u0131lova erm\u0259nil\u0259rin qeyri-adekvat v\u0259 a\u00e7\u0131q-a\u015fkar nifr\u0259t t\u0259bli\u011f ed\u0259n \u015f\u0259rhl\u0259rinin h\u0259d\u0259fin\u0259 tu\u015f g\u0259lib.<\/p>\n<p><strong>ARANTV.AZ<\/strong>-\u0131n x\u0259b\u0259r verir ki, Ayb\u0259niz \u0130smay\u0131lova \u201cTwitter\u201d sosial \u015f\u0259b\u0259k\u0259sind\u0259 erm\u0259nil\u0259rin Az\u0259rbaycana qar\u015f\u0131 davam ed\u0259n nifr\u0259t nitqi il\u0259 ba\u011fl\u0131 \u00e7a\u011f\u0131r\u0131\u015f edib.<\/p>\n<p>H\u0259min \u00e7a\u011f\u0131r\u0131\u015f\u0131 t\u0259qdim edirik:<\/p>\n<p>\u201cTwitter\u201d sosial \u015f\u0259b\u0259k\u0259sind\u0259 edil\u0259n payla\u015f\u0131mlarda haz\u0131rda F\u00fczulid\u0259 davam ed\u0259n quruculuq i\u015fl\u0259ri, yeni tikil\u0259n ya\u015fay\u0131\u015f kompleksl\u0259ri, h\u0259m\u00e7inin bir ne\u00e7\u0259 g\u00fcn \u00f6nc\u0259 c\u0259nab prezidentin La\u00e7\u0131na s\u0259f\u0259ri zaman\u0131 qeyd\u0259 al\u0131nan xo\u015f m\u0259qamlar g\u00f6st\u0259rilir.<\/p>\n<p>Torpaqlar\u0131m\u0131z\u0131 azad etdikd\u0259n sonra dem\u0259k olar ki, h\u0259r bir rayon v\u0259 \u015f\u0259h\u0259rimiz b\u0259rpa olunur, m\u00fcharib\u0259 v\u0259 i\u015f\u011fal da\u011f\u0131nt\u0131lar\u0131 tam yeni, abad, m\u00fcasir ya\u015fay\u0131\u015f m\u0259sk\u0259nl\u0259ri il\u0259 \u0259v\u0259z olunur. Bu, h\u0259m d\u0259 bizim s\u00fclh ist\u0259yimizi g\u00f6st\u0259rir. B\u0259rpa edirik, m\u00fcharib\u0259 ist\u0259mirik, s\u00fclh\u00fcn b\u0259rq\u0259rar olmas\u0131ndan yanay\u0131q. Azad olunmu\u015f \u0259razil\u0259rimizd\u0259 ba\u015f ver\u0259nl\u0259r t\u0259kc\u0259 bizim \u00fc\u00e7\u00fcn yox, b\u00fct\u00f6v region \u00fc\u00e7\u00fcn \u0259h\u0259miyy\u0259tlidir. \u00c7\u00fcnki biz regionun uzun m\u00fcdd\u0259tdir davam ed\u0259n m\u00fcnaqi\u015f\u0259 ocaqlar\u0131ndan birini aradan qald\u0131r\u0131b davaml\u0131 s\u00fclh \u00fc\u00e7\u00fcn bu g\u00fcn\u0259 q\u0259d\u0259r g\u00f6r\u00fclm\u0259mi\u015f m\u00fcsb\u0259t z\u0259min haz\u0131rlam\u0131\u015f\u0131q. Bu s\u00fclh h\u0259m biz\u0259, h\u0259m d\u0259 regiondak\u0131 qonu\u015flar\u0131m\u0131za daha g\u00f6z\u0259l g\u0259l\u0259c\u0259k v\u0259d edir.<\/p>\n<p>Amma erm\u0259ni qon\u015fular\u0131m\u0131z, g\u00f6r\u00fcn\u00fcr ki, bunu ya anlam\u0131rlar, ya da anlamaq ist\u0259mirl\u0259r. Onlar\u0131n sosial \u015f\u0259b\u0259k\u0259l\u0259rd\u0259 Az\u0259rbaycana qar\u015f\u0131 k\u00fctl\u0259vi nifr\u0259t nitqi, qarayaxma kampaniyas\u0131 b\u00fct\u00fcn ba\u015f ver\u0259nl\u0259r\u0259 r\u0259\u011fm\u0259n h\u0259l\u0259 d\u0259 davam edir.<\/p>\n<p>M\u0259s\u0259l\u0259n, F\u00fczulid\u0259ki b\u0259rpa prosesi v\u0259 La\u00e7\u0131ndak\u0131 \u015f\u0259nlikl\u0259r haqq\u0131nda payla\u015f\u0131mlar\u0131m\u0131n \u015f\u0259rh hiss\u0259si q\u0131sa bir zamanda erm\u0259ni istifad\u0259\u00e7il\u0259rin bel\u0259 dem\u0259k m\u00fcmk\u00fcnd\u00fcrs\u0259, h\u00fccumuna m\u0259ruz qald\u0131.<\/p>\n<p>S\u0259n dem\u0259 onlar \u00fc\u00e7\u00fcn Az\u0259rbaycan\u0131n etdikl\u0259ri yenid\u0259nqurma yox \u201cetnik t\u0259mizl\u0259m\u0259\u201d, \u201cpropaqanda\u201d imi\u015f. Otuz il\u0259 yax\u0131n torpaqlar\u0131m\u0131z\u0131 i\u015f\u011fal edib da\u015f\u0131 da\u015f \u00fcst\u00fcnd\u0259 qoymayan qon\u015fu xalq\u0131n n\u00fcmay\u0259nd\u0259l\u0259ri Az\u0259rbaycan\u0131n etdikl\u0259rini h\u0259m d\u0259 \u201cm\u0259hvetm\u0259\u201d kimi t\u0259qdim edir. H\u0259l\u0259 d\u0259 separatizm v\u0259 revan\u015fizm meyll\u0259ri sezilir &#8211; bizi azad etdiyimiz torpaqlardan qovmaqla h\u0259d\u0259l\u0259yir, oralar\u0131n erm\u0259ni \u0259razil\u0259ri oldu\u011funu iddia edirl\u0259r. Onlar \u00fc\u00e7\u00fcn biz \u201cM\u0259rk\u0259zi Asiyadan g\u0259lmi\u015f yadellil\u0259rik\u201d v\u0259 \u201cgeri qay\u0131tmal\u0131y\u0131q\u201d.<\/p>\n<p>B\u00fct\u00fcn bunlar adam\u0131 qar\u0131\u015f\u0131q hissl\u0259r burul\u011fan\u0131na sal\u0131r. Bilmirs\u0259n bu a\u011f\u0131ls\u0131zl\u0131\u011fa g\u00fcl\u0259s\u0259n, yoxsa s\u00fclh \u00fc\u00e7\u00fcn bu c\u00fcr \u0259lveri\u015fli bir zamanda onun bu c\u00fcr insanlar t\u0259r\u0259find\u0259n q\u0259tl edildiyin\u0259 \u00fcz\u00fcl\u0259s\u0259n.<\/p>\n<p>Biz otuz il sonra \u00f6z d\u0259d\u0259-baba torpaqlar\u0131na qay\u0131d\u0131b oran\u0131 viran g\u00f6rm\u00fc\u015f insanlar\u0131q. \u0130ndi sahibi oldu\u011fumuz \u015f\u0259h\u0259rl\u0259ri, q\u0259s\u0259b\u0259l\u0259ri, k\u0259ndl\u0259ri b\u0259rpa edirik. \u00c7\u00fcnki b\u00f6y\u00fck h\u0259sr\u0259tl\u0259 \u00f6z yurd-yuvas\u0131na qay\u0131tmaq \u00fc\u00e7\u00fcn g\u00fcn sayan y\u00fcz minl\u0259rl\u0259 soyda\u015f\u0131m\u0131z var. \u00c7\u00fcnki \u00e7oxdand\u0131r bu torpaqlardan did\u0259rgin sal\u0131nm\u0131\u015f h\u0259yat, sevinc, xo\u015fb\u0259xtlik kimi geri qay\u0131tma\u011f\u0131 g\u00f6zl\u0259y\u0259n hissl\u0259r var. \u00c7\u00fcnki biz var\u0131q &#8211; bu torpaqlar\u0131n \u0259sl v\u0259 \u0259b\u0259di sahibl\u0259ri.<\/p>\n<p>B\u00fct\u00fcn bunlar\u0131 qon\u015fular\u0131m\u0131z da daxil olmaqla d\u00fcnya ictimaiyy\u0259tin\u0259 \u00e7atd\u0131rmaq \u00fc\u00e7\u00fcn h\u0259mr\u0259y olmal\u0131y\u0131q. Bu h\u0259mr\u0259ylik sosial \u015f\u0259b\u0259k\u0259l\u0259rd\u0259 d\u0259 \u00f6z\u00fcn\u00fc g\u00f6st\u0259rm\u0259lidir. D\u00fc\u015fm\u0259n\u0259 f\u00fcrs\u0259t ver\u0259nd\u0259 daha \u00e7ox d\u00fc\u015fm\u0259n\u00e7ilik edir. Bir olub bunun qar\u015f\u0131s\u0131n\u0131 almal\u0131, s\u00fclh \u00e7a\u011f\u0131r\u0131\u015f\u0131m\u0131z\u0131 daha y\u00fcks\u0259k s\u0259sl\u0259 bildirm\u0259liyik. H\u0259r bir yanl\u0131\u015f, q\u0259r\u0259zli, nifr\u0259t dolu \u015f\u0259rh\u0259, fikr\u0259, iddiaya tutarl\u0131, ger\u00e7\u0259k\u00e7i, faktlara \u0259saslanan cavab\u0131m\u0131z olmal\u0131d\u0131r. Bunun \u00fc\u00e7\u00fcn \u0259limizd\u0259 b\u00fct\u00fcn imkanlar var. \u00d6z torpaqlar\u0131m\u0131zday\u0131q, onlar\u0131 abadla\u015fd\u0131r\u0131r\u0131q, kimins\u0259 torpa\u011f\u0131nda, mal\u0131nda, m\u00fclk\u00fcnd\u0259 g\u00f6z\u00fcm\u00fcz yoxdur. S\u00fclh \u00fc\u00e7\u00fcn qurub yarad\u0131r\u0131q. G\u0259lin, bunu daha geni\u015f auditoriyaya \u00e7atd\u0131rmaq \u00fc\u00e7\u00fcn \u201cTwitter\u201d (\u00e7\u00fcnki burada Az\u0259rbaycana qar\u015f\u0131 m\u0259lumat kirliliyi daha \u00e7oxdur) ba\u015fda olmaqla sosial \u015f\u0259b\u0259k\u0259 seqmentind\u0259 \u00e7iyin-\u00e7iyin\u0259 dayanaq, bir olaq, nec\u0259 ki, bir olduq v\u0259 torpaqlar\u0131m\u0131z\u0131 i\u015f\u011faldan azad etdik&#8230;\u201d<\/p>\n<div class=\"twitter-tweet twitter-tweet-rendered\"><iframe id=\"twitter-widget-0\" class=\"\" title=\"Twitter Tweet\" src=\"https:\/\/platform.twitter.com\/embed\/Tweet.html?creatorScreenName=oxuaz&amp;dnt=false&amp;embedId=twitter-widget-0&amp;features=eyJ0ZndfdGltZWxpbmVfbGlzdCI6eyJidWNrZXQiOltdLCJ2ZXJzaW9uIjpudWxsfSwidGZ3X2ZvbGxvd2VyX2NvdW50X3N1bnNldCI6eyJidWNrZXQiOnRydWUsInZlcnNpb24iOm51bGx9LCJ0ZndfdHdlZXRfZWRpdF9iYWNrZW5kIjp7ImJ1Y2tldCI6Im9uIiwidmVyc2lvbiI6bnVsbH0sInRmd19yZWZzcmNfc2Vzc2lvbiI6eyJidWNrZXQiOiJvbiIsInZlcnNpb24iOm51bGx9LCJ0ZndfZm9zbnJfc29mdF9pbnRlcnZlbnRpb25zX2VuYWJsZWQiOnsiYnVja2V0Ijoib24iLCJ2ZXJzaW9uIjpudWxsfSwidGZ3X21peGVkX21lZGlhXzE1ODk3Ijp7ImJ1Y2tldCI6InRyZWF0bWVudCIsInZlcnNpb24iOm51bGx9LCJ0ZndfZXhwZXJpbWVudHNfY29va2llX2V4cGlyYXRpb24iOnsiYnVja2V0IjoxMjA5NjAwLCJ2ZXJzaW9uIjpudWxsfSwidGZ3X3Nob3dfYmlyZHdhdGNoX3Bpdm90c19lbmFibGVkIjp7ImJ1Y2tldCI6Im9uIiwidmVyc2lvbiI6bnVsbH0sInRmd19kdXBsaWNhdGVfc2NyaWJlc190b19zZXR0aW5ncyI6eyJidWNrZXQiOiJvbiIsInZlcnNpb24iOm51bGx9LCJ0ZndfdXNlX3Byb2ZpbGVfaW1hZ2Vfc2hhcGVfZW5hYmxlZCI6eyJidWNrZXQiOiJvbiIsInZlcnNpb24iOm51bGx9LCJ0ZndfdmlkZW9faGxzX2R5bmFtaWNfbWFuaWZlc3RzXzE1MDgyIjp7ImJ1Y2tldCI6InRydWVfYml0cmF0ZSIsInZlcnNpb24iOm51bGx9LCJ0ZndfbGVnYWN5X3RpbWVsaW5lX3N1bnNldCI6eyJidWNrZXQiOnRydWUsInZlcnNpb24iOm51bGx9LCJ0ZndfdHdlZXRfZWRpdF9mcm9udGVuZCI6eyJidWNrZXQiOiJvbiIsInZlcnNpb24iOm51bGx9fQ%3D%3D&amp;frame=false&amp;hideCard=false&amp;hideThread=false&amp;id=1694656141857275909&amp;lang=en&amp;origin=https%3A%2F%2Foxu.az%2Fsociety%2F770892&amp;sessionId=daf44f113bee36daf749d99de3de1b2b8c9023f8&amp;siteScreenName=oxuaz&amp;theme=light&amp;widgetsVersion=aaf4084522e3a%3A1674595607486&amp;width=550px\" frameborder=\"0\" scrolling=\"no\" allowfullscreen=\"allowfullscreen\" data-tweet-id=\"1694656141857275909\" data-mce-fragment=\"1\"><\/iframe><\/div>\n<\/div>\n<\/article>\n","protected":false},"excerpt":{"rendered":"<p>\u201cTwitter\u201d sosial \u015f\u0259b\u0259k\u0259sinin aktiv istifad\u0259\u00e7il\u0259rind\u0259n olan Ayb\u0259niz \u0130smay\u0131lova erm\u0259nil\u0259rin qeyri-adekvat v\u0259 a\u00e7\u0131q-a\u015fkar nifr\u0259t t\u0259bli\u011f ed\u0259n \u015f\u0259rhl\u0259rinin h\u0259d\u0259fin\u0259 tu\u015f g\u0259lib. ARANTV.AZ-\u0131n x\u0259b\u0259r verir ki, Ayb\u0259niz \u0130smay\u0131lova \u201cTwitter\u201d sosial \u015f\u0259b\u0259k\u0259sind\u0259 erm\u0259nil\u0259rin Az\u0259rbaycana qar\u015f\u0131 davam ed\u0259n nifr\u0259t nitqi il\u0259 ba\u011fl\u0131 \u00e7a\u011f\u0131r\u0131\u015f edib. H\u0259min \u00e7a\u011f\u0131r\u0131\u015f\u0131 t\u0259qdim edirik: \u201cTwitter\u201d sosial \u015f\u0259b\u0259k\u0259sind\u0259 edil\u0259n payla\u015f\u0131mlarda haz\u0131rda F\u00fczulid\u0259 davam ed\u0259n quruculuq i\u015fl\u0259ri, yeni tikil\u0259n ya\u015fay\u0131\u015f kompleksl\u0259ri, h\u0259m\u00e7inin bir ne\u00e7\u0259 g\u00fcn \u00f6nc\u0259 c\u0259nab prezidentin La\u00e7\u0131na s\u0259f\u0259ri zaman\u0131 qeyd\u0259 al\u0131nan xo\u015f m\u0259qamlar g\u00f6st\u0259rilir. Torpaqlar\u0131m\u0131z\u0131 azad etdikd\u0259n sonra dem\u0259k olar ki, h\u0259r bir rayon v\u0259 \u015f\u0259h\u0259rimiz b\u0259rpa olunur, m\u00fcharib\u0259 v\u0259 i\u015f\u011fal&hellip;<\/p>\n","protected":false},"author":2,"featured_media":626315,"comment_status":"closed","ping_status":"closed","sticky":false,"template":"","format":"standard","meta":{"om_disable_all_campaigns":false,"_monsterinsights_skip_tracking":false,"_monsterinsights_sitenote_active":false,"_monsterinsights_sitenote_note":"","_monsterinsights_sitenote_category":0},"categories":[1],"tags":[],"aioseo_notices":[],"gutentor_comment":0,"rttpg_featured_image_url":{"full":["https:\/\/arantv.az\/wp-content\/uploads\/2023\/08\/f5144c2c-2e90-4970-bdd2-aa0bd83a745b.jpg",620,413,false],"landscape":["https:\/\/arantv.az\/wp-content\/uploads\/2023\/08\/f5144c2c-2e90-4970-bdd2-aa0bd83a745b.jpg",620,413,false],"portraits":["https:\/\/arantv.az\/wp-content\/uploads\/2023\/08\/f5144c2c-2e90-4970-bdd2-aa0bd83a745b.jpg",620,413,false],"thumbnail":["https:\/\/arantv.az\/wp-content\/uploads\/2023\/08\/f5144c2c-2e90-4970-bdd2-aa0bd83a745b-500x280.jpg",500,280,true],"medium":["https:\/\/arantv.az\/wp-content\/uploads\/2023\/08\/f5144c2c-2e90-4970-bdd2-aa0bd83a745b-548x365.jpg",548,365,true],"large":["https:\/\/arantv.az\/wp-content\/uploads\/2023\/08\/f5144c2c-2e90-4970-bdd2-aa0bd83a745b.jpg",620,413,false],"1536x1536":["https:\/\/arantv.az\/wp-content\/uploads\/2023\/08\/f5144c2c-2e90-4970-bdd2-aa0bd83a745b.jpg",620,413,false],"2048x2048":["https:\/\/arantv.az\/wp-content\/uploads\/2023\/08\/f5144c2c-2e90-4970-bdd2-aa0bd83a745b.jpg",620,413,false],"post-thumbnail":["https:\/\/arantv.az\/wp-content\/uploads\/2023\/08\/f5144c2c-2e90-4970-bdd2-aa0bd83a745b-240x172.jpg",240,172,true],"advps-thumb-one":["https:\/\/arantv.az\/wp-content\/uploads\/2023\/08\/f5144c2c-2e90-4970-bdd2-aa0bd83a745b.jpg",620,413,false]},"rttpg_author":{"display_name":"V\u00fcsal Rafiqo\u011flu","author_link":"https:\/\/arantv.az\/?author=2"},"rttpg_comment":0,"rttpg_category":"<a href=\"https:\/\/arantv.az\/?cat=1\" rel=\"category\">C\u0259miyy\u0259t<\/a>","rttpg_excerpt":"\u201cTwitter\u201d sosial \u015f\u0259b\u0259k\u0259sinin aktiv istifad\u0259\u00e7il\u0259rind\u0259n olan Ayb\u0259niz \u0130smay\u0131lova erm\u0259nil\u0259rin qeyri-adekvat v\u0259 a\u00e7\u0131q-a\u015fkar nifr\u0259t t\u0259bli\u011f ed\u0259n \u015f\u0259rhl\u0259rinin h\u0259d\u0259fin\u0259 tu\u015f g\u0259lib. ARANTV.AZ-\u0131n x\u0259b\u0259r verir ki, Ayb\u0259niz \u0130smay\u0131lova \u201cTwitter\u201d sosial \u015f\u0259b\u0259k\u0259sind\u0259 erm\u0259nil\u0259rin Az\u0259rbaycana qar\u015f\u0131 davam ed\u0259n nifr\u0259t nitqi il\u0259 ba\u011fl\u0131 \u00e7a\u011f\u0131r\u0131\u015f edib. H\u0259min \u00e7a\u011f\u0131r\u0131\u015f\u0131 t\u0259qdim edirik: \u201cTwitter\u201d sosial \u015f\u0259b\u0259k\u0259sind\u0259 edil\u0259n payla\u015f\u0131mlarda haz\u0131rda F\u00fczulid\u0259 davam ed\u0259n quruculuq i\u015fl\u0259ri, yeni&hellip;","_links":{"self":[{"href":"https:\/\/arantv.az\/index.php?rest_route=\/wp\/v2\/posts\/626312"}],"collection":[{"href":"https:\/\/arantv.az\/index.php?rest_route=\/wp\/v2\/posts"}],"about":[{"href":"https:\/\/arantv.az\/index.php?rest_route=\/wp\/v2\/types\/post"}],"author":[{"embeddable":true,"href":"https:\/\/arantv.az\/index.php?rest_route=\/wp\/v2\/users\/2"}],"replies":[{"embeddable":true,"href":"https:\/\/arantv.az\/index.php?rest_route=%2Fwp%2Fv2%2Fcomments&post=626312"}],"version-history":[{"count":0,"href":"https:\/\/arantv.az\/index.php?rest_route=\/wp\/v2\/posts\/626312\/revisions"}],"wp:featuredmedia":[{"embeddable":true,"href":"https:\/\/arantv.az\/index.php?rest_route=\/wp\/v2\/media\/626315"}],"wp:attachment":[{"href":"https:\/\/arantv.az\/index.php?rest_route=%2Fwp%2Fv2%2Fmedia&parent=626312"}],"wp:term":[{"taxonomy":"category","embeddable":true,"href":"https:\/\/arantv.az\/index.php?rest_route=%2Fwp%2Fv2%2Fcategories&post=626312"},{"taxonomy":"post_tag","embeddable":true,"href":"https:\/\/arantv.az\/index.php?rest_route=%2Fwp%2Fv2%2Ftags&post=626312"}],"curies":[{"name":"wp","href":"https:\/\/api.w.org\/{rel}","templated":true}]}}