{"id":626367,"date":"2023-08-30T15:54:22","date_gmt":"2023-08-30T11:54:22","guid":{"rendered":"https:\/\/arantv.az\/?p=626367"},"modified":"2023-08-30T15:54:22","modified_gmt":"2023-08-30T11:54:22","slug":"iki-beyn%c9%99lxalq-media-qurumu-agdama-getm%c9%99kd%c9%99n-imtina-edib-s%c9%99rh","status":"publish","type":"post","link":"https:\/\/arantv.az\/?p=626367","title":{"rendered":"\u0130ki beyn\u0259lxalq media qurumu A\u011fdama getm\u0259kd\u0259n imtina edib &#8211; \u015e\u018fRH"},"content":{"rendered":"<p>Xarici media qurumlar\u0131n\u0131n Az\u0259rbaycandak\u0131 n\u00fcmay\u0259nd\u0259l\u0259rind\u0259n ibar\u0259t jurnalistl\u0259r A\u011fdam-Xank\u0259ndi yoluna gedibl\u0259r.<\/p>\n<p>Onlar Az\u0259rbaycan Q\u0131z\u0131l Aypara C\u0259miyy\u0259tinin Rusiya s\u00fclhm\u0259raml\u0131lar\u0131n\u0131n m\u00fcv\u0259qq\u0259ti yerl\u0259\u015fdiyi \u0259razil\u0259r\u0259 humanitar y\u00fck\u00fcn \u00e7atd\u0131r\u0131lmas\u0131 prosesini i\u015f\u0131qland\u0131r\u0131rlar.<\/p>\n<p>Az\u0259rbaycan t\u0259r\u0259find\u0259n edil\u0259n d\u0259v\u0259tl\u0259 n\u00fcfuzlu media orqanlar\u0131n\u0131n Bak\u0131dak\u0131 n\u00fcmay\u0259nd\u0259likl\u0259rinin hadis\u0259 yerind\u0259 olmas\u0131 m\u00fcsb\u0259t hald\u0131r.<\/p>\n<p>Onlar i\u015fl\u0259dikl\u0259ri media qurumlar\u0131na d\u00fczg\u00fcn, q\u0259r\u0259zsiz informasiyalar t\u0259qdim etm\u0259kl\u0259 Az\u0259rbaycan\u0131n haqq i\u015fin\u0259 d\u0259st\u0259k olacaqlar.<\/p>\n<p>Az\u0259rbaycan h\u0259mi\u015f\u0259 \u00f6z qap\u0131lar\u0131n\u0131 b\u00fct\u00fcn xarici media qurumlar\u0131n\u0131n \u00fcz\u00fcn\u0259 a\u00e7\u0131r, ancaq b\u0259zil\u0259ri hans\u0131sa m\u0259qs\u0259dl\u0259rd\u0259n dolay\u0131 jurnalistika prinsipl\u0259rin\u0259 \u0259m\u0259l etmirl\u0259r v\u0259 erm\u0259ni t\u0259bli\u011fat\u0131n\u0131n ruporuna \u00e7evrilirl\u0259r.<\/p>\n<p>Bu m\u0259s\u0259l\u0259 bir daha \u00f6z\u00fcn\u00fc g\u00f6st\u0259rib. Bel\u0259 ki, \u201cVoice of America\u201d (\u201cAmerikan\u0131n s\u0259si\u201d) radiosunun v\u0259 France-Presse\u201d (\u201cFrans-Press\u201d) agentliyinin n\u00fcmay\u0259nd\u0259l\u0259ri A\u011fdama getm\u0259yibl\u0259r. Halbuki BBC, \u201cBloomberg\u201d kimi qurumlar \u00f6z jurnalistl\u0259rini h\u0259min yer\u0259 ezam edibl\u0259r.<\/p>\n<p>Az\u0259rbaycan t\u0259klifini xarici mediaya edib, lakin ad\u0131\u00e7\u0259kil\u0259n iki qurum A\u011fdama n\u00fcmay\u0259nd\u0259 ezam etm\u0259kd\u0259n yay\u0131n\u0131b.<\/p>\n<p>M\u0259s\u0259l\u0259 buras\u0131ndad\u0131r ki, h\u0259min qurumlar redaksiya siyas\u0259tl\u0259rind\u0259 Az\u0259rbaycanla ba\u011fl\u0131 m\u0259s\u0259l\u0259l\u0259ri d\u00fczg\u00fcn i\u015f\u0131qland\u0131rmaqdan \u00e7\u0259kinirl\u0259r. Niy\u0259? H\u0259r halda \u00f6zl\u0259ri bir izah ver\u0259 bil\u0259rl\u0259r.<\/p>\n<p>Lakin bilin\u0259n budur ki, \u201cFrance-Press\u201d el\u0259 Fransa siyas\u0259tinin, \u201cVoice of America\u201d is\u0259 AB\u015e-nin maraqlar\u0131n\u0131n m\u00fcdafi\u0259\u00e7isidir.<\/p>\n<p>Buras\u0131 da var ki, bu qurumlar\u0131n m\u0259rk\u0259zi redaksiyalar\u0131 b\u0259lk\u0259 d\u0259 erm\u0259ni t\u0259bli\u011fat\u0131na yarayan n\u0259s\u0259 olsayd\u0131, d\u0259rhal\u00a0oraya jurnalist g\u00f6nd\u0259r\u0259rdil\u0259r. N\u0259 dey\u0259k, \u0259skimiz t\u00fcst\u00fcl\u00fcd\u00fcr. H\u0259r halda, g\u00f6r\u00fcn\u0259n da\u011fa b\u0259l\u0259d\u00e7i laz\u0131m deyil.<\/p>\n<p>Fransa \u00f6z\u00fcn\u00fc didib-da\u011f\u0131d\u0131r ki, guya Az\u0259rbaycan Qaraba\u011f erm\u0259nil\u0259ri \u00fc\u00e7\u00fcn humanitar f\u0259lak\u0259t yarad\u0131r. B\u0259s niy\u0259 Fransan\u0131n K\u0130V-i m\u0259s\u0259l\u0259nin obyektiv, q\u0259r\u0259zsiz i\u015f\u0131qland\u0131r\u0131lmas\u0131ndan boyun qa\u00e7\u0131r\u0131r? Az\u0259rbaycan\u0131n add\u0131mlar\u0131n\u0131 g\u00f6rm\u0259k ist\u0259mir? B\u0259lk\u0259\u00a0qorxurlar ki, obyektivlik t\u0259min edils\u0259, erm\u0259ni lobbisind\u0259n pul ala bilm\u0259y\u0259c\u0259kl\u0259r?<\/p>\n<p>Demirdil\u0259r ki, ay el\u0259, ay bel\u0259? Buyurun \u015fans yaranm\u0131\u015fd\u0131 ki, g\u0259lib m\u0259s\u0259l\u0259ni obyektiv i\u015f\u0131qland\u0131rs\u0131nlar. Bundan imtina edirl\u0259rs\u0259, el\u0259 \u00f6z q\u0259r\u0259zl\u0259rini g\u00f6st\u0259rmi\u015f olurlar.<\/p>\n","protected":false},"excerpt":{"rendered":"<p>Xarici media qurumlar\u0131n\u0131n Az\u0259rbaycandak\u0131 n\u00fcmay\u0259nd\u0259l\u0259rind\u0259n ibar\u0259t jurnalistl\u0259r A\u011fdam-Xank\u0259ndi yoluna gedibl\u0259r. Onlar Az\u0259rbaycan Q\u0131z\u0131l Aypara C\u0259miyy\u0259tinin Rusiya s\u00fclhm\u0259raml\u0131lar\u0131n\u0131n m\u00fcv\u0259qq\u0259ti yerl\u0259\u015fdiyi \u0259razil\u0259r\u0259 humanitar y\u00fck\u00fcn \u00e7atd\u0131r\u0131lmas\u0131 prosesini i\u015f\u0131qland\u0131r\u0131rlar. Az\u0259rbaycan t\u0259r\u0259find\u0259n edil\u0259n d\u0259v\u0259tl\u0259 n\u00fcfuzlu media orqanlar\u0131n\u0131n Bak\u0131dak\u0131 n\u00fcmay\u0259nd\u0259likl\u0259rinin hadis\u0259 yerind\u0259 olmas\u0131 m\u00fcsb\u0259t hald\u0131r. Onlar i\u015fl\u0259dikl\u0259ri media qurumlar\u0131na d\u00fczg\u00fcn, q\u0259r\u0259zsiz informasiyalar t\u0259qdim etm\u0259kl\u0259 Az\u0259rbaycan\u0131n haqq i\u015fin\u0259 d\u0259st\u0259k olacaqlar. Az\u0259rbaycan h\u0259mi\u015f\u0259 \u00f6z qap\u0131lar\u0131n\u0131 b\u00fct\u00fcn xarici media qurumlar\u0131n\u0131n \u00fcz\u00fcn\u0259 a\u00e7\u0131r, ancaq b\u0259zil\u0259ri hans\u0131sa m\u0259qs\u0259dl\u0259rd\u0259n dolay\u0131 jurnalistika prinsipl\u0259rin\u0259 \u0259m\u0259l etmirl\u0259r v\u0259 erm\u0259ni t\u0259bli\u011fat\u0131n\u0131n ruporuna \u00e7evrilirl\u0259r. Bu m\u0259s\u0259l\u0259 bir daha \u00f6z\u00fcn\u00fc g\u00f6st\u0259rib. Bel\u0259 ki, \u201cVoice of America\u201d (\u201cAmerikan\u0131n s\u0259si\u201d)&hellip;<\/p>\n","protected":false},"author":2,"featured_media":626370,"comment_status":"closed","ping_status":"closed","sticky":false,"template":"","format":"standard","meta":{"om_disable_all_campaigns":false,"_monsterinsights_skip_tracking":false,"_monsterinsights_sitenote_active":false,"_monsterinsights_sitenote_note":"","_monsterinsights_sitenote_category":0},"categories":[4],"tags":[],"aioseo_notices":[],"gutentor_comment":0,"rttpg_featured_image_url":{"full":["https:\/\/arantv.az\/wp-content\/uploads\/2023\/08\/aA_dam.jpg",620,413,false],"landscape":["https:\/\/arantv.az\/wp-content\/uploads\/2023\/08\/aA_dam.jpg",620,413,false],"portraits":["https:\/\/arantv.az\/wp-content\/uploads\/2023\/08\/aA_dam.jpg",620,413,false],"thumbnail":["https:\/\/arantv.az\/wp-content\/uploads\/2023\/08\/aA_dam-500x280.jpg",500,280,true],"medium":["https:\/\/arantv.az\/wp-content\/uploads\/2023\/08\/aA_dam-548x365.jpg",548,365,true],"large":["https:\/\/arantv.az\/wp-content\/uploads\/2023\/08\/aA_dam.jpg",620,413,false],"1536x1536":["https:\/\/arantv.az\/wp-content\/uploads\/2023\/08\/aA_dam.jpg",620,413,false],"2048x2048":["https:\/\/arantv.az\/wp-content\/uploads\/2023\/08\/aA_dam.jpg",620,413,false],"post-thumbnail":["https:\/\/arantv.az\/wp-content\/uploads\/2023\/08\/aA_dam-240x172.jpg",240,172,true],"advps-thumb-one":["https:\/\/arantv.az\/wp-content\/uploads\/2023\/08\/aA_dam.jpg",620,413,false]},"rttpg_author":{"display_name":"V\u00fcsal Rafiqo\u011flu","author_link":"https:\/\/arantv.az\/?author=2"},"rttpg_comment":0,"rttpg_category":"<a href=\"https:\/\/arantv.az\/?cat=4\" rel=\"category\">Siyas\u0259t<\/a>","rttpg_excerpt":"Xarici media qurumlar\u0131n\u0131n Az\u0259rbaycandak\u0131 n\u00fcmay\u0259nd\u0259l\u0259rind\u0259n ibar\u0259t jurnalistl\u0259r A\u011fdam-Xank\u0259ndi yoluna gedibl\u0259r. Onlar Az\u0259rbaycan Q\u0131z\u0131l Aypara C\u0259miyy\u0259tinin Rusiya s\u00fclhm\u0259raml\u0131lar\u0131n\u0131n m\u00fcv\u0259qq\u0259ti yerl\u0259\u015fdiyi \u0259razil\u0259r\u0259 humanitar y\u00fck\u00fcn \u00e7atd\u0131r\u0131lmas\u0131 prosesini i\u015f\u0131qland\u0131r\u0131rlar. Az\u0259rbaycan t\u0259r\u0259find\u0259n edil\u0259n d\u0259v\u0259tl\u0259 n\u00fcfuzlu media orqanlar\u0131n\u0131n Bak\u0131dak\u0131 n\u00fcmay\u0259nd\u0259likl\u0259rinin hadis\u0259 yerind\u0259 olmas\u0131 m\u00fcsb\u0259t hald\u0131r. Onlar i\u015fl\u0259dikl\u0259ri media qurumlar\u0131na d\u00fczg\u00fcn, q\u0259r\u0259zsiz informasiyalar t\u0259qdim etm\u0259kl\u0259 Az\u0259rbaycan\u0131n haqq i\u015fin\u0259 d\u0259st\u0259k olacaqlar. Az\u0259rbaycan h\u0259mi\u015f\u0259&hellip;","_links":{"self":[{"href":"https:\/\/arantv.az\/index.php?rest_route=\/wp\/v2\/posts\/626367"}],"collection":[{"href":"https:\/\/arantv.az\/index.php?rest_route=\/wp\/v2\/posts"}],"about":[{"href":"https:\/\/arantv.az\/index.php?rest_route=\/wp\/v2\/types\/post"}],"author":[{"embeddable":true,"href":"https:\/\/arantv.az\/index.php?rest_route=\/wp\/v2\/users\/2"}],"replies":[{"embeddable":true,"href":"https:\/\/arantv.az\/index.php?rest_route=%2Fwp%2Fv2%2Fcomments&post=626367"}],"version-history":[{"count":0,"href":"https:\/\/arantv.az\/index.php?rest_route=\/wp\/v2\/posts\/626367\/revisions"}],"wp:featuredmedia":[{"embeddable":true,"href":"https:\/\/arantv.az\/index.php?rest_route=\/wp\/v2\/media\/626370"}],"wp:attachment":[{"href":"https:\/\/arantv.az\/index.php?rest_route=%2Fwp%2Fv2%2Fmedia&parent=626367"}],"wp:term":[{"taxonomy":"category","embeddable":true,"href":"https:\/\/arantv.az\/index.php?rest_route=%2Fwp%2Fv2%2Fcategories&post=626367"},{"taxonomy":"post_tag","embeddable":true,"href":"https:\/\/arantv.az\/index.php?rest_route=%2Fwp%2Fv2%2Ftags&post=626367"}],"curies":[{"name":"wp","href":"https:\/\/api.w.org\/{rel}","templated":true}]}}