{"id":626373,"date":"2023-08-30T16:07:17","date_gmt":"2023-08-30T12:07:17","guid":{"rendered":"https:\/\/arantv.az\/?p=626373"},"modified":"2023-08-30T16:07:17","modified_gmt":"2023-08-30T12:07:17","slug":"rusiya-xin-fransa-h%c9%99r-iki-t%c9%99r%c9%99fin-movqeyini-n%c9%99z%c9%99r%c9%99-almalidir-video","status":"publish","type":"post","link":"https:\/\/arantv.az\/?p=626373","title":{"rendered":"Rusiya X\u0130N: \u201cFransa h\u0259r iki t\u0259r\u0259fin m\u00f6vqeyini n\u0259z\u0259r\u0259 almal\u0131d\u0131r\u201d &#8211; V\u0130DEO"},"content":{"rendered":"<p>\u201cFransa Bak\u0131 il\u0259 \u0130r\u0259van aras\u0131nda m\u00fcnasib\u0259tl\u0259ri normalla\u015fd\u0131rmaq \u00fc\u00e7\u00fcn h\u0259yata ke\u00e7irdiyi vasit\u0259\u00e7ilik s\u0259yl\u0259rind\u0259 h\u0259r iki t\u0259r\u0259fin m\u00f6vqeyini n\u0259z\u0259r\u0259 almal\u0131d\u0131r\u201d.<\/p>\n<p>Bu s\u00f6zl\u0259ri Rusiya Xarici \u0130\u015fl\u0259r Nazirliyinin r\u0259smi n\u00fcmay\u0259nd\u0259si Mariya Zaxarova bu g\u00fcn ke\u00e7irdiyi brifinqd\u0259 News.ru jurnalistinin sual\u0131n\u0131 cavabland\u0131rark\u0259n deyib.<\/p>\n<p>\u201cBiz d\u0259f\u0259l\u0259rl\u0259 demi\u015fik ki, bir t\u0259r\u0259fd\u0259n Az\u0259rbaycan-Erm\u0259nistan m\u00fcnasib\u0259tl\u0259rinin normalla\u015fmas\u0131 il\u0259 ba\u011fl\u0131 Rusiyan\u0131n s\u0259yl\u0259rin\u0259 \u0259ks olmayan, onlar\u0131 t\u0259krarlamayan, bu s\u0259yl\u0259ri pozmayan b\u00fct\u00fcn t\u0259\u015f\u0259bb\u00fcsl\u0259ri alq\u0131\u015flay\u0131r\u0131q. Dig\u0259r t\u0259r\u0259fd\u0259n is\u0259 Fransan\u0131n bu istiqam\u0259td\u0259 f\u0259all\u0131\u011f\u0131 biz\u0259 yax\u015f\u0131 m\u0259lumdur. Bu c\u00fcr vasit\u0259\u00e7ilik s\u0259yl\u0259ri \u00e7\u0259r\u00e7iv\u0259sind\u0259 m\u00fcnaqi\u015f\u0259nin h\u0259r iki t\u0259r\u0259finin, y\u0259ni h\u0259m Az\u0259rbaycan, h\u0259m d\u0259 Erm\u0259nistan\u0131n ilk n\u00f6vb\u0259d\u0259 m\u00f6vqeyini n\u0259z\u0259r\u0259 almaq laz\u0131md\u0131r. Bunlars\u0131z v\u0259ziyy\u0259tin nizamlanmas\u0131nda h\u0259r hans\u0131 ir\u0259lil\u0259yi\u015f\u0259 \u00fcmid etm\u0259y\u0259 d\u0259ym\u0259z. Bu, b\u00fct\u00fcn vasit\u0259\u00e7iliyin alfa v\u0259 omeqas\u0131d\u0131r\u201d, &#8211; dey\u0259 Rusiya X\u0130N s\u00f6z\u00e7\u00fcs\u00fc vur\u011fulay\u0131b.<\/p>\n<div><iframe loading=\"lazy\" src=\"https:\/\/baku.tv\/embed\/95819\" width=\"560\" height=\"315\" frameborder=\"0\" allowfullscreen=\"allowfullscreen\" data-mce-fragment=\"1\"><\/iframe><\/div>\n<p>M\u0259nb\u0259: Mid.ru<\/p>\n","protected":false},"excerpt":{"rendered":"<p>\u201cFransa Bak\u0131 il\u0259 \u0130r\u0259van aras\u0131nda m\u00fcnasib\u0259tl\u0259ri normalla\u015fd\u0131rmaq \u00fc\u00e7\u00fcn h\u0259yata ke\u00e7irdiyi vasit\u0259\u00e7ilik s\u0259yl\u0259rind\u0259 h\u0259r iki t\u0259r\u0259fin m\u00f6vqeyini n\u0259z\u0259r\u0259 almal\u0131d\u0131r\u201d. Bu s\u00f6zl\u0259ri Rusiya Xarici \u0130\u015fl\u0259r Nazirliyinin r\u0259smi n\u00fcmay\u0259nd\u0259si Mariya Zaxarova bu g\u00fcn ke\u00e7irdiyi brifinqd\u0259 News.ru jurnalistinin sual\u0131n\u0131 cavabland\u0131rark\u0259n deyib. \u201cBiz d\u0259f\u0259l\u0259rl\u0259 demi\u015fik ki, bir t\u0259r\u0259fd\u0259n Az\u0259rbaycan-Erm\u0259nistan m\u00fcnasib\u0259tl\u0259rinin normalla\u015fmas\u0131 il\u0259 ba\u011fl\u0131 Rusiyan\u0131n s\u0259yl\u0259rin\u0259 \u0259ks olmayan, onlar\u0131 t\u0259krarlamayan, bu s\u0259yl\u0259ri pozmayan b\u00fct\u00fcn t\u0259\u015f\u0259bb\u00fcsl\u0259ri alq\u0131\u015flay\u0131r\u0131q. Dig\u0259r t\u0259r\u0259fd\u0259n is\u0259 Fransan\u0131n bu istiqam\u0259td\u0259 f\u0259all\u0131\u011f\u0131 biz\u0259 yax\u015f\u0131 m\u0259lumdur. Bu c\u00fcr vasit\u0259\u00e7ilik s\u0259yl\u0259ri \u00e7\u0259r\u00e7iv\u0259sind\u0259 m\u00fcnaqi\u015f\u0259nin h\u0259r iki t\u0259r\u0259finin, y\u0259ni h\u0259m Az\u0259rbaycan, h\u0259m d\u0259 Erm\u0259nistan\u0131n ilk n\u00f6vb\u0259d\u0259 m\u00f6vqeyini n\u0259z\u0259r\u0259 almaq&hellip;<\/p>\n","protected":false},"author":2,"featured_media":626379,"comment_status":"closed","ping_status":"closed","sticky":false,"template":"","format":"standard","meta":{"om_disable_all_campaigns":false,"_monsterinsights_skip_tracking":false,"_monsterinsights_sitenote_active":false,"_monsterinsights_sitenote_note":"","_monsterinsights_sitenote_category":0},"categories":[7],"tags":[],"aioseo_notices":[],"gutentor_comment":0,"rttpg_featured_image_url":{"full":["https:\/\/arantv.az\/wp-content\/uploads\/2023\/08\/371145946_2385987558270647_3505364599845775515_n.jpg",620,413,false],"landscape":["https:\/\/arantv.az\/wp-content\/uploads\/2023\/08\/371145946_2385987558270647_3505364599845775515_n.jpg",620,413,false],"portraits":["https:\/\/arantv.az\/wp-content\/uploads\/2023\/08\/371145946_2385987558270647_3505364599845775515_n.jpg",620,413,false],"thumbnail":["https:\/\/arantv.az\/wp-content\/uploads\/2023\/08\/371145946_2385987558270647_3505364599845775515_n-500x280.jpg",500,280,true],"medium":["https:\/\/arantv.az\/wp-content\/uploads\/2023\/08\/371145946_2385987558270647_3505364599845775515_n-548x365.jpg",548,365,true],"large":["https:\/\/arantv.az\/wp-content\/uploads\/2023\/08\/371145946_2385987558270647_3505364599845775515_n.jpg",620,413,false],"1536x1536":["https:\/\/arantv.az\/wp-content\/uploads\/2023\/08\/371145946_2385987558270647_3505364599845775515_n.jpg",620,413,false],"2048x2048":["https:\/\/arantv.az\/wp-content\/uploads\/2023\/08\/371145946_2385987558270647_3505364599845775515_n.jpg",620,413,false],"post-thumbnail":["https:\/\/arantv.az\/wp-content\/uploads\/2023\/08\/371145946_2385987558270647_3505364599845775515_n-240x172.jpg",240,172,true],"advps-thumb-one":["https:\/\/arantv.az\/wp-content\/uploads\/2023\/08\/371145946_2385987558270647_3505364599845775515_n.jpg",620,413,false]},"rttpg_author":{"display_name":"V\u00fcsal Rafiqo\u011flu","author_link":"https:\/\/arantv.az\/?author=2"},"rttpg_comment":0,"rttpg_category":"<a href=\"https:\/\/arantv.az\/?cat=7\" rel=\"category\">D\u00fcnya<\/a>","rttpg_excerpt":"\u201cFransa Bak\u0131 il\u0259 \u0130r\u0259van aras\u0131nda m\u00fcnasib\u0259tl\u0259ri normalla\u015fd\u0131rmaq \u00fc\u00e7\u00fcn h\u0259yata ke\u00e7irdiyi vasit\u0259\u00e7ilik s\u0259yl\u0259rind\u0259 h\u0259r iki t\u0259r\u0259fin m\u00f6vqeyini n\u0259z\u0259r\u0259 almal\u0131d\u0131r\u201d. Bu s\u00f6zl\u0259ri Rusiya Xarici \u0130\u015fl\u0259r Nazirliyinin r\u0259smi n\u00fcmay\u0259nd\u0259si Mariya Zaxarova bu g\u00fcn ke\u00e7irdiyi brifinqd\u0259 News.ru jurnalistinin sual\u0131n\u0131 cavabland\u0131rark\u0259n deyib. \u201cBiz d\u0259f\u0259l\u0259rl\u0259 demi\u015fik ki, bir t\u0259r\u0259fd\u0259n Az\u0259rbaycan-Erm\u0259nistan m\u00fcnasib\u0259tl\u0259rinin normalla\u015fmas\u0131 il\u0259 ba\u011fl\u0131 Rusiyan\u0131n s\u0259yl\u0259rin\u0259 \u0259ks olmayan, onlar\u0131 t\u0259krarlamayan, bu&hellip;","_links":{"self":[{"href":"https:\/\/arantv.az\/index.php?rest_route=\/wp\/v2\/posts\/626373"}],"collection":[{"href":"https:\/\/arantv.az\/index.php?rest_route=\/wp\/v2\/posts"}],"about":[{"href":"https:\/\/arantv.az\/index.php?rest_route=\/wp\/v2\/types\/post"}],"author":[{"embeddable":true,"href":"https:\/\/arantv.az\/index.php?rest_route=\/wp\/v2\/users\/2"}],"replies":[{"embeddable":true,"href":"https:\/\/arantv.az\/index.php?rest_route=%2Fwp%2Fv2%2Fcomments&post=626373"}],"version-history":[{"count":0,"href":"https:\/\/arantv.az\/index.php?rest_route=\/wp\/v2\/posts\/626373\/revisions"}],"wp:featuredmedia":[{"embeddable":true,"href":"https:\/\/arantv.az\/index.php?rest_route=\/wp\/v2\/media\/626379"}],"wp:attachment":[{"href":"https:\/\/arantv.az\/index.php?rest_route=%2Fwp%2Fv2%2Fmedia&parent=626373"}],"wp:term":[{"taxonomy":"category","embeddable":true,"href":"https:\/\/arantv.az\/index.php?rest_route=%2Fwp%2Fv2%2Fcategories&post=626373"},{"taxonomy":"post_tag","embeddable":true,"href":"https:\/\/arantv.az\/index.php?rest_route=%2Fwp%2Fv2%2Ftags&post=626373"}],"curies":[{"name":"wp","href":"https:\/\/api.w.org\/{rel}","templated":true}]}}