{"id":626376,"date":"2023-08-30T16:06:58","date_gmt":"2023-08-30T12:06:58","guid":{"rendered":"https:\/\/arantv.az\/?p=626376"},"modified":"2023-08-30T16:06:58","modified_gmt":"2023-08-30T12:06:58","slug":"meynd%c9%99ki-az%c9%99rbaycan-v%c9%99-turk-icmalari-bir-araya-g%c9%99lib","status":"publish","type":"post","link":"https:\/\/arantv.az\/?p=626376","title":{"rendered":"Meynd\u0259ki Az\u0259rbaycan v\u0259 t\u00fcrk icmalar\u0131 bir araya g\u0259lib"},"content":{"rendered":"<p>AB\u015e-nin Meyn \u015ftat\u0131nda Az\u0259rbaycan v\u0259 T\u00fcrkiy\u0259 diasporunun dostluq m\u00fcnasib\u0259tl\u0259rin\u0259 h\u0259sr olunmu\u015f icma toplant\u0131s\u0131 ke\u00e7irilib.<\/p>\n<p>Bu bar\u0259d\u0259 Diasporla \u0130\u015f \u00fczr\u0259 D\u00f6vl\u0259t Komit\u0259si m\u0259lumat verib.<\/p>\n<p>Meyn Az\u0259rbaycanl\u0131lar\u0131 C\u0259miyy\u0259tinin r\u0259hb\u0259ri T\u0259rlan \u018fhm\u0259dov bildirib ki, a\u00e7\u0131q havada t\u0259\u015fkil olunmu\u015f toplant\u0131da bu \u015ftatdak\u0131 Az\u0259rbaycan v\u0259 t\u00fcrk icmalar\u0131n\u0131n birg\u0259 f\u0259aliyy\u0259ti n\u0259tic\u0259sind\u0259 \u0259ld\u0259 olunan u\u011furlardan dan\u0131\u015f\u0131l\u0131b, \u201cbir mill\u0259t, iki d\u00f6vl\u0259t, vahid diaspor\u201d prinsipi \u0259sas\u0131nda h\u0259yata ke\u00e7irilm\u0259si n\u0259z\u0259rd\u0259 tutulan g\u0259l\u0259c\u0259k \u0259m\u0259kda\u015fl\u0131q perspektivl\u0259ri m\u00fczakir\u0259 edilib.<\/p>\n<p>T\u0259dbir m\u0259d\u0259niyy\u0259t irsimizi \u0259ks etdir\u0259n musiqil\u0259rin s\u0259sl\u0259ndirilm\u0259si v\u0259 milli m\u0259tb\u0259x n\u00fcmun\u0259l\u0259rimizin t\u0259qdim olunmas\u0131 il\u0259 yekunla\u015f\u0131b.<\/p>\n<p>Qeyd ed\u0259k ki, iki icman\u0131n a\u00e7\u0131q havada dostluq toplant\u0131lar\u0131 \u00f6t\u0259n ild\u0259n ba\u015flayaraq ke\u00e7irilir.<\/p>\n","protected":false},"excerpt":{"rendered":"<p>AB\u015e-nin Meyn \u015ftat\u0131nda Az\u0259rbaycan v\u0259 T\u00fcrkiy\u0259 diasporunun dostluq m\u00fcnasib\u0259tl\u0259rin\u0259 h\u0259sr olunmu\u015f icma toplant\u0131s\u0131 ke\u00e7irilib. Bu bar\u0259d\u0259 Diasporla \u0130\u015f \u00fczr\u0259 D\u00f6vl\u0259t Komit\u0259si m\u0259lumat verib. Meyn Az\u0259rbaycanl\u0131lar\u0131 C\u0259miyy\u0259tinin r\u0259hb\u0259ri T\u0259rlan \u018fhm\u0259dov bildirib ki, a\u00e7\u0131q havada t\u0259\u015fkil olunmu\u015f toplant\u0131da bu \u015ftatdak\u0131 Az\u0259rbaycan v\u0259 t\u00fcrk icmalar\u0131n\u0131n birg\u0259 f\u0259aliyy\u0259ti n\u0259tic\u0259sind\u0259 \u0259ld\u0259 olunan u\u011furlardan dan\u0131\u015f\u0131l\u0131b, \u201cbir mill\u0259t, iki d\u00f6vl\u0259t, vahid diaspor\u201d prinsipi \u0259sas\u0131nda h\u0259yata ke\u00e7irilm\u0259si n\u0259z\u0259rd\u0259 tutulan g\u0259l\u0259c\u0259k \u0259m\u0259kda\u015fl\u0131q perspektivl\u0259ri m\u00fczakir\u0259 edilib. T\u0259dbir m\u0259d\u0259niyy\u0259t irsimizi \u0259ks etdir\u0259n musiqil\u0259rin s\u0259sl\u0259ndirilm\u0259si v\u0259 milli m\u0259tb\u0259x n\u00fcmun\u0259l\u0259rimizin t\u0259qdim olunmas\u0131 il\u0259 yekunla\u015f\u0131b. Qeyd ed\u0259k ki, iki icman\u0131n a\u00e7\u0131q havada dostluq toplant\u0131lar\u0131&hellip;<\/p>\n","protected":false},"author":2,"featured_media":626377,"comment_status":"closed","ping_status":"closed","sticky":false,"template":"","format":"standard","meta":{"om_disable_all_campaigns":false,"_monsterinsights_skip_tracking":false,"_monsterinsights_sitenote_active":false,"_monsterinsights_sitenote_note":"","_monsterinsights_sitenote_category":0},"categories":[4],"tags":[],"aioseo_notices":[],"gutentor_comment":0,"rttpg_featured_image_url":{"full":["https:\/\/arantv.az\/wp-content\/uploads\/2023\/08\/62373386bc852.jpg",500,350,false],"landscape":["https:\/\/arantv.az\/wp-content\/uploads\/2023\/08\/62373386bc852.jpg",500,350,false],"portraits":["https:\/\/arantv.az\/wp-content\/uploads\/2023\/08\/62373386bc852.jpg",500,350,false],"thumbnail":["https:\/\/arantv.az\/wp-content\/uploads\/2023\/08\/62373386bc852-500x280.jpg",500,280,true],"medium":["https:\/\/arantv.az\/wp-content\/uploads\/2023\/08\/62373386bc852.jpg",500,350,false],"large":["https:\/\/arantv.az\/wp-content\/uploads\/2023\/08\/62373386bc852.jpg",500,350,false],"1536x1536":["https:\/\/arantv.az\/wp-content\/uploads\/2023\/08\/62373386bc852.jpg",500,350,false],"2048x2048":["https:\/\/arantv.az\/wp-content\/uploads\/2023\/08\/62373386bc852.jpg",500,350,false],"post-thumbnail":["https:\/\/arantv.az\/wp-content\/uploads\/2023\/08\/62373386bc852-240x172.jpg",240,172,true],"advps-thumb-one":["https:\/\/arantv.az\/wp-content\/uploads\/2023\/08\/62373386bc852.jpg",500,350,false]},"rttpg_author":{"display_name":"V\u00fcsal Rafiqo\u011flu","author_link":"https:\/\/arantv.az\/?author=2"},"rttpg_comment":0,"rttpg_category":"<a href=\"https:\/\/arantv.az\/?cat=4\" rel=\"category\">Siyas\u0259t<\/a>","rttpg_excerpt":"AB\u015e-nin Meyn \u015ftat\u0131nda Az\u0259rbaycan v\u0259 T\u00fcrkiy\u0259 diasporunun dostluq m\u00fcnasib\u0259tl\u0259rin\u0259 h\u0259sr olunmu\u015f icma toplant\u0131s\u0131 ke\u00e7irilib. Bu bar\u0259d\u0259 Diasporla \u0130\u015f \u00fczr\u0259 D\u00f6vl\u0259t Komit\u0259si m\u0259lumat verib. Meyn Az\u0259rbaycanl\u0131lar\u0131 C\u0259miyy\u0259tinin r\u0259hb\u0259ri T\u0259rlan \u018fhm\u0259dov bildirib ki, a\u00e7\u0131q havada t\u0259\u015fkil olunmu\u015f toplant\u0131da bu \u015ftatdak\u0131 Az\u0259rbaycan v\u0259 t\u00fcrk icmalar\u0131n\u0131n birg\u0259 f\u0259aliyy\u0259ti n\u0259tic\u0259sind\u0259 \u0259ld\u0259 olunan u\u011furlardan dan\u0131\u015f\u0131l\u0131b, \u201cbir mill\u0259t, iki d\u00f6vl\u0259t, vahid diaspor\u201d&hellip;","_links":{"self":[{"href":"https:\/\/arantv.az\/index.php?rest_route=\/wp\/v2\/posts\/626376"}],"collection":[{"href":"https:\/\/arantv.az\/index.php?rest_route=\/wp\/v2\/posts"}],"about":[{"href":"https:\/\/arantv.az\/index.php?rest_route=\/wp\/v2\/types\/post"}],"author":[{"embeddable":true,"href":"https:\/\/arantv.az\/index.php?rest_route=\/wp\/v2\/users\/2"}],"replies":[{"embeddable":true,"href":"https:\/\/arantv.az\/index.php?rest_route=%2Fwp%2Fv2%2Fcomments&post=626376"}],"version-history":[{"count":0,"href":"https:\/\/arantv.az\/index.php?rest_route=\/wp\/v2\/posts\/626376\/revisions"}],"wp:featuredmedia":[{"embeddable":true,"href":"https:\/\/arantv.az\/index.php?rest_route=\/wp\/v2\/media\/626377"}],"wp:attachment":[{"href":"https:\/\/arantv.az\/index.php?rest_route=%2Fwp%2Fv2%2Fmedia&parent=626376"}],"wp:term":[{"taxonomy":"category","embeddable":true,"href":"https:\/\/arantv.az\/index.php?rest_route=%2Fwp%2Fv2%2Fcategories&post=626376"},{"taxonomy":"post_tag","embeddable":true,"href":"https:\/\/arantv.az\/index.php?rest_route=%2Fwp%2Fv2%2Ftags&post=626376"}],"curies":[{"name":"wp","href":"https:\/\/api.w.org\/{rel}","templated":true}]}}