{"id":626380,"date":"2023-08-30T16:07:53","date_gmt":"2023-08-30T12:07:53","guid":{"rendered":"https:\/\/arantv.az\/?p=626380"},"modified":"2023-08-30T16:07:53","modified_gmt":"2023-08-30T12:07:53","slug":"az%c9%99rbaycan-xank%c9%99ndiy%c9%99-yardim-gond%c9%99rm%c9%99kl%c9%99-humanitar-bohtancilari-cixilmaz-v%c9%99ziyy%c9%99t%c9%99-salib-s%c9%99rh-foto","status":"publish","type":"post","link":"https:\/\/arantv.az\/?p=626380","title":{"rendered":"Az\u0259rbaycan Xank\u0259ndiy\u0259 yard\u0131m g\u00f6nd\u0259rm\u0259kl\u0259 \u201chumanitar b\u00f6htan\u201d\u00e7\u0131lar\u0131 \u00e7\u0131x\u0131lmaz v\u0259ziyy\u0259t\u0259 sal\u0131b &#8211; \u015e\u018fRH + FOTO"},"content":{"rendered":"<p>Az\u0259rbaycan Q\u0131z\u0131l Aypara C\u0259miyy\u0259ti il\u0259 Qaraba\u011fda ya\u015fayan erm\u0259ni\u0259silli \u015f\u0259xsl\u0259rin ehtiyaclar\u0131n\u0131 qar\u015f\u0131lamaq \u00fc\u00e7\u00fcn humanitar yard\u0131m yola sal\u0131b v\u0259 \u00fcmidvard\u0131r ki, bu add\u0131m Xank\u0259ndid\u0259 ya\u015fayan erm\u0259nil\u0259r v\u0259 beyn\u0259lxalq ictimaiyy\u0259t t\u0259r\u0259find\u0259n m\u00fcsb\u0259t qar\u015f\u0131lanacaq. H\u0259tta onlar\u0131n dig\u0259r ehtiyac\u0131 oldu\u011fu l\u0259vazimatlar\u0131 da \u00e7atd\u0131ra bil\u0259c\u0259yini b\u0259yan edib.<\/p>\n<p>H\u0259d\u0259f d\u0259 g\u00fcn kimi ayd\u0131nd\u0131r &#8211; erm\u0259nil\u0259rin v\u0259 havadarlar\u0131n\u0131n \u201cAz\u0259rbaycan\u0131n Qaraba\u011f iqtisadi rayonunda ya\u015fayan erm\u0259nil\u0259rin t\u0259crid olunmas\u0131\u201d iddias\u0131n\u0131 aradan qald\u0131rmaq. Bununla da Az\u0259rbaycan t\u0259kc\u0259 Erm\u0259nistan\u0131 deyil, Qaraba\u011fda qondarma \u201chumanitar b\u00f6hran\u201dla oyun oynama\u011fa \u00e7al\u0131\u015fan b\u00f6htan\u00e7\u0131 separat\u00e7\u0131lar\u0131 v\u0259 onlar\u0131n havadarlar\u0131n\u0131 \u00e7\u0131x\u0131lmaz v\u0259ziyy\u0259t\u0259 sal\u0131b.<\/p>\n<p>B\u0259s bu add\u0131m\u0131n cavab\u0131nda n\u0259yin \u015fahidi olduq? Separat\u00e7\u0131lar v\u0259 onlar\u0131n havadarlar\u0131 bu add\u0131m\u0131 s\u00fcng\u00fc il\u0259 qar\u015f\u0131lamaqla yana\u015f\u0131, \u201cac qalar\u0131q, t\u00fcrk\u00fcn ununu yem\u0259rik\u201d kimi fa\u015fist t\u0259f\u0259kk\u00fcrd\u0259n \u0259l \u00e7\u0259k\u0259 bilm\u0259dikl\u0259rini ortaya qoymu\u015f oldular. G\u00f6r\u00fcn\u0259n odur ki, A\u011fdam-Xank\u0259ndi yolunun istifad\u0259sin\u0259 m\u0259qs\u0259dy\u00f6nl\u00fc \u015f\u0259kild\u0259 Erm\u0259nistan v\u0259 onun Az\u0259rbaycan\u0131n Qaraba\u011f b\u00f6lg\u0259sind\u0259 yaratd\u0131\u011f\u0131 v\u0259 d\u0259st\u0259kl\u0259diyi qondarma rejim t\u0259r\u0259find\u0259n s\u00fcni \u0259ng\u0259ll\u0259r yarad\u0131l\u0131r v\u0259 bundan siyasi manipulyasiya m\u0259qs\u0259dil\u0259 istifad\u0259 edilir.<\/p>\n<p>Yeri g\u0259lmi\u015fk\u0259n, Prezident\u00a0<strong>\u0130lham \u018fliyev<\/strong>\u00a0d\u0259 erm\u0259nid\u0259n \u00e7ox erm\u0259nilik ed\u0259n fransal\u0131 h\u0259mkar\u0131 Emmanuel Makronla telefon dan\u0131\u015f\u0131\u011f\u0131nda bu m\u0259s\u0259l\u0259y\u0259 toxunub v\u0259 qeyd edib ki, Erm\u0259nistan v\u0259 qondarma rejim Beyn\u0259lxalq Q\u0131z\u0131l Xa\u00e7 Komit\u0259sinin vasit\u0259\u00e7iliyi il\u0259 A\u011fdam-Xank\u0259ndi yolu il\u0259 y\u00fckl\u0259rin da\u015f\u0131nmas\u0131 bar\u0259d\u0259 \u0259ld\u0259 olunmu\u015f ilkin raz\u0131la\u015fmadan imtina edibl\u0259r. H\u0259m\u00e7inin, Erm\u0259nistan r\u0259hb\u0259rliyi Az\u0259rbaycan t\u0259r\u0259fi il\u0259 raz\u0131la\u015fd\u0131rmadan d\u00f6vl\u0259t s\u0259rh\u0259di istiqam\u0259tin\u0259 humanitar t\u0259yinatl\u0131 oldu\u011funu iddia etdiyi y\u00fckl\u0259r g\u0259tirib ki, burada da m\u0259qs\u0259d siyasi m\u00f6ht\u0259kirlikdir. Erm\u0259nistan v\u0259 havadarlar\u0131 anlamal\u0131d\u0131rlar ki, Az\u0259rbaycan t\u0259r\u0259fi birg\u0259ya\u015fay\u0131\u015fa mane\u0259 olan milli nifr\u0259t v\u0259 d\u00fc\u015fm\u0259n\u00e7ilik ritorikas\u0131ndan \u00e7\u0131x\u0131\u015f etm\u0259y\u0259r\u0259k humanist yana\u015fma n\u00fcmayi\u015f etdirm\u0259y\u0259 \u00e7al\u0131\u015f\u0131r.<\/p>\n<p><img src=\"https:\/\/cdn.oxu.az\/uploads\/W1siZiIsIjIwMjMvMDgvMzAvMTQvMDkvMTEvN2NiMDA4NDgtZTNjNS00ZjM3LTgwN2ItMmQxM2FjY2MxYjRjLzg2ZWM5YmFkLTYzODItM2U0Ni04N2MwLWEyMGUzYmE5OWU5Ny5qcGVnIl0sWyJwIiwiZW5jb2RlIiwianBnIiwiLXF1YWxpdHkgODAiXSxbInAiLCJ0aHVtYiIsIjU5MHg1OTBcdTAwM2UiXV0?sha=4380bf95e3f93a8f\" alt=\"\" \/><\/p>\n<p>M\u00fch\u00fcm olan ba\u015fqa bir m\u0259s\u0259l\u0259dir. Az\u0259rbaycan\u0131n beyn\u0259lxalq qanunlarla t\u0259sbit olunan torpaqlar\u0131nda ya\u015fayan erm\u0259ni azl\u0131\u011f\u0131na qar\u015f\u0131 yard\u0131m g\u00f6nd\u0259rm\u0259si, g\u00f6zl\u0259nildiyi kimi, separat\u00e7\u0131lar\u0131n t\u00f6r-t\u00f6k\u00fcnt\u00fcl\u0259ri aras\u0131nda g\u0259rginlik v\u0259 ikitir\u0259lik yarad\u0131b. Separat\u00e7\u0131lar\u0131n \u201cparlamenti\u201dnin yeni r\u0259hb\u0259ri David \u0130\u015fxanyan n\u00f6vb\u0259ti d\u0259f\u0259 qondarma qurum daxilind\u0259 m\u00f6vcud olan fikir ayr\u0131l\u0131qlar\u0131 v\u0259 ziddiyy\u0259tl\u0259rd\u0259n dan\u0131\u015f\u0131b. Onun s\u00f6zl\u0259rin\u0259 g\u00f6r\u0259, bir \u00e7ox m\u0259s\u0259l\u0259l\u0259r \u0259traf\u0131nda fikir ayr\u0131l\u0131qlar\u0131 m\u00f6vcuddur v\u0259 bunlar\u0131 aradan qald\u0131rmaq \u00fc\u00e7\u00fcn \u0259lind\u0259n g\u0259l\u0259ni ed\u0259c\u0259k. \u00c7ox g\u00fcman ki, Az\u0259rbaycana m\u00fcnasib\u0259td\u0259 ya\u015fanan fikir ayr\u0131l\u0131qlar\u0131n\u0131 dil\u0259 g\u0259tirm\u0259k ist\u0259yib, lakin dan\u0131\u015fma\u011fa c\u00fcr\u0259ti \u00e7atmay\u0131b. B\u0259llidir ki, bir qrup r\u0259smi Bak\u0131 il\u0259 dan\u0131\u015f\u0131qlara getm\u0259y\u0259 can at\u0131r, revan\u015fistl\u0259ri t\u0259msil ed\u0259nl\u0259r is\u0259 bunun \u0259ksini ist\u0259yirl\u0259r.<\/p>\n<p><img src=\"https:\/\/cdn.oxu.az\/uploads\/W1siZiIsIjIwMjMvMDgvMzAvMTQvMDkvMTEvNjVjM2QwNmUtNmJkNC00YzNmLWE3MDYtNDg1OTY2MzhjZWNhLzA4MmEwYjBhLTYxY2MtMzA2ZS05ZjRkLWE2NGY5MDQ1ZWUwYi5qcGciXSxbInAiLCJlbmNvZGUiLCJqcGciLCItcXVhbGl0eSA4MCJdLFsicCIsInRodW1iIiwiNTkweDU5MFx1MDAzZSJdXQ?sha=f4ea1ec70c2ef8c9\" alt=\"\" \/><\/p>\n<p>Separat\u00e7\u0131lar\u0131n qudur\u011fanl\u0131\u011f\u0131 o h\u0259dd\u0259 \u00e7at\u0131b ki, m\u00f6vcudluqlar\u0131n\u0131n s\u0259b\u0259bkar\u0131 olan rusiyal\u0131 s\u00fclhm\u0259raml\u0131lara bel\u0259, h\u00fccum edibl\u0259r. A\u011fdam-Xank\u0259ndi yolunu k\u0259s\u0259n erm\u0259nil\u0259r iddia edibl\u0259r ki, ruslar avtomobill\u0259rind\u0259 az\u0259rbaycanl\u0131n\u0131 da\u015f\u0131y\u0131blar. Bu s\u0259b\u0259bd\u0259n d\u0259 avtomobil\u0259 h\u00fccum edibl\u0259r. Sonradan m\u0259lum olub ki, bu \u015f\u0259xs s\u00fclhm\u0259raml\u0131lar\u0131n M\u0259tbuat Xidm\u0259tinin fotoqraf\u0131 erm\u0259ni bloqer Mika Badalyand\u0131r. D\u0259rhal da Rusiya \u201cTelegram\u201d kanallar\u0131nda separat\u00e7\u0131lar h\u0259d\u0259f\u0259 al\u0131n\u0131blar.<\/p>\n<p>\u201cYerli sakinl\u0259r iddia edirl\u0259r ki, videoda ba\u015f ver\u0259nl\u0259rin ham\u0131s\u0131 \u0130r\u0259van\u0131n t\u0259\u015fkil etdiyi s\u0131rf tama\u015fad\u0131r. \u201cMinn\u0259tdar\u201d erm\u0259nil\u0259r regionda uzun ill\u0259r qorunub-saxlan\u0131ld\u0131\u011f\u0131na v\u0259 s\u00fclh\u0259 g\u00f6r\u0259 Rusiyaya bu formada sa\u011f ol deyirl\u0259r\u201d, &#8211; dey\u0259 ruslar hidd\u0259tl\u0259rini bildiribl\u0259r. Bir ba\u015fqa kanal is\u0259 hadis\u0259ni s\u00fclhm\u0259raml\u0131lara qar\u015f\u0131 \u201cdaha \u200b\u200bbir t\u0259xribat\u201d adland\u0131r\u0131b: \u201cYerli erm\u0259nil\u0259r rus zabitl\u0259rin ma\u015f\u0131n\u0131na h\u00fccum edibl\u0259r\u201d. \u201cNebojena\u201d \u201cTelegram\u201d kanal\u0131 is\u0259 yaz\u0131b ki, erm\u0259nil\u0259r Rusiya s\u00fclhm\u0259raml\u0131lar\u0131na h\u00fccum edibl\u0259r: \u201cAyd\u0131nd\u0131r ki, r\u0259smi \u0130r\u0259van\u0131n raz\u0131l\u0131\u011f\u0131 olmadan bel\u0259 h\u0259r\u0259k\u0259tl\u0259r m\u00fcmk\u00fcn deyil. Onlar n\u0259y\u0259 \u00fcmid edirl\u0259r? T\u0259hl\u00fck\u0259sizliyi t\u0259min ed\u0259n \u0259li niy\u0259 di\u015fl\u0259yirsiniz?\u201d<\/p>\n<p>Bel\u0259likl\u0259, g\u00f6r\u00fcn\u0259n odur ki, separat\u00e7\u0131lar\u0131n lideri Arayik Arutyunyan\u0131n istefas\u0131 fonunda b\u00f6lg\u0259d\u0259 v\u0259ziyy\u0259t g\u0259rginl\u0259\u015fm\u0259k \u00fczr\u0259dir. Erm\u0259ni azl\u0131q anlamaq ist\u0259mir ki, Bak\u0131n\u0131n s\u00fclh v\u0259 dig\u0259r t\u0259\u015f\u0259bb\u00fcsl\u0259rini r\u0259dd etm\u0259kl\u0259 he\u00e7 n\u0259y\u0259 nail olmayacaq. Yaranm\u0131\u015f durumdan \u00e7\u0131x\u0131\u015f yolu birdir v\u0259 bu yol da Az\u0259rbaycan qanunlar\u0131 il\u0259 ya\u015famaqdan ke\u00e7ir.<\/p>\n<p><strong>\u201cReport\u201d \u0130nformasiya Agentliyi<\/strong><\/p>\n","protected":false},"excerpt":{"rendered":"<p>Az\u0259rbaycan Q\u0131z\u0131l Aypara C\u0259miyy\u0259ti il\u0259 Qaraba\u011fda ya\u015fayan erm\u0259ni\u0259silli \u015f\u0259xsl\u0259rin ehtiyaclar\u0131n\u0131 qar\u015f\u0131lamaq \u00fc\u00e7\u00fcn humanitar yard\u0131m yola sal\u0131b v\u0259 \u00fcmidvard\u0131r ki, bu add\u0131m Xank\u0259ndid\u0259 ya\u015fayan erm\u0259nil\u0259r v\u0259 beyn\u0259lxalq ictimaiyy\u0259t t\u0259r\u0259find\u0259n m\u00fcsb\u0259t qar\u015f\u0131lanacaq. H\u0259tta onlar\u0131n dig\u0259r ehtiyac\u0131 oldu\u011fu l\u0259vazimatlar\u0131 da \u00e7atd\u0131ra bil\u0259c\u0259yini b\u0259yan edib. H\u0259d\u0259f d\u0259 g\u00fcn kimi ayd\u0131nd\u0131r &#8211; erm\u0259nil\u0259rin v\u0259 havadarlar\u0131n\u0131n \u201cAz\u0259rbaycan\u0131n Qaraba\u011f iqtisadi rayonunda ya\u015fayan erm\u0259nil\u0259rin t\u0259crid olunmas\u0131\u201d iddias\u0131n\u0131 aradan qald\u0131rmaq. Bununla da Az\u0259rbaycan t\u0259kc\u0259 Erm\u0259nistan\u0131 deyil, Qaraba\u011fda qondarma \u201chumanitar b\u00f6hran\u201dla oyun oynama\u011fa \u00e7al\u0131\u015fan b\u00f6htan\u00e7\u0131 separat\u00e7\u0131lar\u0131 v\u0259 onlar\u0131n havadarlar\u0131n\u0131 \u00e7\u0131x\u0131lmaz v\u0259ziyy\u0259t\u0259 sal\u0131b. B\u0259s bu add\u0131m\u0131n cavab\u0131nda n\u0259yin \u015fahidi olduq? Separat\u00e7\u0131lar&hellip;<\/p>\n","protected":false},"author":2,"featured_media":626328,"comment_status":"closed","ping_status":"closed","sticky":false,"template":"","format":"standard","meta":{"om_disable_all_campaigns":false,"_monsterinsights_skip_tracking":false,"_monsterinsights_sitenote_active":false,"_monsterinsights_sitenote_note":"","_monsterinsights_sitenote_category":0},"categories":[4],"tags":[],"aioseo_notices":[],"gutentor_comment":0,"rttpg_featured_image_url":{"full":["https:\/\/arantv.az\/wp-content\/uploads\/2023\/08\/f8e59f4b169339078168945185910729499.jpg",975,540,false],"landscape":["https:\/\/arantv.az\/wp-content\/uploads\/2023\/08\/f8e59f4b169339078168945185910729499.jpg",975,540,false],"portraits":["https:\/\/arantv.az\/wp-content\/uploads\/2023\/08\/f8e59f4b169339078168945185910729499.jpg",975,540,false],"thumbnail":["https:\/\/arantv.az\/wp-content\/uploads\/2023\/08\/f8e59f4b169339078168945185910729499-500x280.jpg",500,280,true],"medium":["https:\/\/arantv.az\/wp-content\/uploads\/2023\/08\/f8e59f4b169339078168945185910729499-660x365.jpg",660,365,true],"large":["https:\/\/arantv.az\/wp-content\/uploads\/2023\/08\/f8e59f4b169339078168945185910729499-840x465.jpg",640,354,true],"1536x1536":["https:\/\/arantv.az\/wp-content\/uploads\/2023\/08\/f8e59f4b169339078168945185910729499.jpg",975,540,false],"2048x2048":["https:\/\/arantv.az\/wp-content\/uploads\/2023\/08\/f8e59f4b169339078168945185910729499.jpg",975,540,false],"post-thumbnail":["https:\/\/arantv.az\/wp-content\/uploads\/2023\/08\/f8e59f4b169339078168945185910729499-240x172.jpg",240,172,true],"advps-thumb-one":["https:\/\/arantv.az\/wp-content\/uploads\/2023\/08\/f8e59f4b169339078168945185910729499.jpg",975,540,false]},"rttpg_author":{"display_name":"V\u00fcsal Rafiqo\u011flu","author_link":"https:\/\/arantv.az\/?author=2"},"rttpg_comment":0,"rttpg_category":"<a href=\"https:\/\/arantv.az\/?cat=4\" rel=\"category\">Siyas\u0259t<\/a>","rttpg_excerpt":"Az\u0259rbaycan Q\u0131z\u0131l Aypara C\u0259miyy\u0259ti il\u0259 Qaraba\u011fda ya\u015fayan erm\u0259ni\u0259silli \u015f\u0259xsl\u0259rin ehtiyaclar\u0131n\u0131 qar\u015f\u0131lamaq \u00fc\u00e7\u00fcn humanitar yard\u0131m yola sal\u0131b v\u0259 \u00fcmidvard\u0131r ki, bu add\u0131m Xank\u0259ndid\u0259 ya\u015fayan erm\u0259nil\u0259r v\u0259 beyn\u0259lxalq ictimaiyy\u0259t t\u0259r\u0259find\u0259n m\u00fcsb\u0259t qar\u015f\u0131lanacaq. H\u0259tta onlar\u0131n dig\u0259r ehtiyac\u0131 oldu\u011fu l\u0259vazimatlar\u0131 da \u00e7atd\u0131ra bil\u0259c\u0259yini b\u0259yan edib. H\u0259d\u0259f d\u0259 g\u00fcn kimi ayd\u0131nd\u0131r &#8211; erm\u0259nil\u0259rin v\u0259 havadarlar\u0131n\u0131n \u201cAz\u0259rbaycan\u0131n Qaraba\u011f iqtisadi rayonunda ya\u015fayan&hellip;","_links":{"self":[{"href":"https:\/\/arantv.az\/index.php?rest_route=\/wp\/v2\/posts\/626380"}],"collection":[{"href":"https:\/\/arantv.az\/index.php?rest_route=\/wp\/v2\/posts"}],"about":[{"href":"https:\/\/arantv.az\/index.php?rest_route=\/wp\/v2\/types\/post"}],"author":[{"embeddable":true,"href":"https:\/\/arantv.az\/index.php?rest_route=\/wp\/v2\/users\/2"}],"replies":[{"embeddable":true,"href":"https:\/\/arantv.az\/index.php?rest_route=%2Fwp%2Fv2%2Fcomments&post=626380"}],"version-history":[{"count":0,"href":"https:\/\/arantv.az\/index.php?rest_route=\/wp\/v2\/posts\/626380\/revisions"}],"wp:featuredmedia":[{"embeddable":true,"href":"https:\/\/arantv.az\/index.php?rest_route=\/wp\/v2\/media\/626328"}],"wp:attachment":[{"href":"https:\/\/arantv.az\/index.php?rest_route=%2Fwp%2Fv2%2Fmedia&parent=626380"}],"wp:term":[{"taxonomy":"category","embeddable":true,"href":"https:\/\/arantv.az\/index.php?rest_route=%2Fwp%2Fv2%2Fcategories&post=626380"},{"taxonomy":"post_tag","embeddable":true,"href":"https:\/\/arantv.az\/index.php?rest_route=%2Fwp%2Fv2%2Ftags&post=626380"}],"curies":[{"name":"wp","href":"https:\/\/api.w.org\/{rel}","templated":true}]}}