{"id":626384,"date":"2023-08-30T16:16:26","date_gmt":"2023-08-30T12:16:26","guid":{"rendered":"https:\/\/arantv.az\/?p=626384"},"modified":"2023-08-30T16:16:26","modified_gmt":"2023-08-30T12:16:26","slug":"erm%c9%99nistan-ordusunun-yuks%c9%99krutb%c9%99li-zabitl%c9%99ri-h%c9%99bs-edilibl%c9%99r","status":"publish","type":"post","link":"https:\/\/arantv.az\/?p=626384","title":{"rendered":"Erm\u0259nistan ordusunun y\u00fcks\u0259kr\u00fctb\u0259li zabitl\u0259ri h\u0259bs edilibl\u0259r"},"content":{"rendered":"<p>Erm\u0259nistan ordusunun iki y\u00fcks\u0259kr\u00fctb\u0259li zabiti h\u0259bs edilib.<\/p>\n<p>Bu bar\u0259d\u0259 Erm\u0259nistan \u0130stintaq Komit\u0259sinin m\u0259tbuat xidm\u0259ti m\u0259lumat verib.<\/p>\n<p>Bel\u0259 ki, h\u0259bs edil\u0259n y\u00fcks\u0259kr\u00fctb\u0259li zabitl\u0259r 44 g\u00fcnl\u00fck II Qaraba\u011f m\u00fcharib\u0259si zaman\u0131 h\u0259rbi qulluq\u00e7ular aras\u0131nda t\u0259\u015fvi\u015f yaratmaqda v\u0259 silah\u0131 yer\u0259 qoyma\u011fa t\u0259\u015fviq etm\u0259kd\u0259 ittiham olunurlar.<\/p>\n<p>Qeyd olunub\u00a0ki, daxil olmu\u015f materiallar \u0259sas\u0131nda polkovnik v\u0259 polkovnik-leytenanta Cinay\u0259t M\u0259c\u0259ll\u0259sinin m\u00fcvafiq madd\u0259l\u0259ri il\u0259 ittiham elan edilib.<\/p>\n<p>H\u0259rb\u00e7il\u0259rin h\u0259r ikisi h\u0259bs edilib, cinay\u0259t i\u015fi ittiham akt\u0131 il\u0259 birlikd\u0259 prokurorlu\u011fa t\u0259qdim edilib.<\/p>\n<p>M\u0259nb\u0259: Sputnik Erm\u0259nistan<\/p>\n","protected":false},"excerpt":{"rendered":"<p>Erm\u0259nistan ordusunun iki y\u00fcks\u0259kr\u00fctb\u0259li zabiti h\u0259bs edilib. Bu bar\u0259d\u0259 Erm\u0259nistan \u0130stintaq Komit\u0259sinin m\u0259tbuat xidm\u0259ti m\u0259lumat verib. Bel\u0259 ki, h\u0259bs edil\u0259n y\u00fcks\u0259kr\u00fctb\u0259li zabitl\u0259r 44 g\u00fcnl\u00fck II Qaraba\u011f m\u00fcharib\u0259si zaman\u0131 h\u0259rbi qulluq\u00e7ular aras\u0131nda t\u0259\u015fvi\u015f yaratmaqda v\u0259 silah\u0131 yer\u0259 qoyma\u011fa t\u0259\u015fviq etm\u0259kd\u0259 ittiham olunurlar. Qeyd olunub\u00a0ki, daxil olmu\u015f materiallar \u0259sas\u0131nda polkovnik v\u0259 polkovnik-leytenanta Cinay\u0259t M\u0259c\u0259ll\u0259sinin m\u00fcvafiq madd\u0259l\u0259ri il\u0259 ittiham elan edilib. H\u0259rb\u00e7il\u0259rin h\u0259r ikisi h\u0259bs edilib, cinay\u0259t i\u015fi ittiham akt\u0131 il\u0259 birlikd\u0259 prokurorlu\u011fa t\u0259qdim edilib. M\u0259nb\u0259: Sputnik Erm\u0259nistan<\/p>\n","protected":false},"author":2,"featured_media":626388,"comment_status":"closed","ping_status":"closed","sticky":false,"template":"","format":"standard","meta":{"om_disable_all_campaigns":false,"_monsterinsights_skip_tracking":false,"_monsterinsights_sitenote_active":false,"_monsterinsights_sitenote_note":"","_monsterinsights_sitenote_category":0},"categories":[7],"tags":[],"aioseo_notices":[],"gutentor_comment":0,"rttpg_featured_image_url":{"full":["https:\/\/arantv.az\/wp-content\/uploads\/2023\/08\/371133899_971485004083367_1150673824506866302_n.jpg",620,413,false],"landscape":["https:\/\/arantv.az\/wp-content\/uploads\/2023\/08\/371133899_971485004083367_1150673824506866302_n.jpg",620,413,false],"portraits":["https:\/\/arantv.az\/wp-content\/uploads\/2023\/08\/371133899_971485004083367_1150673824506866302_n.jpg",620,413,false],"thumbnail":["https:\/\/arantv.az\/wp-content\/uploads\/2023\/08\/371133899_971485004083367_1150673824506866302_n-500x280.jpg",500,280,true],"medium":["https:\/\/arantv.az\/wp-content\/uploads\/2023\/08\/371133899_971485004083367_1150673824506866302_n-548x365.jpg",548,365,true],"large":["https:\/\/arantv.az\/wp-content\/uploads\/2023\/08\/371133899_971485004083367_1150673824506866302_n.jpg",620,413,false],"1536x1536":["https:\/\/arantv.az\/wp-content\/uploads\/2023\/08\/371133899_971485004083367_1150673824506866302_n.jpg",620,413,false],"2048x2048":["https:\/\/arantv.az\/wp-content\/uploads\/2023\/08\/371133899_971485004083367_1150673824506866302_n.jpg",620,413,false],"post-thumbnail":["https:\/\/arantv.az\/wp-content\/uploads\/2023\/08\/371133899_971485004083367_1150673824506866302_n-240x172.jpg",240,172,true],"advps-thumb-one":["https:\/\/arantv.az\/wp-content\/uploads\/2023\/08\/371133899_971485004083367_1150673824506866302_n.jpg",620,413,false]},"rttpg_author":{"display_name":"V\u00fcsal Rafiqo\u011flu","author_link":"https:\/\/arantv.az\/?author=2"},"rttpg_comment":0,"rttpg_category":"<a href=\"https:\/\/arantv.az\/?cat=7\" rel=\"category\">D\u00fcnya<\/a>","rttpg_excerpt":"Erm\u0259nistan ordusunun iki y\u00fcks\u0259kr\u00fctb\u0259li zabiti h\u0259bs edilib. Bu bar\u0259d\u0259 Erm\u0259nistan \u0130stintaq Komit\u0259sinin m\u0259tbuat xidm\u0259ti m\u0259lumat verib. Bel\u0259 ki, h\u0259bs edil\u0259n y\u00fcks\u0259kr\u00fctb\u0259li zabitl\u0259r 44 g\u00fcnl\u00fck II Qaraba\u011f m\u00fcharib\u0259si zaman\u0131 h\u0259rbi qulluq\u00e7ular aras\u0131nda t\u0259\u015fvi\u015f yaratmaqda v\u0259 silah\u0131 yer\u0259 qoyma\u011fa t\u0259\u015fviq etm\u0259kd\u0259 ittiham olunurlar. Qeyd olunub\u00a0ki, daxil olmu\u015f materiallar \u0259sas\u0131nda polkovnik v\u0259 polkovnik-leytenanta Cinay\u0259t M\u0259c\u0259ll\u0259sinin m\u00fcvafiq madd\u0259l\u0259ri il\u0259&hellip;","_links":{"self":[{"href":"https:\/\/arantv.az\/index.php?rest_route=\/wp\/v2\/posts\/626384"}],"collection":[{"href":"https:\/\/arantv.az\/index.php?rest_route=\/wp\/v2\/posts"}],"about":[{"href":"https:\/\/arantv.az\/index.php?rest_route=\/wp\/v2\/types\/post"}],"author":[{"embeddable":true,"href":"https:\/\/arantv.az\/index.php?rest_route=\/wp\/v2\/users\/2"}],"replies":[{"embeddable":true,"href":"https:\/\/arantv.az\/index.php?rest_route=%2Fwp%2Fv2%2Fcomments&post=626384"}],"version-history":[{"count":0,"href":"https:\/\/arantv.az\/index.php?rest_route=\/wp\/v2\/posts\/626384\/revisions"}],"wp:featuredmedia":[{"embeddable":true,"href":"https:\/\/arantv.az\/index.php?rest_route=\/wp\/v2\/media\/626388"}],"wp:attachment":[{"href":"https:\/\/arantv.az\/index.php?rest_route=%2Fwp%2Fv2%2Fmedia&parent=626384"}],"wp:term":[{"taxonomy":"category","embeddable":true,"href":"https:\/\/arantv.az\/index.php?rest_route=%2Fwp%2Fv2%2Fcategories&post=626384"},{"taxonomy":"post_tag","embeddable":true,"href":"https:\/\/arantv.az\/index.php?rest_route=%2Fwp%2Fv2%2Ftags&post=626384"}],"curies":[{"name":"wp","href":"https:\/\/api.w.org\/{rel}","templated":true}]}}