{"id":626387,"date":"2023-08-30T16:16:21","date_gmt":"2023-08-30T12:16:21","guid":{"rendered":"https:\/\/arantv.az\/?p=626387"},"modified":"2023-08-30T16:16:21","modified_gmt":"2023-08-30T12:16:21","slug":"ramanada-azyaslilar-valideyni-t%c9%99r%c9%99find%c9%99n-sidd%c9%99t-gorurl%c9%99r-aciqlama","status":"publish","type":"post","link":"https:\/\/arantv.az\/?p=626387","title":{"rendered":"Ramanada azya\u015fl\u0131lar valideyni t\u0259r\u0259find\u0259n \u015fidd\u0259t g\u00f6r\u00fcrl\u0259r? &#8211; A\u00c7IQLAMA"},"content":{"rendered":"<p>Sabun\u00e7u rayonu Ramana k\u0259ndind\u0259 azya\u015fl\u0131 valideynl\u0259ri t\u0259r\u0259find\u0259n \u015fidd\u0259t\u0259 m\u0259ruz qal\u0131b.<\/p>\n<p>Bu bar\u0259d\u0259 m\u0259lumat sosial \u015f\u0259b\u0259k\u0259l\u0259rd\u0259 payla\u015f\u0131l\u0131b. Bel\u0259 ki, iddialara g\u00f6r\u0259 hadis\u0259 Ramana k\u0259ndi 1-ci sah\u0259 adland\u0131r\u0131lan \u0259razid\u0259 ba\u015f verib.<\/p>\n<p>Psixoloji probleml\u0259ri oldu\u011fu iddia edil\u0259n valideyn iki\u00a0v\u0259 yeddi\u00a0ya\u015flar\u0131nda olan \u00f6vladlar\u0131n\u0131 s\u00f6y\u00fcr, d\u00f6y\u00fcr, i\u015fg\u0259nc\u0259 verir. El\u0259c\u0259 d\u0259 u\u015fa\u011f\u0131 it dam\u0131na soxub ba\u011flad\u0131\u011f\u0131, hamamda \u015fidd\u0259t g\u00f6st\u0259rdiyi, \u015fill\u0259l\u0259rin s\u0259sinin k\u00fc\u00e7\u0259d\u0259n bel\u0259 e\u015fidildiyi iddia edilir.<\/p>\n<p>M\u0259s\u0259l\u0259nin ara\u015fd\u0131r\u0131lmas\u0131 v\u0259 iddialar\u0131n n\u0259 d\u0259r\u0259c\u0259d\u0259 h\u0259qiq\u0259ti \u0259ks etdirdiyini \u00f6yr\u0259nm\u0259k \u00fc\u00e7\u00fcn Daxili \u0130\u015fl\u0259r Nazirliyin\u0259 (D\u0130N) sor\u011fu \u00fcnvanlad\u0131q.<\/p>\n<p>M\u0259s\u0259l\u0259 il\u0259 ba\u011fl\u0131 Daxili \u0130\u015fl\u0259r Nazirliyinin (D\u0130N) M\u0259tbuat Xidm\u0259tinin \u0259m\u0259kda\u015f\u0131\u00a0<strong>Nurlan \u018fliyev Oxu.Az<\/strong>-\u0131n sor\u011fusuna cavab olaraq bildirib ki, Sabun\u00e7u Rayon Polis \u015e\u00f6b\u0259sinin \u0259m\u0259kda\u015flar\u0131 v\u0259 Sabun\u00e7u Rayon \u0130cra Hakimiyy\u0259ti yan\u0131nda Yetkinlik ya\u015f\u0131na \u00e7atmayanlar\u0131n h\u00fcquqlar\u0131n\u0131n m\u00fcdafi\u0259si komissiyas\u0131n\u0131n \u0259m\u0259kda\u015flar\u0131 h\u0259min \u00fcnvanda olublar:<\/p>\n<p>\u201cAzya\u015fl\u0131lar v\u0259 valideynl\u0259ri, el\u0259c\u0259 d\u0259 qon\u015fular dindirilib. Azya\u015fl\u0131lar\u0131n \u00fcz\u0259rind\u0259 he\u00e7 bir zorak\u0131l\u0131q \u0259lam\u0259tl\u0259ri a\u015fkar edilm\u0259yib. Psixoloq v\u0259 icra hakimiyy\u0259tinin n\u00fcmay\u0259nd\u0259l\u0259rinin i\u015ftirak\u0131 il\u0259 dindiril\u0259n azya\u015fl\u0131lar, el\u0259c\u0259 d\u0259 qon\u015fular azya\u015fl\u0131lara qar\u015f\u0131 t\u0259zyiq g\u00f6st\u0259rilm\u0259diyini bildiribl\u0259r. M\u0259s\u0259l\u0259 il\u0259 ba\u011fl\u0131 ara\u015fd\u0131rmalar davam etdirilir\u201d.<\/p>\n","protected":false},"excerpt":{"rendered":"<p>Sabun\u00e7u rayonu Ramana k\u0259ndind\u0259 azya\u015fl\u0131 valideynl\u0259ri t\u0259r\u0259find\u0259n \u015fidd\u0259t\u0259 m\u0259ruz qal\u0131b. Bu bar\u0259d\u0259 m\u0259lumat sosial \u015f\u0259b\u0259k\u0259l\u0259rd\u0259 payla\u015f\u0131l\u0131b. Bel\u0259 ki, iddialara g\u00f6r\u0259 hadis\u0259 Ramana k\u0259ndi 1-ci sah\u0259 adland\u0131r\u0131lan \u0259razid\u0259 ba\u015f verib. Psixoloji probleml\u0259ri oldu\u011fu iddia edil\u0259n valideyn iki\u00a0v\u0259 yeddi\u00a0ya\u015flar\u0131nda olan \u00f6vladlar\u0131n\u0131 s\u00f6y\u00fcr, d\u00f6y\u00fcr, i\u015fg\u0259nc\u0259 verir. El\u0259c\u0259 d\u0259 u\u015fa\u011f\u0131 it dam\u0131na soxub ba\u011flad\u0131\u011f\u0131, hamamda \u015fidd\u0259t g\u00f6st\u0259rdiyi, \u015fill\u0259l\u0259rin s\u0259sinin k\u00fc\u00e7\u0259d\u0259n bel\u0259 e\u015fidildiyi iddia edilir. M\u0259s\u0259l\u0259nin ara\u015fd\u0131r\u0131lmas\u0131 v\u0259 iddialar\u0131n n\u0259 d\u0259r\u0259c\u0259d\u0259 h\u0259qiq\u0259ti \u0259ks etdirdiyini \u00f6yr\u0259nm\u0259k \u00fc\u00e7\u00fcn Daxili \u0130\u015fl\u0259r Nazirliyin\u0259 (D\u0130N) sor\u011fu \u00fcnvanlad\u0131q. M\u0259s\u0259l\u0259 il\u0259 ba\u011fl\u0131 Daxili \u0130\u015fl\u0259r Nazirliyinin (D\u0130N) M\u0259tbuat Xidm\u0259tinin \u0259m\u0259kda\u015f\u0131\u00a0Nurlan \u018fliyev Oxu.Az-\u0131n sor\u011fusuna&hellip;<\/p>\n","protected":false},"author":2,"featured_media":626389,"comment_status":"closed","ping_status":"closed","sticky":false,"template":"","format":"standard","meta":{"om_disable_all_campaigns":false,"_monsterinsights_skip_tracking":false,"_monsterinsights_sitenote_active":false,"_monsterinsights_sitenote_note":"","_monsterinsights_sitenote_category":0},"categories":[1],"tags":[],"aioseo_notices":[],"gutentor_comment":0,"rttpg_featured_image_url":{"full":["https:\/\/arantv.az\/wp-content\/uploads\/2023\/08\/FotoJet-2022-02-19T104246.395.jpg",620,413,false],"landscape":["https:\/\/arantv.az\/wp-content\/uploads\/2023\/08\/FotoJet-2022-02-19T104246.395.jpg",620,413,false],"portraits":["https:\/\/arantv.az\/wp-content\/uploads\/2023\/08\/FotoJet-2022-02-19T104246.395.jpg",620,413,false],"thumbnail":["https:\/\/arantv.az\/wp-content\/uploads\/2023\/08\/FotoJet-2022-02-19T104246.395-500x280.jpg",500,280,true],"medium":["https:\/\/arantv.az\/wp-content\/uploads\/2023\/08\/FotoJet-2022-02-19T104246.395-548x365.jpg",548,365,true],"large":["https:\/\/arantv.az\/wp-content\/uploads\/2023\/08\/FotoJet-2022-02-19T104246.395.jpg",620,413,false],"1536x1536":["https:\/\/arantv.az\/wp-content\/uploads\/2023\/08\/FotoJet-2022-02-19T104246.395.jpg",620,413,false],"2048x2048":["https:\/\/arantv.az\/wp-content\/uploads\/2023\/08\/FotoJet-2022-02-19T104246.395.jpg",620,413,false],"post-thumbnail":["https:\/\/arantv.az\/wp-content\/uploads\/2023\/08\/FotoJet-2022-02-19T104246.395-240x172.jpg",240,172,true],"advps-thumb-one":["https:\/\/arantv.az\/wp-content\/uploads\/2023\/08\/FotoJet-2022-02-19T104246.395.jpg",620,413,false]},"rttpg_author":{"display_name":"V\u00fcsal Rafiqo\u011flu","author_link":"https:\/\/arantv.az\/?author=2"},"rttpg_comment":0,"rttpg_category":"<a href=\"https:\/\/arantv.az\/?cat=1\" rel=\"category\">C\u0259miyy\u0259t<\/a>","rttpg_excerpt":"Sabun\u00e7u rayonu Ramana k\u0259ndind\u0259 azya\u015fl\u0131 valideynl\u0259ri t\u0259r\u0259find\u0259n \u015fidd\u0259t\u0259 m\u0259ruz qal\u0131b. Bu bar\u0259d\u0259 m\u0259lumat sosial \u015f\u0259b\u0259k\u0259l\u0259rd\u0259 payla\u015f\u0131l\u0131b. Bel\u0259 ki, iddialara g\u00f6r\u0259 hadis\u0259 Ramana k\u0259ndi 1-ci sah\u0259 adland\u0131r\u0131lan \u0259razid\u0259 ba\u015f verib. Psixoloji probleml\u0259ri oldu\u011fu iddia edil\u0259n valideyn iki\u00a0v\u0259 yeddi\u00a0ya\u015flar\u0131nda olan \u00f6vladlar\u0131n\u0131 s\u00f6y\u00fcr, d\u00f6y\u00fcr, i\u015fg\u0259nc\u0259 verir. El\u0259c\u0259 d\u0259 u\u015fa\u011f\u0131 it dam\u0131na soxub ba\u011flad\u0131\u011f\u0131, hamamda \u015fidd\u0259t g\u00f6st\u0259rdiyi, \u015fill\u0259l\u0259rin s\u0259sinin&hellip;","_links":{"self":[{"href":"https:\/\/arantv.az\/index.php?rest_route=\/wp\/v2\/posts\/626387"}],"collection":[{"href":"https:\/\/arantv.az\/index.php?rest_route=\/wp\/v2\/posts"}],"about":[{"href":"https:\/\/arantv.az\/index.php?rest_route=\/wp\/v2\/types\/post"}],"author":[{"embeddable":true,"href":"https:\/\/arantv.az\/index.php?rest_route=\/wp\/v2\/users\/2"}],"replies":[{"embeddable":true,"href":"https:\/\/arantv.az\/index.php?rest_route=%2Fwp%2Fv2%2Fcomments&post=626387"}],"version-history":[{"count":0,"href":"https:\/\/arantv.az\/index.php?rest_route=\/wp\/v2\/posts\/626387\/revisions"}],"wp:featuredmedia":[{"embeddable":true,"href":"https:\/\/arantv.az\/index.php?rest_route=\/wp\/v2\/media\/626389"}],"wp:attachment":[{"href":"https:\/\/arantv.az\/index.php?rest_route=%2Fwp%2Fv2%2Fmedia&parent=626387"}],"wp:term":[{"taxonomy":"category","embeddable":true,"href":"https:\/\/arantv.az\/index.php?rest_route=%2Fwp%2Fv2%2Fcategories&post=626387"},{"taxonomy":"post_tag","embeddable":true,"href":"https:\/\/arantv.az\/index.php?rest_route=%2Fwp%2Fv2%2Ftags&post=626387"}],"curies":[{"name":"wp","href":"https:\/\/api.w.org\/{rel}","templated":true}]}}