{"id":626392,"date":"2023-08-30T16:17:41","date_gmt":"2023-08-30T12:17:41","guid":{"rendered":"https:\/\/arantv.az\/?p=626392"},"modified":"2023-08-30T16:17:41","modified_gmt":"2023-08-30T12:17:41","slug":"elin-suleymanov-erm%c9%99nistan-v%c9%99-az%c9%99rbaycan-ucun-prioritet-davamli-sulh-sazisi-olmalidir","status":"publish","type":"post","link":"https:\/\/arantv.az\/?p=626392","title":{"rendered":"Elin S\u00fcleymanov: \u201cErm\u0259nistan v\u0259 Az\u0259rbaycan \u00fc\u00e7\u00fcn prioritet davaml\u0131 s\u00fclh sazi\u015fi olmal\u0131d\u0131r\u201d"},"content":{"rendered":"<p>\u201cSon h\u0259ft\u0259l\u0259rd\u0259 \u00e7ox siyasil\u0259\u015fmi\u015f m\u00fczakir\u0259l\u0259r La\u00e7\u0131n yolu m\u0259s\u0259l\u0259sini BMT T\u0259hl\u00fck\u0259sizlik \u015euras\u0131na q\u0259d\u0259r apard\u0131. Davam ed\u0259n prosesl\u0259r sad\u0259 v\u0259 \u0259sas reall\u0131\u011f\u0131 k\u00f6lg\u0259d\u0259 qoymamal\u0131d\u0131r: Erm\u0259nistan v\u0259 Az\u0259rbaycan \u00fc\u00e7\u00fcn prioritet beyn\u0259lxalq h\u00fcquqa \u0259saslanan davaml\u0131 s\u00fclh sazi\u015fi olmal\u0131d\u0131r\u201d.<\/p>\n<p>\u201cReport\u201d x\u0259b\u0259r verir ki, bunu Az\u0259rbaycan\u0131n B\u00f6y\u00fck Britaniyadak\u0131 s\u0259firi Elin S\u00fcleymanov Britaniyan\u0131n \u201cComment Central\u201d n\u0259\u015frind\u0259 d\u0259rc olunmu\u015f \u201cAz\u0259rbaycan v\u0259 Erm\u0259nistana s\u00fclh laz\u0131md\u0131r, teatr yox\u201d s\u0259rl\u00f6vh\u0259li m\u0259qal\u0259sind\u0259 yaz\u0131b.<\/p>\n<p>Diplomat bildirib ki, Az\u0259rbaycan\u0131n La\u00e7\u0131n yolunda s\u0259rh\u0259d-ke\u00e7id m\u0259nt\u0259q\u0259si yaratmaq q\u0259rar\u0131n\u0131 t\u0259nqid ed\u0259nl\u0259r beyn\u0259lxalq h\u00fcquqa zidd davran\u0131rlar:<\/p>\n<p>\u201cSovet \u0130ttifaq\u0131 da\u011f\u0131lan kimi Erm\u0259nistan etnik c\u0259h\u0259td\u0259n qar\u0131\u015f\u0131q olan b\u00f6lg\u0259ni, el\u0259c\u0259 d\u0259 ona biti\u015fik bir ne\u00e7\u0259 \u0259razini &#8211; \u00fcmumilikd\u0259 Az\u0259rbaycan\u0131n, dem\u0259k olar ki, be\u015fd\u0259birini i\u015f\u011fal etdi. Bu proses n\u0259tic\u0259sind\u0259 orada ya\u015fayan y\u00fczminl\u0259rl\u0259 az\u0259rbaycanl\u0131 qovuldu. M\u0259qs\u0259d i\u015f\u011fal olunmu\u015f torpaqlar\u0131 Erm\u0259nistana birl\u0259\u015fdirm\u0259k idi. H\u0259r\u00e7\u0259nd, BMT T\u0259hl\u00fck\u0259sizlik \u015euras\u0131n\u0131n d\u00f6rd q\u0259tnam\u0259si onlar\u0131n \u0259razid\u0259n d\u0259rhal \u00e7\u0131xar\u0131lmas\u0131n\u0131 t\u0259l\u0259b edirdi\u201d.<\/p>\n<p>E.S\u00fcleymanov bildirib ki, otuz ild\u0259n sonra, Az\u0259rbaycan 2020-ci ild\u0259 44 g\u00fcnl\u00fck m\u00fcharib\u0259 n\u0259tic\u0259sind\u0259 \u00f6z \u0259razi b\u00fct\u00f6vl\u00fcy\u00fcn\u00fc b\u0259rpa edib:<\/p>\n<p>\u201c44 g\u00fcnl\u00fck m\u00fcharib\u0259d\u0259n sonra Erm\u0259nistan, Az\u0259rbaycan v\u0259 Rusiya liderl\u0259rinin 2020-ci ilin noyabr\u0131nda imzalad\u0131qlar\u0131 birg\u0259 raz\u0131la\u015fmaya \u0259sas\u0259n, Rusiyan\u0131n m\u0259hdud sayda s\u00fclhm\u0259raml\u0131 kontingenti m\u00fcv\u0259qq\u0259ti olaraq Qaraba\u011fda yerl\u0259\u015fdirilib. Erm\u0259nistan\u0131n ba\u015f naziri Nikol Pa\u015finyan Qaraba\u011f\u0131 Az\u0259rbaycan\u0131n suveren hiss\u0259si kimi tan\u0131d\u0131\u011f\u0131n\u0131 a\u00e7\u0131q \u015f\u0259kild\u0259 b\u0259yan edib. S\u00fclh m\u00fcqavil\u0259si s\u0259rh\u0259dl\u0259rin qar\u015f\u0131l\u0131ql\u0131 tan\u0131nmas\u0131 v\u0259 delimitasiyas\u0131 il\u0259 ba\u011fl\u0131 olacaq. G\u00fccl\u00fc s\u0259rh\u0259d n\u0259zar\u0259ti rejiminin yarad\u0131lmas\u0131 prosesin \u0259v\u0259zsiz hiss\u0259sidir\u201d.<\/p>\n<p>S\u0259firin s\u00f6zl\u0259rin\u0259 g\u00f6r\u0259, dig\u0259r qon\u015fu \u00f6lk\u0259l\u0259r kimi, Erm\u0259nistanla da konkret s\u0259rh\u0259dl\u0259r olmal\u0131d\u0131r:<\/p>\n<p>\u201cBu o dem\u0259k deyil ki, s\u00fclh asan olacaq. 30 il ayr\u0131 ya\u015fad\u0131qdan sonra regionun Az\u0259rbaycana reinteqrasiyas\u0131 s\u0259bir t\u0259l\u0259b ed\u0259c\u0259k. Az\u0259rbaycanl\u0131 qa\u00e7q\u0131nlar\u0131n v\u0259t\u0259n\u0259 qay\u0131tmas\u0131, mina probleminin h\u0259lli xeyli vaxt alacaq. Amma h\u0259r iki d\u00f6vl\u0259t dinc, firavan C\u0259nubi Qafqaz\u0131n qurulmas\u0131na diqq\u0259t yetirs\u0259, g\u0259l\u0259c\u0259k \u0259m\u0259kda\u015fl\u0131q m\u00fchiti formala\u015fa bil\u0259r\u201d.<\/p>\n","protected":false},"excerpt":{"rendered":"<p>\u201cSon h\u0259ft\u0259l\u0259rd\u0259 \u00e7ox siyasil\u0259\u015fmi\u015f m\u00fczakir\u0259l\u0259r La\u00e7\u0131n yolu m\u0259s\u0259l\u0259sini BMT T\u0259hl\u00fck\u0259sizlik \u015euras\u0131na q\u0259d\u0259r apard\u0131. Davam ed\u0259n prosesl\u0259r sad\u0259 v\u0259 \u0259sas reall\u0131\u011f\u0131 k\u00f6lg\u0259d\u0259 qoymamal\u0131d\u0131r: Erm\u0259nistan v\u0259 Az\u0259rbaycan \u00fc\u00e7\u00fcn prioritet beyn\u0259lxalq h\u00fcquqa \u0259saslanan davaml\u0131 s\u00fclh sazi\u015fi olmal\u0131d\u0131r\u201d. \u201cReport\u201d x\u0259b\u0259r verir ki, bunu Az\u0259rbaycan\u0131n B\u00f6y\u00fck Britaniyadak\u0131 s\u0259firi Elin S\u00fcleymanov Britaniyan\u0131n \u201cComment Central\u201d n\u0259\u015frind\u0259 d\u0259rc olunmu\u015f \u201cAz\u0259rbaycan v\u0259 Erm\u0259nistana s\u00fclh laz\u0131md\u0131r, teatr yox\u201d s\u0259rl\u00f6vh\u0259li m\u0259qal\u0259sind\u0259 yaz\u0131b. Diplomat bildirib ki, Az\u0259rbaycan\u0131n La\u00e7\u0131n yolunda s\u0259rh\u0259d-ke\u00e7id m\u0259nt\u0259q\u0259si yaratmaq q\u0259rar\u0131n\u0131 t\u0259nqid ed\u0259nl\u0259r beyn\u0259lxalq h\u00fcquqa zidd davran\u0131rlar: \u201cSovet \u0130ttifaq\u0131 da\u011f\u0131lan kimi Erm\u0259nistan etnik c\u0259h\u0259td\u0259n qar\u0131\u015f\u0131q olan b\u00f6lg\u0259ni, el\u0259c\u0259 d\u0259 ona&hellip;<\/p>\n","protected":false},"author":2,"featured_media":626395,"comment_status":"closed","ping_status":"closed","sticky":false,"template":"","format":"standard","meta":{"om_disable_all_campaigns":false,"_monsterinsights_skip_tracking":false,"_monsterinsights_sitenote_active":false,"_monsterinsights_sitenote_note":"","_monsterinsights_sitenote_category":0},"categories":[4],"tags":[],"aioseo_notices":[],"gutentor_comment":0,"rttpg_featured_image_url":{"full":["https:\/\/arantv.az\/wp-content\/uploads\/2023\/08\/9bee12b2-6c16-39bd-a32e-55920ffca755_850-1.jpg",620,413,false],"landscape":["https:\/\/arantv.az\/wp-content\/uploads\/2023\/08\/9bee12b2-6c16-39bd-a32e-55920ffca755_850-1.jpg",620,413,false],"portraits":["https:\/\/arantv.az\/wp-content\/uploads\/2023\/08\/9bee12b2-6c16-39bd-a32e-55920ffca755_850-1.jpg",620,413,false],"thumbnail":["https:\/\/arantv.az\/wp-content\/uploads\/2023\/08\/9bee12b2-6c16-39bd-a32e-55920ffca755_850-1-500x280.jpg",500,280,true],"medium":["https:\/\/arantv.az\/wp-content\/uploads\/2023\/08\/9bee12b2-6c16-39bd-a32e-55920ffca755_850-1-548x365.jpg",548,365,true],"large":["https:\/\/arantv.az\/wp-content\/uploads\/2023\/08\/9bee12b2-6c16-39bd-a32e-55920ffca755_850-1.jpg",620,413,false],"1536x1536":["https:\/\/arantv.az\/wp-content\/uploads\/2023\/08\/9bee12b2-6c16-39bd-a32e-55920ffca755_850-1.jpg",620,413,false],"2048x2048":["https:\/\/arantv.az\/wp-content\/uploads\/2023\/08\/9bee12b2-6c16-39bd-a32e-55920ffca755_850-1.jpg",620,413,false],"post-thumbnail":["https:\/\/arantv.az\/wp-content\/uploads\/2023\/08\/9bee12b2-6c16-39bd-a32e-55920ffca755_850-1-240x172.jpg",240,172,true],"advps-thumb-one":["https:\/\/arantv.az\/wp-content\/uploads\/2023\/08\/9bee12b2-6c16-39bd-a32e-55920ffca755_850-1.jpg",620,413,false]},"rttpg_author":{"display_name":"V\u00fcsal Rafiqo\u011flu","author_link":"https:\/\/arantv.az\/?author=2"},"rttpg_comment":0,"rttpg_category":"<a href=\"https:\/\/arantv.az\/?cat=4\" rel=\"category\">Siyas\u0259t<\/a>","rttpg_excerpt":"\u201cSon h\u0259ft\u0259l\u0259rd\u0259 \u00e7ox siyasil\u0259\u015fmi\u015f m\u00fczakir\u0259l\u0259r La\u00e7\u0131n yolu m\u0259s\u0259l\u0259sini BMT T\u0259hl\u00fck\u0259sizlik \u015euras\u0131na q\u0259d\u0259r apard\u0131. Davam ed\u0259n prosesl\u0259r sad\u0259 v\u0259 \u0259sas reall\u0131\u011f\u0131 k\u00f6lg\u0259d\u0259 qoymamal\u0131d\u0131r: Erm\u0259nistan v\u0259 Az\u0259rbaycan \u00fc\u00e7\u00fcn prioritet beyn\u0259lxalq h\u00fcquqa \u0259saslanan davaml\u0131 s\u00fclh sazi\u015fi olmal\u0131d\u0131r\u201d. \u201cReport\u201d x\u0259b\u0259r verir ki, bunu Az\u0259rbaycan\u0131n B\u00f6y\u00fck Britaniyadak\u0131 s\u0259firi Elin S\u00fcleymanov Britaniyan\u0131n \u201cComment Central\u201d n\u0259\u015frind\u0259 d\u0259rc olunmu\u015f \u201cAz\u0259rbaycan v\u0259 Erm\u0259nistana s\u00fclh&hellip;","_links":{"self":[{"href":"https:\/\/arantv.az\/index.php?rest_route=\/wp\/v2\/posts\/626392"}],"collection":[{"href":"https:\/\/arantv.az\/index.php?rest_route=\/wp\/v2\/posts"}],"about":[{"href":"https:\/\/arantv.az\/index.php?rest_route=\/wp\/v2\/types\/post"}],"author":[{"embeddable":true,"href":"https:\/\/arantv.az\/index.php?rest_route=\/wp\/v2\/users\/2"}],"replies":[{"embeddable":true,"href":"https:\/\/arantv.az\/index.php?rest_route=%2Fwp%2Fv2%2Fcomments&post=626392"}],"version-history":[{"count":0,"href":"https:\/\/arantv.az\/index.php?rest_route=\/wp\/v2\/posts\/626392\/revisions"}],"wp:featuredmedia":[{"embeddable":true,"href":"https:\/\/arantv.az\/index.php?rest_route=\/wp\/v2\/media\/626395"}],"wp:attachment":[{"href":"https:\/\/arantv.az\/index.php?rest_route=%2Fwp%2Fv2%2Fmedia&parent=626392"}],"wp:term":[{"taxonomy":"category","embeddable":true,"href":"https:\/\/arantv.az\/index.php?rest_route=%2Fwp%2Fv2%2Fcategories&post=626392"},{"taxonomy":"post_tag","embeddable":true,"href":"https:\/\/arantv.az\/index.php?rest_route=%2Fwp%2Fv2%2Ftags&post=626392"}],"curies":[{"name":"wp","href":"https:\/\/api.w.org\/{rel}","templated":true}]}}