{"id":626399,"date":"2023-08-30T16:21:20","date_gmt":"2023-08-30T12:21:20","guid":{"rendered":"https:\/\/arantv.az\/?p=626399"},"modified":"2023-08-30T16:21:20","modified_gmt":"2023-08-30T12:21:20","slug":"politoloq-az%c9%99rbaycan-y%c9%99hudil%c9%99r-ucun-h%c9%99mis%c9%99-tolerant-olk%c9%99-olub","status":"publish","type":"post","link":"https:\/\/arantv.az\/?p=626399","title":{"rendered":"Politoloq: \u201cAz\u0259rbaycan y\u0259hudil\u0259r \u00fc\u00e7\u00fcn h\u0259mi\u015f\u0259 tolerant \u00f6lk\u0259 olub\u201d"},"content":{"rendered":"<p>\u201cAz\u0259rbaycan m\u00fcst\u0259qillik \u0259ld\u0259 etdiyi ilk g\u00fcnd\u0259n onunla \u0130srail aras\u0131nda dostluq m\u00fcnasib\u0259tl\u0259ri formala\u015f\u0131b v\u0259 tolerant \u00f6lk\u0259 kimi burada y\u0259hudil\u0259r\u0259 qar\u015f\u0131 h\u0259mi\u015f\u0259 yax\u015f\u0131 m\u00fcnasib\u0259t olub\u201d.<\/p>\n<p>Bunu\u00a0\u201cReport\u201da a\u00e7\u0131qlamas\u0131nda siyasi elml\u0259r namiz\u0259di, mill\u0259tl\u0259raras\u0131 dini m\u00fcnasib\u0259tl\u0259r \u00fczr\u0259 ekspert Moisey Bekker deyib.<\/p>\n<p>\u201cAz\u0259rbaycan\u0131n m\u00fcs\u0259lman d\u00f6vl\u0259ti oldu\u011funu unutmaq olmaz. Bu, \u0130srail \u00fc\u00e7\u00fcn \u00e7ox vacib amildir\u201d, &#8211; dey\u0259 ekspert vur\u011fulay\u0131b.<\/p>\n<p>M.Bekker bildirib ki, bu iki \u00f6lk\u0259 m\u00fcs\u0259lman v\u0259 y\u0259hudi d\u00f6vl\u0259tl\u0259rinin tam sakit yana\u015f\u0131 ya\u015famas\u0131na v\u0259 qar\u015f\u0131l\u0131ql\u0131 faydal\u0131 m\u00fcnasib\u0259tl\u0259r\u0259 malik olmas\u0131na n\u00fcmun\u0259dir: \u201cQafqazda y\u0259hudil\u0259rin irsinin qorunub saxlanmas\u0131na dair bug\u00fcnk\u00fc konfrans yeni \u00fcmumi d\u00fcnyag\u00f6r\u00fc\u015f\u00fcn\u00fcn formala\u015fmas\u0131 bax\u0131m\u0131ndan \u00e7ox vacibdir\u201d.<\/p>\n<p>Ekspertin s\u00f6zl\u0259rin\u0259 g\u00f6r\u0259, bu konfrans m\u00fch\u00fcm m\u00f6vzular v\u0259 d\u0259y\u0259rl\u0259r haqq\u0131nda dan\u0131\u015fan aliml\u0259ri bir araya toplay\u0131b. B\u00fct\u00fcn bunlar iki xalq\u0131n v\u0259 iki dinin daha da yax\u0131nla\u015fmas\u0131na t\u00f6hf\u0259 ver\u0259c\u0259k:<\/p>\n<p>\u201c\u0130sraild\u0259 d\u0259 \u201cAz\u0259rbaycan dili v\u0259 m\u0259d\u0259niyy\u0259ti m\u0259rk\u0259zi\u201d a\u00e7\u0131lacaq ki, bu da h\u0259r iki \u00f6lk\u0259nin m\u00f6vqel\u0259rini g\u00fccl\u0259ndir\u0259c\u0259k\u201d.<\/p>\n<p>Bu s\u0259b\u0259bd\u0259n d\u0259, ekspertin fikrinc\u0259, bu tipli konfrans\u0131n Bak\u0131da ke\u00e7irilm\u0259si ikit\u0259r\u0259fli m\u00fcnasib\u0259tl\u0259rin geni\u015fl\u0259nm\u0259si \u00fc\u00e7\u00fcn \u0259lam\u0259tdar hadis\u0259dir.<\/p>\n","protected":false},"excerpt":{"rendered":"<p>\u201cAz\u0259rbaycan m\u00fcst\u0259qillik \u0259ld\u0259 etdiyi ilk g\u00fcnd\u0259n onunla \u0130srail aras\u0131nda dostluq m\u00fcnasib\u0259tl\u0259ri formala\u015f\u0131b v\u0259 tolerant \u00f6lk\u0259 kimi burada y\u0259hudil\u0259r\u0259 qar\u015f\u0131 h\u0259mi\u015f\u0259 yax\u015f\u0131 m\u00fcnasib\u0259t olub\u201d. Bunu\u00a0\u201cReport\u201da a\u00e7\u0131qlamas\u0131nda siyasi elml\u0259r namiz\u0259di, mill\u0259tl\u0259raras\u0131 dini m\u00fcnasib\u0259tl\u0259r \u00fczr\u0259 ekspert Moisey Bekker deyib. \u201cAz\u0259rbaycan\u0131n m\u00fcs\u0259lman d\u00f6vl\u0259ti oldu\u011funu unutmaq olmaz. Bu, \u0130srail \u00fc\u00e7\u00fcn \u00e7ox vacib amildir\u201d, &#8211; dey\u0259 ekspert vur\u011fulay\u0131b. M.Bekker bildirib ki, bu iki \u00f6lk\u0259 m\u00fcs\u0259lman v\u0259 y\u0259hudi d\u00f6vl\u0259tl\u0259rinin tam sakit yana\u015f\u0131 ya\u015famas\u0131na v\u0259 qar\u015f\u0131l\u0131ql\u0131 faydal\u0131 m\u00fcnasib\u0259tl\u0259r\u0259 malik olmas\u0131na n\u00fcmun\u0259dir: \u201cQafqazda y\u0259hudil\u0259rin irsinin qorunub saxlanmas\u0131na dair bug\u00fcnk\u00fc konfrans yeni \u00fcmumi d\u00fcnyag\u00f6r\u00fc\u015f\u00fcn\u00fcn formala\u015fmas\u0131 bax\u0131m\u0131ndan \u00e7ox vacibdir\u201d. Ekspertin s\u00f6zl\u0259rin\u0259&hellip;<\/p>\n","protected":false},"author":2,"featured_media":626401,"comment_status":"closed","ping_status":"closed","sticky":false,"template":"","format":"standard","meta":{"om_disable_all_campaigns":false,"_monsterinsights_skip_tracking":false,"_monsterinsights_sitenote_active":false,"_monsterinsights_sitenote_note":"","_monsterinsights_sitenote_category":0},"categories":[4],"tags":[],"aioseo_notices":[],"gutentor_comment":0,"rttpg_featured_image_url":{"full":["https:\/\/arantv.az\/wp-content\/uploads\/2023\/08\/dd5bf684-1518-3ca0-a0c2-b284bd2e9799_850.jpg",620,413,false],"landscape":["https:\/\/arantv.az\/wp-content\/uploads\/2023\/08\/dd5bf684-1518-3ca0-a0c2-b284bd2e9799_850.jpg",620,413,false],"portraits":["https:\/\/arantv.az\/wp-content\/uploads\/2023\/08\/dd5bf684-1518-3ca0-a0c2-b284bd2e9799_850.jpg",620,413,false],"thumbnail":["https:\/\/arantv.az\/wp-content\/uploads\/2023\/08\/dd5bf684-1518-3ca0-a0c2-b284bd2e9799_850-500x280.jpg",500,280,true],"medium":["https:\/\/arantv.az\/wp-content\/uploads\/2023\/08\/dd5bf684-1518-3ca0-a0c2-b284bd2e9799_850-548x365.jpg",548,365,true],"large":["https:\/\/arantv.az\/wp-content\/uploads\/2023\/08\/dd5bf684-1518-3ca0-a0c2-b284bd2e9799_850.jpg",620,413,false],"1536x1536":["https:\/\/arantv.az\/wp-content\/uploads\/2023\/08\/dd5bf684-1518-3ca0-a0c2-b284bd2e9799_850.jpg",620,413,false],"2048x2048":["https:\/\/arantv.az\/wp-content\/uploads\/2023\/08\/dd5bf684-1518-3ca0-a0c2-b284bd2e9799_850.jpg",620,413,false],"post-thumbnail":["https:\/\/arantv.az\/wp-content\/uploads\/2023\/08\/dd5bf684-1518-3ca0-a0c2-b284bd2e9799_850-240x172.jpg",240,172,true],"advps-thumb-one":["https:\/\/arantv.az\/wp-content\/uploads\/2023\/08\/dd5bf684-1518-3ca0-a0c2-b284bd2e9799_850.jpg",620,413,false]},"rttpg_author":{"display_name":"V\u00fcsal Rafiqo\u011flu","author_link":"https:\/\/arantv.az\/?author=2"},"rttpg_comment":0,"rttpg_category":"<a href=\"https:\/\/arantv.az\/?cat=4\" rel=\"category\">Siyas\u0259t<\/a>","rttpg_excerpt":"\u201cAz\u0259rbaycan m\u00fcst\u0259qillik \u0259ld\u0259 etdiyi ilk g\u00fcnd\u0259n onunla \u0130srail aras\u0131nda dostluq m\u00fcnasib\u0259tl\u0259ri formala\u015f\u0131b v\u0259 tolerant \u00f6lk\u0259 kimi burada y\u0259hudil\u0259r\u0259 qar\u015f\u0131 h\u0259mi\u015f\u0259 yax\u015f\u0131 m\u00fcnasib\u0259t olub\u201d. Bunu\u00a0\u201cReport\u201da a\u00e7\u0131qlamas\u0131nda siyasi elml\u0259r namiz\u0259di, mill\u0259tl\u0259raras\u0131 dini m\u00fcnasib\u0259tl\u0259r \u00fczr\u0259 ekspert Moisey Bekker deyib. \u201cAz\u0259rbaycan\u0131n m\u00fcs\u0259lman d\u00f6vl\u0259ti oldu\u011funu unutmaq olmaz. Bu, \u0130srail \u00fc\u00e7\u00fcn \u00e7ox vacib amildir\u201d, &#8211; dey\u0259 ekspert vur\u011fulay\u0131b. M.Bekker bildirib ki,&hellip;","_links":{"self":[{"href":"https:\/\/arantv.az\/index.php?rest_route=\/wp\/v2\/posts\/626399"}],"collection":[{"href":"https:\/\/arantv.az\/index.php?rest_route=\/wp\/v2\/posts"}],"about":[{"href":"https:\/\/arantv.az\/index.php?rest_route=\/wp\/v2\/types\/post"}],"author":[{"embeddable":true,"href":"https:\/\/arantv.az\/index.php?rest_route=\/wp\/v2\/users\/2"}],"replies":[{"embeddable":true,"href":"https:\/\/arantv.az\/index.php?rest_route=%2Fwp%2Fv2%2Fcomments&post=626399"}],"version-history":[{"count":0,"href":"https:\/\/arantv.az\/index.php?rest_route=\/wp\/v2\/posts\/626399\/revisions"}],"wp:featuredmedia":[{"embeddable":true,"href":"https:\/\/arantv.az\/index.php?rest_route=\/wp\/v2\/media\/626401"}],"wp:attachment":[{"href":"https:\/\/arantv.az\/index.php?rest_route=%2Fwp%2Fv2%2Fmedia&parent=626399"}],"wp:term":[{"taxonomy":"category","embeddable":true,"href":"https:\/\/arantv.az\/index.php?rest_route=%2Fwp%2Fv2%2Fcategories&post=626399"},{"taxonomy":"post_tag","embeddable":true,"href":"https:\/\/arantv.az\/index.php?rest_route=%2Fwp%2Fv2%2Ftags&post=626399"}],"curies":[{"name":"wp","href":"https:\/\/api.w.org\/{rel}","templated":true}]}}