{"id":626405,"date":"2023-08-30T16:23:14","date_gmt":"2023-08-30T12:23:14","guid":{"rendered":"https:\/\/arantv.az\/?p=626405"},"modified":"2023-08-30T16:23:14","modified_gmt":"2023-08-30T12:23:14","slug":"turkiy%c9%99d%c9%99-sabiq-nazir-hovuzda-olmus-v%c9%99ziyy%c9%99td%c9%99-tapilib","status":"publish","type":"post","link":"https:\/\/arantv.az\/?p=626405","title":{"rendered":"T\u00fcrkiy\u0259d\u0259 sabiq nazir hovuzda \u00f6lm\u00fc\u015f v\u0259ziyy\u0259td\u0259 tap\u0131l\u0131b"},"content":{"rendered":"<p>T\u00fcrkiy\u0259nin ke\u00e7mi\u015f qida v\u0259 k\u0259nd t\u0259s\u0259rr\u00fcfat\u0131 naziri Kutbettin Arzu ya\u015fay\u0131\u015f evinin hovuzunda \u00f6lm\u00fc\u015f v\u0259ziyy\u0259td\u0259 tap\u0131l\u0131b.<\/p>\n<p>Bu bar\u0259d\u0259 T\u00fcrkiy\u0259 m\u0259tbuat\u0131 x\u0259b\u0259r verib.<\/p>\n<p>\u0130lkin m\u0259lumatlara g\u00f6r\u0259, 68 ya\u015fl\u0131 sabiq nazir\u00a0infarkt n\u0259tic\u0259sind\u0259 h\u0259yat\u0131n\u0131 itirib.<\/p>\n<p>Lakin h\u00fcquq m\u00fchafiz\u0259 orqanlar\u0131 \u00f6l\u00fcm\u00fcn d\u0259qiq s\u0259b\u0259bi haqq\u0131nda apar\u0131lan m\u00fcayin\u0259l\u0259rd\u0259n sonra m\u0259lumat ver\u0259c\u0259kl\u0259rini bildiribl\u0259r.<\/p>\n<p>\u018flav\u0259 ed\u0259k ki, Kutbettin Arzu 2015-ci ild\u0259 nazir v\u0259zif\u0259sini icra edib.<\/p>\n<p>M\u0259nb\u0259: Cumhuriyet<\/p>\n","protected":false},"excerpt":{"rendered":"<p>T\u00fcrkiy\u0259nin ke\u00e7mi\u015f qida v\u0259 k\u0259nd t\u0259s\u0259rr\u00fcfat\u0131 naziri Kutbettin Arzu ya\u015fay\u0131\u015f evinin hovuzunda \u00f6lm\u00fc\u015f v\u0259ziyy\u0259td\u0259 tap\u0131l\u0131b. Bu bar\u0259d\u0259 T\u00fcrkiy\u0259 m\u0259tbuat\u0131 x\u0259b\u0259r verib. \u0130lkin m\u0259lumatlara g\u00f6r\u0259, 68 ya\u015fl\u0131 sabiq nazir\u00a0infarkt n\u0259tic\u0259sind\u0259 h\u0259yat\u0131n\u0131 itirib. Lakin h\u00fcquq m\u00fchafiz\u0259 orqanlar\u0131 \u00f6l\u00fcm\u00fcn d\u0259qiq s\u0259b\u0259bi haqq\u0131nda apar\u0131lan m\u00fcayin\u0259l\u0259rd\u0259n sonra m\u0259lumat ver\u0259c\u0259kl\u0259rini bildiribl\u0259r. \u018flav\u0259 ed\u0259k ki, Kutbettin Arzu 2015-ci ild\u0259 nazir v\u0259zif\u0259sini icra edib. M\u0259nb\u0259: Cumhuriyet<\/p>\n","protected":false},"author":2,"featured_media":626406,"comment_status":"closed","ping_status":"closed","sticky":false,"template":"","format":"standard","meta":{"om_disable_all_campaigns":false,"_monsterinsights_skip_tracking":false,"_monsterinsights_sitenote_active":false,"_monsterinsights_sitenote_note":"","_monsterinsights_sitenote_category":0},"categories":[7],"tags":[],"aioseo_notices":[],"gutentor_comment":0,"rttpg_featured_image_url":{"full":["https:\/\/arantv.az\/wp-content\/uploads\/2023\/08\/FotoJet-35-2.jpg",620,413,false],"landscape":["https:\/\/arantv.az\/wp-content\/uploads\/2023\/08\/FotoJet-35-2.jpg",620,413,false],"portraits":["https:\/\/arantv.az\/wp-content\/uploads\/2023\/08\/FotoJet-35-2.jpg",620,413,false],"thumbnail":["https:\/\/arantv.az\/wp-content\/uploads\/2023\/08\/FotoJet-35-2-500x280.jpg",500,280,true],"medium":["https:\/\/arantv.az\/wp-content\/uploads\/2023\/08\/FotoJet-35-2-548x365.jpg",548,365,true],"large":["https:\/\/arantv.az\/wp-content\/uploads\/2023\/08\/FotoJet-35-2.jpg",620,413,false],"1536x1536":["https:\/\/arantv.az\/wp-content\/uploads\/2023\/08\/FotoJet-35-2.jpg",620,413,false],"2048x2048":["https:\/\/arantv.az\/wp-content\/uploads\/2023\/08\/FotoJet-35-2.jpg",620,413,false],"post-thumbnail":["https:\/\/arantv.az\/wp-content\/uploads\/2023\/08\/FotoJet-35-2-240x172.jpg",240,172,true],"advps-thumb-one":["https:\/\/arantv.az\/wp-content\/uploads\/2023\/08\/FotoJet-35-2.jpg",620,413,false]},"rttpg_author":{"display_name":"V\u00fcsal Rafiqo\u011flu","author_link":"https:\/\/arantv.az\/?author=2"},"rttpg_comment":0,"rttpg_category":"<a href=\"https:\/\/arantv.az\/?cat=7\" rel=\"category\">D\u00fcnya<\/a>","rttpg_excerpt":"T\u00fcrkiy\u0259nin ke\u00e7mi\u015f qida v\u0259 k\u0259nd t\u0259s\u0259rr\u00fcfat\u0131 naziri Kutbettin Arzu ya\u015fay\u0131\u015f evinin hovuzunda \u00f6lm\u00fc\u015f v\u0259ziyy\u0259td\u0259 tap\u0131l\u0131b. Bu bar\u0259d\u0259 T\u00fcrkiy\u0259 m\u0259tbuat\u0131 x\u0259b\u0259r verib. \u0130lkin m\u0259lumatlara g\u00f6r\u0259, 68 ya\u015fl\u0131 sabiq nazir\u00a0infarkt n\u0259tic\u0259sind\u0259 h\u0259yat\u0131n\u0131 itirib. Lakin h\u00fcquq m\u00fchafiz\u0259 orqanlar\u0131 \u00f6l\u00fcm\u00fcn d\u0259qiq s\u0259b\u0259bi haqq\u0131nda apar\u0131lan m\u00fcayin\u0259l\u0259rd\u0259n sonra m\u0259lumat ver\u0259c\u0259kl\u0259rini bildiribl\u0259r. \u018flav\u0259 ed\u0259k ki, Kutbettin Arzu 2015-ci ild\u0259 nazir v\u0259zif\u0259sini icra&hellip;","_links":{"self":[{"href":"https:\/\/arantv.az\/index.php?rest_route=\/wp\/v2\/posts\/626405"}],"collection":[{"href":"https:\/\/arantv.az\/index.php?rest_route=\/wp\/v2\/posts"}],"about":[{"href":"https:\/\/arantv.az\/index.php?rest_route=\/wp\/v2\/types\/post"}],"author":[{"embeddable":true,"href":"https:\/\/arantv.az\/index.php?rest_route=\/wp\/v2\/users\/2"}],"replies":[{"embeddable":true,"href":"https:\/\/arantv.az\/index.php?rest_route=%2Fwp%2Fv2%2Fcomments&post=626405"}],"version-history":[{"count":0,"href":"https:\/\/arantv.az\/index.php?rest_route=\/wp\/v2\/posts\/626405\/revisions"}],"wp:featuredmedia":[{"embeddable":true,"href":"https:\/\/arantv.az\/index.php?rest_route=\/wp\/v2\/media\/626406"}],"wp:attachment":[{"href":"https:\/\/arantv.az\/index.php?rest_route=%2Fwp%2Fv2%2Fmedia&parent=626405"}],"wp:term":[{"taxonomy":"category","embeddable":true,"href":"https:\/\/arantv.az\/index.php?rest_route=%2Fwp%2Fv2%2Fcategories&post=626405"},{"taxonomy":"post_tag","embeddable":true,"href":"https:\/\/arantv.az\/index.php?rest_route=%2Fwp%2Fv2%2Ftags&post=626405"}],"curies":[{"name":"wp","href":"https:\/\/api.w.org\/{rel}","templated":true}]}}