{"id":62770,"date":"2019-05-30T11:02:18","date_gmt":"2019-05-30T08:02:18","guid":{"rendered":"http:\/\/arantv.az\/?p=62770"},"modified":"2019-05-30T11:02:18","modified_gmt":"2019-05-30T08:02:18","slug":"deputatlar-iki-gun-milli-m%c9%99clisd%c9%99-muzakir%c9%99l%c9%99r-aparacaq-gund%c9%99lik","status":"publish","type":"post","link":"https:\/\/arantv.az\/?p=62770","title":{"rendered":"Deputatlar iki g\u00fcn Milli M\u0259clisd\u0259 m\u00fczakir\u0259l\u0259r aparacaq &#8211; G\u00dcND\u018fL\u0130K"},"content":{"rendered":"<p><strong>Bu g\u00fcn Milli M\u0259clisin n\u00f6vb\u0259ti plenar iclas\u0131 ke\u00e7iril\u0259c\u0259k.<\/strong><\/p>\n<p><strong>ARANTV.AZ<\/strong> trend-\u0259 istinad\u0259n bildirir ki,\u00a0iclas iki g\u00fcn davam ed\u0259c\u0259k.<\/p>\n<p>\u0130clas\u0131n \u0259vv\u0259lind\u0259 deputatlar &#8220;Az\u0259rbaycan Respublikas\u0131n\u0131n \u0130nsan h\u00fcquqlar\u0131 \u00fczr\u0259 m\u00fcv\u0259kkili (ombudsman) haqq\u0131nda&#8221; v\u0259 &#8220;Normativ h\u00fcquqi aktlar haqq\u0131nda&#8221; Az\u0259rbaycan Respublikas\u0131n\u0131n Konstitusiya qanunlar\u0131nda d\u0259yi\u015fiklik edilm\u0259si bar\u0259d\u0259 m\u0259s\u0259l\u0259y\u0259 baxacaqlar.<\/p>\n<p>Daha sonra iclaslarda &#8220;Az\u0259rbaycan Respublikas\u0131 Milli M\u0259clisi deputat\u0131n\u0131n statusu haqq\u0131nda&#8221; v\u0259 &#8220;B\u0259l\u0259diyy\u0259l\u0259rin f\u0259aliyy\u0259tin\u0259 inzibati n\u0259zar\u0259t haqq\u0131nda&#8221; Az\u0259rbaycan Respublikas\u0131n\u0131n qanunlar\u0131nda d\u0259yi\u015fiklik edilm\u0259si, &#8220;\u0130cra haqq\u0131nda&#8221;, &#8220;H\u00fcquqi \u015f\u0259xsl\u0259rin d\u00f6vl\u0259t qeydiyyat\u0131 v\u0259 d\u00f6vl\u0259t reyestri haqq\u0131nda&#8221;, &#8220;Banklar haqq\u0131nda&#8221;, &#8220;S\u0131\u011forta f\u0259aliyy\u0259ti haqq\u0131nda&#8221;, &#8220;\u0130nvestisiya fondlar\u0131 haqq\u0131nda&#8221; v\u0259 &#8220;Qiym\u0259tli ka\u011f\u0131zlar bazar\u0131 haqq\u0131nda&#8221; Az\u0259rbaycan Respublikas\u0131n\u0131n qanunlar\u0131nda d\u0259yi\u015fiklik edilm\u0259si, o c\u00fcml\u0259d\u0259n &#8220;Az\u0259rbaycan Respublikas\u0131n\u0131n 2018-ci il d\u00f6vl\u0259t b\u00fcdc\u0259sinin icras\u0131 haqq\u0131nda&#8221; qanun layih\u0259l\u0259ri m\u00fczakir\u0259y\u0259 \u00e7\u0131xar\u0131lacaq.<\/p>\n<p>\u00dcmumilikd\u0259 iclas\u0131n g\u00fcnd\u0259liyin\u0259 26 m\u0259s\u0259l\u0259 daxildir.<\/p>\n","protected":false},"excerpt":{"rendered":"<p>Bu g\u00fcn Milli M\u0259clisin n\u00f6vb\u0259ti plenar iclas\u0131 ke\u00e7iril\u0259c\u0259k. ARANTV.AZ trend-\u0259 istinad\u0259n bildirir ki,\u00a0iclas iki g\u00fcn davam ed\u0259c\u0259k. \u0130clas\u0131n \u0259vv\u0259lind\u0259 deputatlar &#8220;Az\u0259rbaycan Respublikas\u0131n\u0131n \u0130nsan h\u00fcquqlar\u0131 \u00fczr\u0259 m\u00fcv\u0259kkili (ombudsman) haqq\u0131nda&#8221; v\u0259 &#8220;Normativ h\u00fcquqi aktlar haqq\u0131nda&#8221; Az\u0259rbaycan Respublikas\u0131n\u0131n Konstitusiya qanunlar\u0131nda d\u0259yi\u015fiklik edilm\u0259si bar\u0259d\u0259 m\u0259s\u0259l\u0259y\u0259 baxacaqlar. Daha sonra iclaslarda &#8220;Az\u0259rbaycan Respublikas\u0131 Milli M\u0259clisi deputat\u0131n\u0131n statusu haqq\u0131nda&#8221; v\u0259 &#8220;B\u0259l\u0259diyy\u0259l\u0259rin f\u0259aliyy\u0259tin\u0259 inzibati n\u0259zar\u0259t haqq\u0131nda&#8221; Az\u0259rbaycan Respublikas\u0131n\u0131n qanunlar\u0131nda d\u0259yi\u015fiklik edilm\u0259si, &#8220;\u0130cra haqq\u0131nda&#8221;, &#8220;H\u00fcquqi \u015f\u0259xsl\u0259rin d\u00f6vl\u0259t qeydiyyat\u0131 v\u0259 d\u00f6vl\u0259t reyestri haqq\u0131nda&#8221;, &#8220;Banklar haqq\u0131nda&#8221;, &#8220;S\u0131\u011forta f\u0259aliyy\u0259ti haqq\u0131nda&#8221;, &#8220;\u0130nvestisiya fondlar\u0131 haqq\u0131nda&#8221; v\u0259 &#8220;Qiym\u0259tli ka\u011f\u0131zlar bazar\u0131 haqq\u0131nda&#8221; Az\u0259rbaycan Respublikas\u0131n\u0131n qanunlar\u0131nda d\u0259yi\u015fiklik&hellip;<\/p>\n","protected":false},"author":2,"featured_media":62771,"comment_status":"closed","ping_status":"closed","sticky":false,"template":"","format":"standard","meta":{"om_disable_all_campaigns":false,"_monsterinsights_skip_tracking":false,"_monsterinsights_sitenote_active":false,"_monsterinsights_sitenote_note":"","_monsterinsights_sitenote_category":0},"categories":[19],"tags":[],"aioseo_notices":[],"gutentor_comment":0,"rttpg_featured_image_url":{"full":["https:\/\/arantv.az\/wp-content\/uploads\/2019\/05\/milli_meclis_0001-5.jpg",482,361,false],"landscape":["https:\/\/arantv.az\/wp-content\/uploads\/2019\/05\/milli_meclis_0001-5.jpg",482,361,false],"portraits":["https:\/\/arantv.az\/wp-content\/uploads\/2019\/05\/milli_meclis_0001-5.jpg",482,361,false],"thumbnail":["https:\/\/arantv.az\/wp-content\/uploads\/2019\/05\/milli_meclis_0001-5-150x150.jpg",150,150,true],"medium":["https:\/\/arantv.az\/wp-content\/uploads\/2019\/05\/milli_meclis_0001-5-300x225.jpg",300,225,true],"large":["https:\/\/arantv.az\/wp-content\/uploads\/2019\/05\/milli_meclis_0001-5.jpg",482,361,false],"1536x1536":["https:\/\/arantv.az\/wp-content\/uploads\/2019\/05\/milli_meclis_0001-5.jpg",482,361,false],"2048x2048":["https:\/\/arantv.az\/wp-content\/uploads\/2019\/05\/milli_meclis_0001-5.jpg",482,361,false],"post-thumbnail":["https:\/\/arantv.az\/wp-content\/uploads\/2019\/05\/milli_meclis_0001-5-240x172.jpg",240,172,true],"advps-thumb-one":["https:\/\/arantv.az\/wp-content\/uploads\/2019\/05\/milli_meclis_0001-5.jpg",482,361,false]},"rttpg_author":{"display_name":"V\u00fcsal Rafiqo\u011flu","author_link":"https:\/\/arantv.az\/?author=2"},"rttpg_comment":0,"rttpg_category":"<a href=\"https:\/\/arantv.az\/?cat=19\" rel=\"category\">G\u00fcnd\u0259m<\/a>","rttpg_excerpt":"Bu g\u00fcn Milli M\u0259clisin n\u00f6vb\u0259ti plenar iclas\u0131 ke\u00e7iril\u0259c\u0259k. ARANTV.AZ trend-\u0259 istinad\u0259n bildirir ki,\u00a0iclas iki g\u00fcn davam ed\u0259c\u0259k. \u0130clas\u0131n \u0259vv\u0259lind\u0259 deputatlar &#8220;Az\u0259rbaycan Respublikas\u0131n\u0131n \u0130nsan h\u00fcquqlar\u0131 \u00fczr\u0259 m\u00fcv\u0259kkili (ombudsman) haqq\u0131nda&#8221; v\u0259 &#8220;Normativ h\u00fcquqi aktlar haqq\u0131nda&#8221; Az\u0259rbaycan Respublikas\u0131n\u0131n Konstitusiya qanunlar\u0131nda d\u0259yi\u015fiklik edilm\u0259si bar\u0259d\u0259 m\u0259s\u0259l\u0259y\u0259 baxacaqlar. Daha sonra iclaslarda &#8220;Az\u0259rbaycan Respublikas\u0131 Milli M\u0259clisi deputat\u0131n\u0131n statusu haqq\u0131nda&#8221; v\u0259 &#8220;B\u0259l\u0259diyy\u0259l\u0259rin f\u0259aliyy\u0259tin\u0259&hellip;","_links":{"self":[{"href":"https:\/\/arantv.az\/index.php?rest_route=\/wp\/v2\/posts\/62770"}],"collection":[{"href":"https:\/\/arantv.az\/index.php?rest_route=\/wp\/v2\/posts"}],"about":[{"href":"https:\/\/arantv.az\/index.php?rest_route=\/wp\/v2\/types\/post"}],"author":[{"embeddable":true,"href":"https:\/\/arantv.az\/index.php?rest_route=\/wp\/v2\/users\/2"}],"replies":[{"embeddable":true,"href":"https:\/\/arantv.az\/index.php?rest_route=%2Fwp%2Fv2%2Fcomments&post=62770"}],"version-history":[{"count":0,"href":"https:\/\/arantv.az\/index.php?rest_route=\/wp\/v2\/posts\/62770\/revisions"}],"wp:featuredmedia":[{"embeddable":true,"href":"https:\/\/arantv.az\/index.php?rest_route=\/wp\/v2\/media\/62771"}],"wp:attachment":[{"href":"https:\/\/arantv.az\/index.php?rest_route=%2Fwp%2Fv2%2Fmedia&parent=62770"}],"wp:term":[{"taxonomy":"category","embeddable":true,"href":"https:\/\/arantv.az\/index.php?rest_route=%2Fwp%2Fv2%2Fcategories&post=62770"},{"taxonomy":"post_tag","embeddable":true,"href":"https:\/\/arantv.az\/index.php?rest_route=%2Fwp%2Fv2%2Ftags&post=62770"}],"curies":[{"name":"wp","href":"https:\/\/api.w.org\/{rel}","templated":true}]}}