{"id":627760,"date":"2023-09-02T11:55:05","date_gmt":"2023-09-02T07:55:05","guid":{"rendered":"https:\/\/arantv.az\/?p=627760"},"modified":"2023-09-02T11:55:05","modified_gmt":"2023-09-02T07:55:05","slug":"kitabxana-direktoru-forumda-gork%c9%99mli-klassikl%c9%99r%c9%99-aid-ilk-%c9%99lyazmalar-numayis-etdirilir-foto","status":"publish","type":"post","link":"https:\/\/arantv.az\/?p=627760","title":{"rendered":"Kitabxana direktoru: \u201cForumda g\u00f6rk\u0259mli klassikl\u0259r\u0259 aid ilk \u0259lyazmalar n\u00fcmayi\u015f etdirilir\u201d &#8211; FOTO"},"content":{"rendered":"<p>\u201cMirz\u0259 F\u0259t\u0259li Axundov ad\u0131na Az\u0259rbaycan Milli Kitabxanas\u0131 olaraq burada \u00f6lk\u0259mizin g\u00f6rk\u0259mli klassikl\u0259rin\u0259 aid ilk \u0259lyazmalar\u0131n\u0131 n\u00fcmayi\u015f etdiririk\u201d.<\/p>\n<p><strong>ARANTV.AZ<\/strong>-\u0131n m\u0259lumat\u0131na g\u00f6r\u0259, bunu jurnalistl\u0259r\u0259 a\u00e7\u0131qlamas\u0131nda kitabxanan\u0131n direktoru K\u0259rim Tahirov \u00fcmummilli lider Heyd\u0259r \u018fliyevin 100 illiyi \u00e7\u0259r\u00e7iv\u0259sind\u0259 ke\u00e7iril\u0259n \u201cAz\u0259rbaycan dili v\u0259 \u0259d\u0259biyyat\u0131\u201d Forumunda deyib.<\/p>\n<p>&nbsp;<\/p>\n<div class=\"gallery\">\n<div class=\"gallery-i\"><img src=\"https:\/\/cdn.oxu.az\/uploads\/W1siZiIsIjIwMjMvMDkvMDIvMTEvMjQvNDIvZjhkZGUxZTktNjM3MC00NzVjLWE3NDYtMTgxMTA3OWU1ZDFhLzY1MTQ1NjQ1LmpwZyJdLFsicCIsImVuY29kZSIsImpwZyIsIi1xdWFsaXR5IDgwIl0sWyJwIiwidGh1bWIiLCI1OTB4NTkwXHUwMDNlIl1d?sha=6a50e0ba84a279d7\" alt=\"\" \/><\/p>\n<div class=\"gallery-i-caption\"><\/div>\n<\/div>\n<\/div>\n<p>Onun s\u00f6zl\u0259rin\u0259 g\u00f6r\u0259, forumda kitab s\u0259rgisi t\u0259\u015fkil edilib:<\/p>\n<p>\u201cBurada klassikl\u0259r &#8211; Nizami G\u0259nc\u0259vi, \u0130mad\u0259ddin N\u0259simi v\u0259 dig\u0259r klassikl\u0259rin ilk \u0259lyazmas\u0131, d\u00fcnya kitabxanalar\u0131nda qorunan \u0259lyazmalar\u0131 g\u00f6r\u0259 bil\u0259rsiniz. T\u0259xmin\u0259n 2 000-\u0259 yax\u0131n \u0259lyazma n\u00fcmayi\u015f olunur\u201d.<\/p>\n<p>Direktor \u0259lav\u0259 edib ki, forumun ruhuna m\u00fcvafiq olaraq milli kitabxanan\u0131n \u201cQ\u0131z\u0131l fond\u201dunda olan \u0259s\u0259ri burada toplan\u0131b:<\/p>\n<p>\u201cHesab edir\u0259m ki, bu ham\u0131 \u00fc\u00e7\u00fcn maraql\u0131 olacaq. Forumun g\u0259l\u0259c\u0259kd\u0259 davam etdirilm\u0259sini arzulayard\u0131q. Fikrimc\u0259, forum \u0259d\u0259biyyatla ba\u011fl\u0131 olan probleml\u0259rin h\u0259lli v\u0259 u\u011furlu layih\u0259l\u0259rin h\u0259yata ke\u00e7irilm\u0259si il\u0259 n\u0259tic\u0259l\u0259n\u0259c\u0259k\u201d.<\/p>\n","protected":false},"excerpt":{"rendered":"<p>\u201cMirz\u0259 F\u0259t\u0259li Axundov ad\u0131na Az\u0259rbaycan Milli Kitabxanas\u0131 olaraq burada \u00f6lk\u0259mizin g\u00f6rk\u0259mli klassikl\u0259rin\u0259 aid ilk \u0259lyazmalar\u0131n\u0131 n\u00fcmayi\u015f etdiririk\u201d. ARANTV.AZ-\u0131n m\u0259lumat\u0131na g\u00f6r\u0259, bunu jurnalistl\u0259r\u0259 a\u00e7\u0131qlamas\u0131nda kitabxanan\u0131n direktoru K\u0259rim Tahirov \u00fcmummilli lider Heyd\u0259r \u018fliyevin 100 illiyi \u00e7\u0259r\u00e7iv\u0259sind\u0259 ke\u00e7iril\u0259n \u201cAz\u0259rbaycan dili v\u0259 \u0259d\u0259biyyat\u0131\u201d Forumunda deyib. &nbsp; Onun s\u00f6zl\u0259rin\u0259 g\u00f6r\u0259, forumda kitab s\u0259rgisi t\u0259\u015fkil edilib: \u201cBurada klassikl\u0259r &#8211; Nizami G\u0259nc\u0259vi, \u0130mad\u0259ddin N\u0259simi v\u0259 dig\u0259r klassikl\u0259rin ilk \u0259lyazmas\u0131, d\u00fcnya kitabxanalar\u0131nda qorunan \u0259lyazmalar\u0131 g\u00f6r\u0259 bil\u0259rsiniz. T\u0259xmin\u0259n 2 000-\u0259 yax\u0131n \u0259lyazma n\u00fcmayi\u015f olunur\u201d. Direktor \u0259lav\u0259 edib ki, forumun ruhuna m\u00fcvafiq olaraq milli kitabxanan\u0131n \u201cQ\u0131z\u0131l fond\u201dunda olan \u0259s\u0259ri burada&hellip;<\/p>\n","protected":false},"author":2,"featured_media":627762,"comment_status":"closed","ping_status":"closed","sticky":false,"template":"","format":"standard","meta":{"om_disable_all_campaigns":false,"_monsterinsights_skip_tracking":false,"_monsterinsights_sitenote_active":false,"_monsterinsights_sitenote_note":"","_monsterinsights_sitenote_category":0},"categories":[4],"tags":[],"aioseo_notices":[],"gutentor_comment":0,"rttpg_featured_image_url":{"full":["https:\/\/arantv.az\/wp-content\/uploads\/2023\/09\/kitabxana-azeuro-1.jpg",620,413,false],"landscape":["https:\/\/arantv.az\/wp-content\/uploads\/2023\/09\/kitabxana-azeuro-1.jpg",620,413,false],"portraits":["https:\/\/arantv.az\/wp-content\/uploads\/2023\/09\/kitabxana-azeuro-1.jpg",620,413,false],"thumbnail":["https:\/\/arantv.az\/wp-content\/uploads\/2023\/09\/kitabxana-azeuro-1-500x280.jpg",500,280,true],"medium":["https:\/\/arantv.az\/wp-content\/uploads\/2023\/09\/kitabxana-azeuro-1-548x365.jpg",548,365,true],"large":["https:\/\/arantv.az\/wp-content\/uploads\/2023\/09\/kitabxana-azeuro-1.jpg",620,413,false],"1536x1536":["https:\/\/arantv.az\/wp-content\/uploads\/2023\/09\/kitabxana-azeuro-1.jpg",620,413,false],"2048x2048":["https:\/\/arantv.az\/wp-content\/uploads\/2023\/09\/kitabxana-azeuro-1.jpg",620,413,false],"post-thumbnail":["https:\/\/arantv.az\/wp-content\/uploads\/2023\/09\/kitabxana-azeuro-1-240x172.jpg",240,172,true],"advps-thumb-one":["https:\/\/arantv.az\/wp-content\/uploads\/2023\/09\/kitabxana-azeuro-1.jpg",620,413,false]},"rttpg_author":{"display_name":"V\u00fcsal Rafiqo\u011flu","author_link":"https:\/\/arantv.az\/?author=2"},"rttpg_comment":0,"rttpg_category":"<a href=\"https:\/\/arantv.az\/?cat=4\" rel=\"category\">Siyas\u0259t<\/a>","rttpg_excerpt":"\u201cMirz\u0259 F\u0259t\u0259li Axundov ad\u0131na Az\u0259rbaycan Milli Kitabxanas\u0131 olaraq burada \u00f6lk\u0259mizin g\u00f6rk\u0259mli klassikl\u0259rin\u0259 aid ilk \u0259lyazmalar\u0131n\u0131 n\u00fcmayi\u015f etdiririk\u201d. ARANTV.AZ-\u0131n m\u0259lumat\u0131na g\u00f6r\u0259, bunu jurnalistl\u0259r\u0259 a\u00e7\u0131qlamas\u0131nda kitabxanan\u0131n direktoru K\u0259rim Tahirov \u00fcmummilli lider Heyd\u0259r \u018fliyevin 100 illiyi \u00e7\u0259r\u00e7iv\u0259sind\u0259 ke\u00e7iril\u0259n \u201cAz\u0259rbaycan dili v\u0259 \u0259d\u0259biyyat\u0131\u201d Forumunda deyib. &nbsp; Onun s\u00f6zl\u0259rin\u0259 g\u00f6r\u0259, forumda kitab s\u0259rgisi t\u0259\u015fkil edilib: \u201cBurada klassikl\u0259r &#8211; Nizami G\u0259nc\u0259vi,&hellip;","_links":{"self":[{"href":"https:\/\/arantv.az\/index.php?rest_route=\/wp\/v2\/posts\/627760"}],"collection":[{"href":"https:\/\/arantv.az\/index.php?rest_route=\/wp\/v2\/posts"}],"about":[{"href":"https:\/\/arantv.az\/index.php?rest_route=\/wp\/v2\/types\/post"}],"author":[{"embeddable":true,"href":"https:\/\/arantv.az\/index.php?rest_route=\/wp\/v2\/users\/2"}],"replies":[{"embeddable":true,"href":"https:\/\/arantv.az\/index.php?rest_route=%2Fwp%2Fv2%2Fcomments&post=627760"}],"version-history":[{"count":0,"href":"https:\/\/arantv.az\/index.php?rest_route=\/wp\/v2\/posts\/627760\/revisions"}],"wp:featuredmedia":[{"embeddable":true,"href":"https:\/\/arantv.az\/index.php?rest_route=\/wp\/v2\/media\/627762"}],"wp:attachment":[{"href":"https:\/\/arantv.az\/index.php?rest_route=%2Fwp%2Fv2%2Fmedia&parent=627760"}],"wp:term":[{"taxonomy":"category","embeddable":true,"href":"https:\/\/arantv.az\/index.php?rest_route=%2Fwp%2Fv2%2Fcategories&post=627760"},{"taxonomy":"post_tag","embeddable":true,"href":"https:\/\/arantv.az\/index.php?rest_route=%2Fwp%2Fv2%2Ftags&post=627760"}],"curies":[{"name":"wp","href":"https:\/\/api.w.org\/{rel}","templated":true}]}}