{"id":627766,"date":"2023-09-02T12:36:41","date_gmt":"2023-09-02T08:36:41","guid":{"rendered":"https:\/\/arantv.az\/?p=627766"},"modified":"2023-09-02T12:36:41","modified_gmt":"2023-09-02T08:36:41","slug":"komit%c9%99-s%c9%99dri-olk%c9%99d%c9%99ki-restoran-kafe-magazalarda-ana-dilimiz%c9%99-saygi-gost%c9%99rilm%c9%99lidir","status":"publish","type":"post","link":"https:\/\/arantv.az\/?p=627766","title":{"rendered":"Komit\u0259 s\u0259dri: \u00d6lk\u0259d\u0259ki restoran, kafe, ma\u011fazalarda ana dilimiz\u0259 say\u011f\u0131 g\u00f6st\u0259rilm\u0259lidir"},"content":{"rendered":"<p>&#8220;Az\u0259rbaycanda f\u0259aliyy\u0259t g\u00f6st\u0259r\u0259n restoran, kafe v\u0259 ma\u011fazalarda ana dilimiz\u0259 say\u011f\u0131 g\u00f6st\u0259rilm\u0259lidir&#8221;.<\/p>\n<p><strong>ARANTV.AZ\u00a0 x\u0259b\u0259r verir ki,<\/strong>\u00a0bunu Milli M\u0259clisinin M\u0259d\u0259niyy\u0259t Komit\u0259sinin s\u0259dri Q\u0259nir\u0259 Pa\u015fayeva jurnalistl\u0259r\u0259 a\u00e7\u0131qlamas\u0131nda deyib.<\/p>\n<p>Komit\u0259 s\u0259drinin s\u00f6zl\u0259rin\u0259 g\u00f6r\u0259, dilimiz\u0259 h\u00f6rm\u0259t etm\u0259li, ona qar\u015f\u0131 h\u0259ssasl\u0131\u011f\u0131m\u0131z\u0131 art\u0131rmal\u0131y\u0131q: &#8220;\u018fg\u0259r laz\u0131mi say\u011f\u0131 g\u00f6st\u0259rilmirs\u0259, buna reaksiya g\u00f6st\u0259rm\u0259liyik. Dilimiz\u0259 h\u00f6rm\u0259t edilm\u0259m\u0259si \u00f6z\u00fcm\u00fcz\u0259, d\u00f6vl\u0259t\u0259, xalqa h\u00f6rm\u0259t edilm\u0259m\u0259si dem\u0259kdir. Buna g\u00f6r\u0259 d\u0259 h\u0259ssasl\u0131\u011f\u0131m\u0131z\u0131 art\u0131rmal\u0131y\u0131q. Qanunvericiliyimizd\u0259 dil m\u0259s\u0259l\u0259si x\u00fcsusi yer al\u0131b. Qanunun t\u0259l\u0259bl\u0259rin\u0259 riay\u0259t edilm\u0259sin\u0259 \u00e7al\u0131\u015fmal\u0131y\u0131q. H\u0259tta b\u0259zi qurumlar var ki, onlar\u0131n \u00fcz\u0259rin\u0259 ciddi i\u015f d\u00fc\u015f\u00fcr. Onlar bunu daha \u00e7ox d\u0259rk etm\u0259lidir&#8221;.<\/p>\n","protected":false},"excerpt":{"rendered":"<p>&#8220;Az\u0259rbaycanda f\u0259aliyy\u0259t g\u00f6st\u0259r\u0259n restoran, kafe v\u0259 ma\u011fazalarda ana dilimiz\u0259 say\u011f\u0131 g\u00f6st\u0259rilm\u0259lidir&#8221;. ARANTV.AZ\u00a0 x\u0259b\u0259r verir ki,\u00a0bunu Milli M\u0259clisinin M\u0259d\u0259niyy\u0259t Komit\u0259sinin s\u0259dri Q\u0259nir\u0259 Pa\u015fayeva jurnalistl\u0259r\u0259 a\u00e7\u0131qlamas\u0131nda deyib. Komit\u0259 s\u0259drinin s\u00f6zl\u0259rin\u0259 g\u00f6r\u0259, dilimiz\u0259 h\u00f6rm\u0259t etm\u0259li, ona qar\u015f\u0131 h\u0259ssasl\u0131\u011f\u0131m\u0131z\u0131 art\u0131rmal\u0131y\u0131q: &#8220;\u018fg\u0259r laz\u0131mi say\u011f\u0131 g\u00f6st\u0259rilmirs\u0259, buna reaksiya g\u00f6st\u0259rm\u0259liyik. Dilimiz\u0259 h\u00f6rm\u0259t edilm\u0259m\u0259si \u00f6z\u00fcm\u00fcz\u0259, d\u00f6vl\u0259t\u0259, xalqa h\u00f6rm\u0259t edilm\u0259m\u0259si dem\u0259kdir. Buna g\u00f6r\u0259 d\u0259 h\u0259ssasl\u0131\u011f\u0131m\u0131z\u0131 art\u0131rmal\u0131y\u0131q. Qanunvericiliyimizd\u0259 dil m\u0259s\u0259l\u0259si x\u00fcsusi yer al\u0131b. Qanunun t\u0259l\u0259bl\u0259rin\u0259 riay\u0259t edilm\u0259sin\u0259 \u00e7al\u0131\u015fmal\u0131y\u0131q. H\u0259tta b\u0259zi qurumlar var ki, onlar\u0131n \u00fcz\u0259rin\u0259 ciddi i\u015f d\u00fc\u015f\u00fcr. Onlar bunu daha \u00e7ox d\u0259rk etm\u0259lidir&#8221;.<\/p>\n","protected":false},"author":2,"featured_media":627772,"comment_status":"closed","ping_status":"closed","sticky":false,"template":"","format":"standard","meta":{"om_disable_all_campaigns":false,"_monsterinsights_skip_tracking":false,"_monsterinsights_sitenote_active":false,"_monsterinsights_sitenote_note":"","_monsterinsights_sitenote_category":0},"categories":[1],"tags":[],"aioseo_notices":[],"gutentor_comment":0,"rttpg_featured_image_url":{"full":["https:\/\/arantv.az\/wp-content\/uploads\/2023\/09\/f64b2463159100485926298971510584645.jpg",975,540,false],"landscape":["https:\/\/arantv.az\/wp-content\/uploads\/2023\/09\/f64b2463159100485926298971510584645.jpg",975,540,false],"portraits":["https:\/\/arantv.az\/wp-content\/uploads\/2023\/09\/f64b2463159100485926298971510584645.jpg",975,540,false],"thumbnail":["https:\/\/arantv.az\/wp-content\/uploads\/2023\/09\/f64b2463159100485926298971510584645-500x280.jpg",500,280,true],"medium":["https:\/\/arantv.az\/wp-content\/uploads\/2023\/09\/f64b2463159100485926298971510584645-660x365.jpg",660,365,true],"large":["https:\/\/arantv.az\/wp-content\/uploads\/2023\/09\/f64b2463159100485926298971510584645-840x465.jpg",640,354,true],"1536x1536":["https:\/\/arantv.az\/wp-content\/uploads\/2023\/09\/f64b2463159100485926298971510584645.jpg",975,540,false],"2048x2048":["https:\/\/arantv.az\/wp-content\/uploads\/2023\/09\/f64b2463159100485926298971510584645.jpg",975,540,false],"post-thumbnail":["https:\/\/arantv.az\/wp-content\/uploads\/2023\/09\/f64b2463159100485926298971510584645-240x172.jpg",240,172,true],"advps-thumb-one":["https:\/\/arantv.az\/wp-content\/uploads\/2023\/09\/f64b2463159100485926298971510584645.jpg",975,540,false]},"rttpg_author":{"display_name":"V\u00fcsal Rafiqo\u011flu","author_link":"https:\/\/arantv.az\/?author=2"},"rttpg_comment":0,"rttpg_category":"<a href=\"https:\/\/arantv.az\/?cat=1\" rel=\"category\">C\u0259miyy\u0259t<\/a>","rttpg_excerpt":"&#8220;Az\u0259rbaycanda f\u0259aliyy\u0259t g\u00f6st\u0259r\u0259n restoran, kafe v\u0259 ma\u011fazalarda ana dilimiz\u0259 say\u011f\u0131 g\u00f6st\u0259rilm\u0259lidir&#8221;. ARANTV.AZ\u00a0 x\u0259b\u0259r verir ki,\u00a0bunu Milli M\u0259clisinin M\u0259d\u0259niyy\u0259t Komit\u0259sinin s\u0259dri Q\u0259nir\u0259 Pa\u015fayeva jurnalistl\u0259r\u0259 a\u00e7\u0131qlamas\u0131nda deyib. Komit\u0259 s\u0259drinin s\u00f6zl\u0259rin\u0259 g\u00f6r\u0259, dilimiz\u0259 h\u00f6rm\u0259t etm\u0259li, ona qar\u015f\u0131 h\u0259ssasl\u0131\u011f\u0131m\u0131z\u0131 art\u0131rmal\u0131y\u0131q: &#8220;\u018fg\u0259r laz\u0131mi say\u011f\u0131 g\u00f6st\u0259rilmirs\u0259, buna reaksiya g\u00f6st\u0259rm\u0259liyik. Dilimiz\u0259 h\u00f6rm\u0259t edilm\u0259m\u0259si \u00f6z\u00fcm\u00fcz\u0259, d\u00f6vl\u0259t\u0259, xalqa h\u00f6rm\u0259t edilm\u0259m\u0259si dem\u0259kdir. Buna g\u00f6r\u0259 d\u0259&hellip;","_links":{"self":[{"href":"https:\/\/arantv.az\/index.php?rest_route=\/wp\/v2\/posts\/627766"}],"collection":[{"href":"https:\/\/arantv.az\/index.php?rest_route=\/wp\/v2\/posts"}],"about":[{"href":"https:\/\/arantv.az\/index.php?rest_route=\/wp\/v2\/types\/post"}],"author":[{"embeddable":true,"href":"https:\/\/arantv.az\/index.php?rest_route=\/wp\/v2\/users\/2"}],"replies":[{"embeddable":true,"href":"https:\/\/arantv.az\/index.php?rest_route=%2Fwp%2Fv2%2Fcomments&post=627766"}],"version-history":[{"count":0,"href":"https:\/\/arantv.az\/index.php?rest_route=\/wp\/v2\/posts\/627766\/revisions"}],"wp:featuredmedia":[{"embeddable":true,"href":"https:\/\/arantv.az\/index.php?rest_route=\/wp\/v2\/media\/627772"}],"wp:attachment":[{"href":"https:\/\/arantv.az\/index.php?rest_route=%2Fwp%2Fv2%2Fmedia&parent=627766"}],"wp:term":[{"taxonomy":"category","embeddable":true,"href":"https:\/\/arantv.az\/index.php?rest_route=%2Fwp%2Fv2%2Fcategories&post=627766"},{"taxonomy":"post_tag","embeddable":true,"href":"https:\/\/arantv.az\/index.php?rest_route=%2Fwp%2Fv2%2Ftags&post=627766"}],"curies":[{"name":"wp","href":"https:\/\/api.w.org\/{rel}","templated":true}]}}