{"id":62777,"date":"2019-05-30T11:06:54","date_gmt":"2019-05-30T08:06:54","guid":{"rendered":"http:\/\/arantv.az\/?p=62777"},"modified":"2019-05-30T11:06:54","modified_gmt":"2019-05-30T08:06:54","slug":"prezident-tribunada-azarkesl%c9%99rl%c9%99-gorusdu-foto","status":"publish","type":"post","link":"https:\/\/arantv.az\/?p=62777","title":{"rendered":"Prezident tribunada azarke\u015fl\u0259rl\u0259 g\u00f6r\u00fc\u015fd\u00fc &#8211; FOTO"},"content":{"rendered":"<p>X\u0259b\u0259r verdiyimiz kimi, Prezident\u00a0<strong>\u0130lham \u018fliyev<\/strong>\u00a0may\u0131n 29-da Bak\u0131da ke\u00e7iril\u0259n UEFA Avropa Liqas\u0131n\u0131n final qar\u015f\u0131la\u015fmas\u0131n\u0131 Bak\u0131 Olimpiya Stadionunda\u00a0<a href=\"https:\/\/oxu.az\/politics\/314290\" target=\"_blank\" rel=\"noopener\">izl\u0259yib<\/a>.<\/p>\n<p>Xan\u0131m\u0131, birinci vitse-prezident\u00a0<strong>Mehriban \u018fliyeva<\/strong>\u00a0v\u0259 ail\u0259 \u00fczvl\u0259ri il\u0259 birlikd\u0259 London derbisini izl\u0259y\u0259n \u00f6lk\u0259 ba\u015f\u00e7\u0131s\u0131 tribunadak\u0131 azarke\u015fl\u0259rl\u0259 d\u0259 g\u00f6r\u00fc\u015f\u00fcb.<\/p>\n<p>Futbolsev\u0259rl\u0259r d\u00f6vl\u0259t ba\u015f\u00e7\u0131s\u0131 il\u0259 foto \u00e7\u0259kdiribl\u0259r.<\/p>\n<p><img src=\"https:\/\/assets.oxu.az\/uploads\/W1siZiIsIjIwMTkvMDUvMzAvMTEvNDgvMDIvZmJjNmU1YjYtYzhjOC00ODI0LWJhYzgtNGRhYjgwZTNkOTM4LzMuanBnIl0sWyJwIiwiZW5jb2RlIiwianBnIiwiLXF1YWxpdHkgODAiXSxbInAiLCJ0aHVtYiIsIjU5MHg1OTBcdTAwM2UiXV0?sha=c2dbd6dff4481db1\" alt=\"\" \/><img src=\"https:\/\/assets.oxu.az\/uploads\/W1siZiIsIjIwMTkvMDUvMzAvMTEvNDgvMDIvNjIyZDllZDYtYzRkNy00NmIxLWJjOGYtZWFlZTcyMmJkYWY5LzQuanBnIl0sWyJwIiwiZW5jb2RlIiwianBnIiwiLXF1YWxpdHkgODAiXSxbInAiLCJ0aHVtYiIsIjU5MHg1OTBcdTAwM2UiXV0?sha=ade0e254e0a694ce\" alt=\"\" \/><img src=\"https:\/\/assets.oxu.az\/uploads\/W1siZiIsIjIwMTkvMDUvMzAvMTEvNDgvMDIvY2EzNjllZjMtYjAxNC00NWFmLWJiMmUtMWY2MDhjYTU2YzA4LzIuanBnIl0sWyJwIiwiZW5jb2RlIiwianBnIiwiLXF1YWxpdHkgODAiXSxbInAiLCJ0aHVtYiIsIjU5MHg1OTBcdTAwM2UiXV0?sha=1ade573785151cab\" alt=\"\" \/><img src=\"https:\/\/assets.oxu.az\/uploads\/W1siZiIsIjIwMTkvMDUvMzAvMTEvNDgvMDEvYmU3MWZjNTQtZDc5OS00ZGQyLWFiOGEtMjU5YjE1ZTQzMjA3LzEuanBnIl0sWyJwIiwiZW5jb2RlIiwianBnIiwiLXF1YWxpdHkgODAiXSxbInAiLCJ0aHVtYiIsIjU5MHg1OTBcdTAwM2UiXV0?sha=700fc8c6bae97aff\" alt=\"\" \/><img src=\"https:\/\/assets.oxu.az\/uploads\/W1siZiIsIjIwMTkvMDUvMzAvMTEvNDgvMDIvYzRiYmM1MjMtMmVhMy00MTI3LTk5YzAtZDI4MTliNjk0MmQzLzUuanBnIl0sWyJwIiwiZW5jb2RlIiwianBnIiwiLXF1YWxpdHkgODAiXSxbInAiLCJ0aHVtYiIsIjU5MHg1OTBcdTAwM2UiXV0?sha=820f07888717805a\" alt=\"\" \/><\/p>\n","protected":false},"excerpt":{"rendered":"<p>X\u0259b\u0259r verdiyimiz kimi, Prezident\u00a0\u0130lham \u018fliyev\u00a0may\u0131n 29-da Bak\u0131da ke\u00e7iril\u0259n UEFA Avropa Liqas\u0131n\u0131n final qar\u015f\u0131la\u015fmas\u0131n\u0131 Bak\u0131 Olimpiya Stadionunda\u00a0izl\u0259yib. Xan\u0131m\u0131, birinci vitse-prezident\u00a0Mehriban \u018fliyeva\u00a0v\u0259 ail\u0259 \u00fczvl\u0259ri il\u0259 birlikd\u0259 London derbisini izl\u0259y\u0259n \u00f6lk\u0259 ba\u015f\u00e7\u0131s\u0131 tribunadak\u0131 azarke\u015fl\u0259rl\u0259 d\u0259 g\u00f6r\u00fc\u015f\u00fcb. Futbolsev\u0259rl\u0259r d\u00f6vl\u0259t ba\u015f\u00e7\u0131s\u0131 il\u0259 foto \u00e7\u0259kdiribl\u0259r.<\/p>\n","protected":false},"author":2,"featured_media":62778,"comment_status":"closed","ping_status":"closed","sticky":false,"template":"","format":"standard","meta":{"om_disable_all_campaigns":false,"_monsterinsights_skip_tracking":false,"_monsterinsights_sitenote_active":false,"_monsterinsights_sitenote_note":"","_monsterinsights_sitenote_category":0},"categories":[4],"tags":[],"aioseo_notices":[],"gutentor_comment":0,"rttpg_featured_image_url":{"full":["https:\/\/arantv.az\/wp-content\/uploads\/2019\/05\/1559198706508037654_1000x669.jpg",620,414,false],"landscape":["https:\/\/arantv.az\/wp-content\/uploads\/2019\/05\/1559198706508037654_1000x669.jpg",620,414,false],"portraits":["https:\/\/arantv.az\/wp-content\/uploads\/2019\/05\/1559198706508037654_1000x669.jpg",620,414,false],"thumbnail":["https:\/\/arantv.az\/wp-content\/uploads\/2019\/05\/1559198706508037654_1000x669-150x150.jpg",150,150,true],"medium":["https:\/\/arantv.az\/wp-content\/uploads\/2019\/05\/1559198706508037654_1000x669-300x200.jpg",300,200,true],"large":["https:\/\/arantv.az\/wp-content\/uploads\/2019\/05\/1559198706508037654_1000x669.jpg",620,414,false],"1536x1536":["https:\/\/arantv.az\/wp-content\/uploads\/2019\/05\/1559198706508037654_1000x669.jpg",620,414,false],"2048x2048":["https:\/\/arantv.az\/wp-content\/uploads\/2019\/05\/1559198706508037654_1000x669.jpg",620,414,false],"post-thumbnail":["https:\/\/arantv.az\/wp-content\/uploads\/2019\/05\/1559198706508037654_1000x669-240x172.jpg",240,172,true],"advps-thumb-one":["https:\/\/arantv.az\/wp-content\/uploads\/2019\/05\/1559198706508037654_1000x669.jpg",620,414,false]},"rttpg_author":{"display_name":"V\u00fcsal Rafiqo\u011flu","author_link":"https:\/\/arantv.az\/?author=2"},"rttpg_comment":0,"rttpg_category":"<a href=\"https:\/\/arantv.az\/?cat=4\" rel=\"category\">Siyas\u0259t<\/a>","rttpg_excerpt":"X\u0259b\u0259r verdiyimiz kimi, Prezident\u00a0\u0130lham \u018fliyev\u00a0may\u0131n 29-da Bak\u0131da ke\u00e7iril\u0259n UEFA Avropa Liqas\u0131n\u0131n final qar\u015f\u0131la\u015fmas\u0131n\u0131 Bak\u0131 Olimpiya Stadionunda\u00a0izl\u0259yib. Xan\u0131m\u0131, birinci vitse-prezident\u00a0Mehriban \u018fliyeva\u00a0v\u0259 ail\u0259 \u00fczvl\u0259ri il\u0259 birlikd\u0259 London derbisini izl\u0259y\u0259n \u00f6lk\u0259 ba\u015f\u00e7\u0131s\u0131 tribunadak\u0131 azarke\u015fl\u0259rl\u0259 d\u0259 g\u00f6r\u00fc\u015f\u00fcb. Futbolsev\u0259rl\u0259r d\u00f6vl\u0259t ba\u015f\u00e7\u0131s\u0131 il\u0259 foto \u00e7\u0259kdiribl\u0259r.","_links":{"self":[{"href":"https:\/\/arantv.az\/index.php?rest_route=\/wp\/v2\/posts\/62777"}],"collection":[{"href":"https:\/\/arantv.az\/index.php?rest_route=\/wp\/v2\/posts"}],"about":[{"href":"https:\/\/arantv.az\/index.php?rest_route=\/wp\/v2\/types\/post"}],"author":[{"embeddable":true,"href":"https:\/\/arantv.az\/index.php?rest_route=\/wp\/v2\/users\/2"}],"replies":[{"embeddable":true,"href":"https:\/\/arantv.az\/index.php?rest_route=%2Fwp%2Fv2%2Fcomments&post=62777"}],"version-history":[{"count":0,"href":"https:\/\/arantv.az\/index.php?rest_route=\/wp\/v2\/posts\/62777\/revisions"}],"wp:featuredmedia":[{"embeddable":true,"href":"https:\/\/arantv.az\/index.php?rest_route=\/wp\/v2\/media\/62778"}],"wp:attachment":[{"href":"https:\/\/arantv.az\/index.php?rest_route=%2Fwp%2Fv2%2Fmedia&parent=62777"}],"wp:term":[{"taxonomy":"category","embeddable":true,"href":"https:\/\/arantv.az\/index.php?rest_route=%2Fwp%2Fv2%2Fcategories&post=62777"},{"taxonomy":"post_tag","embeddable":true,"href":"https:\/\/arantv.az\/index.php?rest_route=%2Fwp%2Fv2%2Ftags&post=62777"}],"curies":[{"name":"wp","href":"https:\/\/api.w.org\/{rel}","templated":true}]}}