{"id":62783,"date":"2019-05-30T11:13:09","date_gmt":"2019-05-30T08:13:09","guid":{"rendered":"http:\/\/arantv.az\/?p=62783"},"modified":"2019-05-30T11:13:09","modified_gmt":"2019-05-30T08:13:09","slug":"milli-m%c9%99clisin-yaz-sessiyasinin-sonuncu-plenar-iclasi-basladi","status":"publish","type":"post","link":"https:\/\/arantv.az\/?p=62783","title":{"rendered":"Milli M\u0259clisin yaz sessiyas\u0131n\u0131n sonuncu plenar iclas\u0131 ba\u015flad\u0131"},"content":{"rendered":"<p>Plenar iclas\u0131n davam\u0131 may\u0131n 31-d\u0259 ke\u00e7iril\u0259c\u0259k<\/p>\n<p>Az\u0259rbaycan Milli M\u0259clisinin yaz sessiyas\u0131n\u0131n sonuncu plenar iclas\u0131 ba\u015flay\u0131b.<\/p>\n<p>Oqtay \u018fs\u0259dovun s\u0259drliyi il\u0259 ke\u00e7iril\u0259n iclas\u0131n g\u00fcnd\u0259liyin\u0259 26 m\u0259s\u0259l\u0259 daxildir.<\/p>\n<p>\u0130clasda &#8220;Az\u0259rbaycan Respublikas\u0131n\u0131n 2018-ci il d\u00f6vl\u0259t b\u00fcdc\u0259sinin icras\u0131 haqq\u0131nda&#8221; qanun layih\u0259si il\u0259 yana\u015f\u0131, &#8220;D\u00f6vl\u0259t r\u00fcsumu haqq\u0131nda&#8221;, &#8220;Sahibkarl\u0131q sah\u0259sind\u0259 apar\u0131lan yoxlamalar\u0131n dayand\u0131r\u0131lmas\u0131 haqq\u0131nda&#8221;, Vergi, \u0130nzibati X\u0259talar, Cinay\u0259t m\u0259c\u0259ll\u0259l\u0259rin\u0259 v\u0259 s. qanunlara d\u0259yi\u015fiklik layih\u0259l\u0259ri m\u00fczakir\u0259 edil\u0259c\u0259k.<\/p>\n<p>Plenar iclas\u0131n davam\u0131 may\u0131n 31-d\u0259 ke\u00e7iril\u0259c\u0259k.<\/p>\n","protected":false},"excerpt":{"rendered":"<p>Plenar iclas\u0131n davam\u0131 may\u0131n 31-d\u0259 ke\u00e7iril\u0259c\u0259k Az\u0259rbaycan Milli M\u0259clisinin yaz sessiyas\u0131n\u0131n sonuncu plenar iclas\u0131 ba\u015flay\u0131b. Oqtay \u018fs\u0259dovun s\u0259drliyi il\u0259 ke\u00e7iril\u0259n iclas\u0131n g\u00fcnd\u0259liyin\u0259 26 m\u0259s\u0259l\u0259 daxildir. \u0130clasda &#8220;Az\u0259rbaycan Respublikas\u0131n\u0131n 2018-ci il d\u00f6vl\u0259t b\u00fcdc\u0259sinin icras\u0131 haqq\u0131nda&#8221; qanun layih\u0259si il\u0259 yana\u015f\u0131, &#8220;D\u00f6vl\u0259t r\u00fcsumu haqq\u0131nda&#8221;, &#8220;Sahibkarl\u0131q sah\u0259sind\u0259 apar\u0131lan yoxlamalar\u0131n dayand\u0131r\u0131lmas\u0131 haqq\u0131nda&#8221;, Vergi, \u0130nzibati X\u0259talar, Cinay\u0259t m\u0259c\u0259ll\u0259l\u0259rin\u0259 v\u0259 s. qanunlara d\u0259yi\u015fiklik layih\u0259l\u0259ri m\u00fczakir\u0259 edil\u0259c\u0259k. Plenar iclas\u0131n davam\u0131 may\u0131n 31-d\u0259 ke\u00e7iril\u0259c\u0259k.<\/p>\n","protected":false},"author":2,"featured_media":62784,"comment_status":"closed","ping_status":"closed","sticky":false,"template":"","format":"standard","meta":{"om_disable_all_campaigns":false,"_monsterinsights_skip_tracking":false,"_monsterinsights_sitenote_active":false,"_monsterinsights_sitenote_note":"","_monsterinsights_sitenote_category":0},"categories":[4],"tags":[],"aioseo_notices":[],"gutentor_comment":0,"rttpg_featured_image_url":{"full":["https:\/\/arantv.az\/wp-content\/uploads\/2019\/05\/1559203778milli-meclis.jpg",550,319,false],"landscape":["https:\/\/arantv.az\/wp-content\/uploads\/2019\/05\/1559203778milli-meclis.jpg",550,319,false],"portraits":["https:\/\/arantv.az\/wp-content\/uploads\/2019\/05\/1559203778milli-meclis.jpg",550,319,false],"thumbnail":["https:\/\/arantv.az\/wp-content\/uploads\/2019\/05\/1559203778milli-meclis-150x150.jpg",150,150,true],"medium":["https:\/\/arantv.az\/wp-content\/uploads\/2019\/05\/1559203778milli-meclis-300x174.jpg",300,174,true],"large":["https:\/\/arantv.az\/wp-content\/uploads\/2019\/05\/1559203778milli-meclis.jpg",550,319,false],"1536x1536":["https:\/\/arantv.az\/wp-content\/uploads\/2019\/05\/1559203778milli-meclis.jpg",550,319,false],"2048x2048":["https:\/\/arantv.az\/wp-content\/uploads\/2019\/05\/1559203778milli-meclis.jpg",550,319,false],"post-thumbnail":["https:\/\/arantv.az\/wp-content\/uploads\/2019\/05\/1559203778milli-meclis-240x172.jpg",240,172,true],"advps-thumb-one":["https:\/\/arantv.az\/wp-content\/uploads\/2019\/05\/1559203778milli-meclis.jpg",550,319,false]},"rttpg_author":{"display_name":"V\u00fcsal Rafiqo\u011flu","author_link":"https:\/\/arantv.az\/?author=2"},"rttpg_comment":0,"rttpg_category":"<a href=\"https:\/\/arantv.az\/?cat=4\" rel=\"category\">Siyas\u0259t<\/a>","rttpg_excerpt":"Plenar iclas\u0131n davam\u0131 may\u0131n 31-d\u0259 ke\u00e7iril\u0259c\u0259k Az\u0259rbaycan Milli M\u0259clisinin yaz sessiyas\u0131n\u0131n sonuncu plenar iclas\u0131 ba\u015flay\u0131b. Oqtay \u018fs\u0259dovun s\u0259drliyi il\u0259 ke\u00e7iril\u0259n iclas\u0131n g\u00fcnd\u0259liyin\u0259 26 m\u0259s\u0259l\u0259 daxildir. \u0130clasda &#8220;Az\u0259rbaycan Respublikas\u0131n\u0131n 2018-ci il d\u00f6vl\u0259t b\u00fcdc\u0259sinin icras\u0131 haqq\u0131nda&#8221; qanun layih\u0259si il\u0259 yana\u015f\u0131, &#8220;D\u00f6vl\u0259t r\u00fcsumu haqq\u0131nda&#8221;, &#8220;Sahibkarl\u0131q sah\u0259sind\u0259 apar\u0131lan yoxlamalar\u0131n dayand\u0131r\u0131lmas\u0131 haqq\u0131nda&#8221;, Vergi, \u0130nzibati X\u0259talar, Cinay\u0259t m\u0259c\u0259ll\u0259l\u0259rin\u0259 v\u0259 s. qanunlara&hellip;","_links":{"self":[{"href":"https:\/\/arantv.az\/index.php?rest_route=\/wp\/v2\/posts\/62783"}],"collection":[{"href":"https:\/\/arantv.az\/index.php?rest_route=\/wp\/v2\/posts"}],"about":[{"href":"https:\/\/arantv.az\/index.php?rest_route=\/wp\/v2\/types\/post"}],"author":[{"embeddable":true,"href":"https:\/\/arantv.az\/index.php?rest_route=\/wp\/v2\/users\/2"}],"replies":[{"embeddable":true,"href":"https:\/\/arantv.az\/index.php?rest_route=%2Fwp%2Fv2%2Fcomments&post=62783"}],"version-history":[{"count":0,"href":"https:\/\/arantv.az\/index.php?rest_route=\/wp\/v2\/posts\/62783\/revisions"}],"wp:featuredmedia":[{"embeddable":true,"href":"https:\/\/arantv.az\/index.php?rest_route=\/wp\/v2\/media\/62784"}],"wp:attachment":[{"href":"https:\/\/arantv.az\/index.php?rest_route=%2Fwp%2Fv2%2Fmedia&parent=62783"}],"wp:term":[{"taxonomy":"category","embeddable":true,"href":"https:\/\/arantv.az\/index.php?rest_route=%2Fwp%2Fv2%2Fcategories&post=62783"},{"taxonomy":"post_tag","embeddable":true,"href":"https:\/\/arantv.az\/index.php?rest_route=%2Fwp%2Fv2%2Ftags&post=62783"}],"curies":[{"name":"wp","href":"https:\/\/api.w.org\/{rel}","templated":true}]}}