{"id":62786,"date":"2019-05-30T11:18:18","date_gmt":"2019-05-30T08:18:18","guid":{"rendered":"http:\/\/arantv.az\/?p=62786"},"modified":"2019-05-30T11:18:18","modified_gmt":"2019-05-30T08:18:18","slug":"bakida-kecmis-arvadini-kuc%c9%99nin-ortasinda-qanina-q%c9%99ltan-etdi-sok-video","status":"publish","type":"post","link":"https:\/\/arantv.az\/?p=62786","title":{"rendered":"Bak\u0131da ke\u00e7mi\u015f arvad\u0131n\u0131 k\u00fc\u00e7\u0259nin ortas\u0131nda qan\u0131na q\u0259ltan etdi: \u015fok &#8211; V\u0130DEO"},"content":{"rendered":"<p>Qocayev \u00f6vlad\u0131n\u0131n anas\u0131na \u00e7oxsayl\u0131 b\u0131\u00e7aq z\u0259rb\u0259l\u0259ri vuraraq onu \u00f6ld\u00fcr\u00fcb<\/p>\n<p>Bak\u0131da qeyri-r\u0259smi nikahda ya\u015fad\u0131\u011f\u0131 \u0259ri t\u0259r\u0259find\u0259n v\u0259h\u015fic\u0259sin\u0259 \u00f6ld\u00fcr\u00fcl\u0259n qad\u0131n\u0131n q\u0259tli il\u0259 ba\u011fl\u0131 d\u0259h\u015f\u0259tli g\u00f6r\u00fcnt\u00fcl\u0259r yay\u0131mlan\u0131b.<\/p>\n<div id=\"AdviadNativeVideo0\" class=\"AdviadNativeVideo\"><\/div>\n<p><b>ARANTV.AZ\u00a0<\/b> aznews.az-a istinad\u0259n x\u0259b\u0259r verir ki, kadrlar ARB TV-d\u0259 yay\u0131mlanan &#8220;Kriminal&#8221; verili\u015find\u0259 n\u00fcmayi\u015f etdirilib. Bel\u0259 ki, 1994-c\u00fc il t\u0259v\u0259ll\u00fcdl\u00fc \u00dclviyy\u0259 Allahverdiyevan\u0131 q\u0131sqancl\u0131q z\u0259minind\u0259 \u00f6ld\u00fcr\u0259n Qocayev Mahir sonra intihar m\u0259qs\u0259di il\u0259 \u00f6z\u00fcn\u0259 b\u0131\u00e7aq z\u0259rb\u0259l\u0259ri endirib.<\/p>\n<p>Ke\u00e7mi\u015f \u0259r-arvad u\u015faq \u00fcst\u00fcnd\u0259 m\u00fcbahis\u0259 edibl\u0259r. Bel\u0259 ki, Allahverdiyeva q\u0259tl ba\u015f ver\u0259n g\u00fcn \u0259rinin evin\u0259 u\u015fa\u011f\u0131n\u0131 g\u00f6rm\u0259y\u0259 g\u0259libmi\u015f. M\u0259hk\u0259m\u0259 c\u00fctl\u00fck bo\u015fanark\u0259n u\u015fa\u011f\u0131n atas\u0131nda qalmas\u0131 bar\u0259d\u0259 q\u0259rar \u00e7\u0131xar\u0131b v\u0259 anaya onu ziyar\u0259t etm\u0259k h\u00fcququ verib. Qad\u0131n \u00f6vlad\u0131n\u0131 g\u00f6rm\u0259k \u00fc\u00e7\u00fcn ke\u00e7mi\u015f \u0259rinin ya\u015fad\u0131\u011f\u0131 ev\u0259 gedib. Amma bu ziyar\u0259t ki\u015finin ail\u0259sinin qan\u0131n\u0131 qarald\u0131b. Qocayevl\u0259 dala\u015fan qad\u0131n evi t\u0259rk edib, lakin ke\u00e7mi\u015f \u0259ri k\u00fc\u00e7\u0259d\u0259 onun dal\u0131nca d\u00fc\u015f\u00fcb. Qocayev \u00f6vlad\u0131n\u0131n anas\u0131na \u00e7oxsayl\u0131 b\u0131\u00e7aq z\u0259rb\u0259l\u0259ri vuraraq onu \u00f6ld\u00fcr\u00fcb.<\/p>\n<div class=\"embed-responsive embed-responsive-16by9\"><iframe loading=\"lazy\" id=\"nmqembedid\" class=\"embed-responsive-item\" title=\"video player\" src=\"https:\/\/izle.az\/embed\/qyyx9Ukvzs9yTQ0ITHQEAA~~\" width=\"600\" height=\"340\" frameborder=\"0\" scrolling=\"no\" allowfullscreen=\"allowfullscreen\" data-mce-fragment=\"1\"><\/iframe><\/div>\n<div id=\"myrekopen\" class=\"bannerklass\">\n<div id=\"SC_TBlock_538956\" class=\"SC_TBlock\"><\/div>\n<\/div>\n<div class=\"datespan clearfix\"><\/div>\n","protected":false},"excerpt":{"rendered":"<p>Qocayev \u00f6vlad\u0131n\u0131n anas\u0131na \u00e7oxsayl\u0131 b\u0131\u00e7aq z\u0259rb\u0259l\u0259ri vuraraq onu \u00f6ld\u00fcr\u00fcb Bak\u0131da qeyri-r\u0259smi nikahda ya\u015fad\u0131\u011f\u0131 \u0259ri t\u0259r\u0259find\u0259n v\u0259h\u015fic\u0259sin\u0259 \u00f6ld\u00fcr\u00fcl\u0259n qad\u0131n\u0131n q\u0259tli il\u0259 ba\u011fl\u0131 d\u0259h\u015f\u0259tli g\u00f6r\u00fcnt\u00fcl\u0259r yay\u0131mlan\u0131b. ARANTV.AZ\u00a0 aznews.az-a istinad\u0259n x\u0259b\u0259r verir ki, kadrlar ARB TV-d\u0259 yay\u0131mlanan &#8220;Kriminal&#8221; verili\u015find\u0259 n\u00fcmayi\u015f etdirilib. Bel\u0259 ki, 1994-c\u00fc il t\u0259v\u0259ll\u00fcdl\u00fc \u00dclviyy\u0259 Allahverdiyevan\u0131 q\u0131sqancl\u0131q z\u0259minind\u0259 \u00f6ld\u00fcr\u0259n Qocayev Mahir sonra intihar m\u0259qs\u0259di il\u0259 \u00f6z\u00fcn\u0259 b\u0131\u00e7aq z\u0259rb\u0259l\u0259ri endirib. Ke\u00e7mi\u015f \u0259r-arvad u\u015faq \u00fcst\u00fcnd\u0259 m\u00fcbahis\u0259 edibl\u0259r. Bel\u0259 ki, Allahverdiyeva q\u0259tl ba\u015f ver\u0259n g\u00fcn \u0259rinin evin\u0259 u\u015fa\u011f\u0131n\u0131 g\u00f6rm\u0259y\u0259 g\u0259libmi\u015f. M\u0259hk\u0259m\u0259 c\u00fctl\u00fck bo\u015fanark\u0259n u\u015fa\u011f\u0131n atas\u0131nda qalmas\u0131 bar\u0259d\u0259 q\u0259rar \u00e7\u0131xar\u0131b v\u0259 anaya onu ziyar\u0259t etm\u0259k&hellip;<\/p>\n","protected":false},"author":2,"featured_media":62787,"comment_status":"closed","ping_status":"closed","sticky":false,"template":"","format":"standard","meta":{"om_disable_all_campaigns":false,"_monsterinsights_skip_tracking":false,"_monsterinsights_sitenote_active":false,"_monsterinsights_sitenote_note":"","_monsterinsights_sitenote_category":0},"categories":[3],"tags":[],"aioseo_notices":[],"gutentor_comment":0,"rttpg_featured_image_url":{"full":["https:\/\/arantv.az\/wp-content\/uploads\/2019\/05\/1559203540s3.gif",549,293,false],"landscape":["https:\/\/arantv.az\/wp-content\/uploads\/2019\/05\/1559203540s3.gif",549,293,false],"portraits":["https:\/\/arantv.az\/wp-content\/uploads\/2019\/05\/1559203540s3.gif",549,293,false],"thumbnail":["https:\/\/arantv.az\/wp-content\/uploads\/2019\/05\/1559203540s3-150x150.gif",150,150,true],"medium":["https:\/\/arantv.az\/wp-content\/uploads\/2019\/05\/1559203540s3-300x160.gif",300,160,true],"large":["https:\/\/arantv.az\/wp-content\/uploads\/2019\/05\/1559203540s3.gif",549,293,false],"1536x1536":["https:\/\/arantv.az\/wp-content\/uploads\/2019\/05\/1559203540s3.gif",549,293,false],"2048x2048":["https:\/\/arantv.az\/wp-content\/uploads\/2019\/05\/1559203540s3.gif",549,293,false],"post-thumbnail":["https:\/\/arantv.az\/wp-content\/uploads\/2019\/05\/1559203540s3-240x172.gif",240,172,true],"advps-thumb-one":["https:\/\/arantv.az\/wp-content\/uploads\/2019\/05\/1559203540s3.gif",549,293,false]},"rttpg_author":{"display_name":"V\u00fcsal Rafiqo\u011flu","author_link":"https:\/\/arantv.az\/?author=2"},"rttpg_comment":0,"rttpg_category":"<a href=\"https:\/\/arantv.az\/?cat=3\" rel=\"category\">Kriminal<\/a>","rttpg_excerpt":"Qocayev \u00f6vlad\u0131n\u0131n anas\u0131na \u00e7oxsayl\u0131 b\u0131\u00e7aq z\u0259rb\u0259l\u0259ri vuraraq onu \u00f6ld\u00fcr\u00fcb Bak\u0131da qeyri-r\u0259smi nikahda ya\u015fad\u0131\u011f\u0131 \u0259ri t\u0259r\u0259find\u0259n v\u0259h\u015fic\u0259sin\u0259 \u00f6ld\u00fcr\u00fcl\u0259n qad\u0131n\u0131n q\u0259tli il\u0259 ba\u011fl\u0131 d\u0259h\u015f\u0259tli g\u00f6r\u00fcnt\u00fcl\u0259r yay\u0131mlan\u0131b. ARANTV.AZ\u00a0 aznews.az-a istinad\u0259n x\u0259b\u0259r verir ki, kadrlar ARB TV-d\u0259 yay\u0131mlanan &#8220;Kriminal&#8221; verili\u015find\u0259 n\u00fcmayi\u015f etdirilib. Bel\u0259 ki, 1994-c\u00fc il t\u0259v\u0259ll\u00fcdl\u00fc \u00dclviyy\u0259 Allahverdiyevan\u0131 q\u0131sqancl\u0131q z\u0259minind\u0259 \u00f6ld\u00fcr\u0259n Qocayev Mahir sonra intihar m\u0259qs\u0259di il\u0259 \u00f6z\u00fcn\u0259&hellip;","_links":{"self":[{"href":"https:\/\/arantv.az\/index.php?rest_route=\/wp\/v2\/posts\/62786"}],"collection":[{"href":"https:\/\/arantv.az\/index.php?rest_route=\/wp\/v2\/posts"}],"about":[{"href":"https:\/\/arantv.az\/index.php?rest_route=\/wp\/v2\/types\/post"}],"author":[{"embeddable":true,"href":"https:\/\/arantv.az\/index.php?rest_route=\/wp\/v2\/users\/2"}],"replies":[{"embeddable":true,"href":"https:\/\/arantv.az\/index.php?rest_route=%2Fwp%2Fv2%2Fcomments&post=62786"}],"version-history":[{"count":0,"href":"https:\/\/arantv.az\/index.php?rest_route=\/wp\/v2\/posts\/62786\/revisions"}],"wp:featuredmedia":[{"embeddable":true,"href":"https:\/\/arantv.az\/index.php?rest_route=\/wp\/v2\/media\/62787"}],"wp:attachment":[{"href":"https:\/\/arantv.az\/index.php?rest_route=%2Fwp%2Fv2%2Fmedia&parent=62786"}],"wp:term":[{"taxonomy":"category","embeddable":true,"href":"https:\/\/arantv.az\/index.php?rest_route=%2Fwp%2Fv2%2Fcategories&post=62786"},{"taxonomy":"post_tag","embeddable":true,"href":"https:\/\/arantv.az\/index.php?rest_route=%2Fwp%2Fv2%2Ftags&post=62786"}],"curies":[{"name":"wp","href":"https:\/\/api.w.org\/{rel}","templated":true}]}}