{"id":62792,"date":"2019-05-30T11:26:33","date_gmt":"2019-05-30T08:26:33","guid":{"rendered":"http:\/\/arantv.az\/?p=62792"},"modified":"2019-05-30T11:26:33","modified_gmt":"2019-05-30T08:26:33","slug":"el%c9%99-t%c9%99s%c9%99vvur-yaradirlar-ki-sanki-m%c9%99kt%c9%99bl%c9%99rd%c9%99-rusv%c9%99t-tugyan-edir-deputat","status":"publish","type":"post","link":"https:\/\/arantv.az\/?p=62792","title":{"rendered":"El\u0259 t\u0259s\u0259vv\u00fcr yarad\u0131rlar ki, sanki m\u0259kt\u0259bl\u0259rd\u0259 r\u00fc\u015fv\u0259t t\u00fc\u011fyan edir &#8211; DEPUTAT"},"content":{"rendered":"<p><strong>M\u0259tbuat \u015euras\u0131na daxil olan \u015fikay\u0259tl\u0259rin minumum 30 faizi \u201creket sayt\u201dlarla ba\u011fl\u0131d\u0131r.<\/strong><\/p>\n<p><b>ARANTV.AZ\u00a0<\/b>x\u0259b\u0259r verir ki, bunu M\u0259tbuat \u015euras\u0131n\u0131n s\u0259dri \u018fflatun Ama\u015fov T\u0259hsil Nazirliyinin K\u0130V n\u00fcmay\u0259d\u0259l\u0259ri \u00fc\u00e7\u00fcn ke\u00e7irdiyi t\u0259limd\u0259 deyib.<\/p>\n<p>O bildirib ki, bir \u00e7ox hallarda \u015fikay\u0259t ver\u0259n t\u0259r\u0259f haql\u0131 olur: \u201cReket\u201d kimi qara siyah\u0131ya sald\u0131\u011f\u0131m\u0131z saytlar m\u0259kt\u0259b v\u0259 m\u00fc\u0259lliml\u0259r haqq\u0131nda olmaz\u0131n \u015fayi\u0259l\u0259r yay\u0131rlar. D\u00fczd\u00fcr, bunlar aras\u0131nda h\u0259qiq\u0259ti yazanlar da olur. D\u00fc\u015f\u00fcn\u00fcr\u0259m ki, bu t\u0259liml\u0259r h\u0259r iki t\u0259r\u0259f \u00fc\u00e7\u00fcn \u00f6n\u0259mlidir. T\u0259hsil Nazirliyi son d\u00f6n\u0259ml\u0259r ciddi islahatlar apar\u0131r. Bu islahatlar\u0131n ictimaiyy\u0259t\u0259 \u00e7atd\u0131r\u0131lmas\u0131nda media n\u00fcmay\u0259nd\u0259l\u0259rinin x\u00fcsusi rolu var. Lakin b\u0259zi x\u0259b\u0259r saytlar\u0131 el\u0259 t\u0259s\u0259vv\u00fcr yarad\u0131r ki, Az\u0259rbaycan m\u00fc\u0259lliml\u0259ri savads\u0131zd\u0131r, m\u0259kt\u0259bl\u0259rd\u0259 r\u00fc\u015fv\u0259t t\u00fc\u011fyan edir. T\u0259\u0259ss\u00fcfl\u0259r olsun ki, bel\u0259 saytlar\u0131n da say\u0131 \u00e7oxdur\u201d.publika.az<\/p>\n","protected":false},"excerpt":{"rendered":"<p>M\u0259tbuat \u015euras\u0131na daxil olan \u015fikay\u0259tl\u0259rin minumum 30 faizi \u201creket sayt\u201dlarla ba\u011fl\u0131d\u0131r. ARANTV.AZ\u00a0x\u0259b\u0259r verir ki, bunu M\u0259tbuat \u015euras\u0131n\u0131n s\u0259dri \u018fflatun Ama\u015fov T\u0259hsil Nazirliyinin K\u0130V n\u00fcmay\u0259d\u0259l\u0259ri \u00fc\u00e7\u00fcn ke\u00e7irdiyi t\u0259limd\u0259 deyib. O bildirib ki, bir \u00e7ox hallarda \u015fikay\u0259t ver\u0259n t\u0259r\u0259f haql\u0131 olur: \u201cReket\u201d kimi qara siyah\u0131ya sald\u0131\u011f\u0131m\u0131z saytlar m\u0259kt\u0259b v\u0259 m\u00fc\u0259lliml\u0259r haqq\u0131nda olmaz\u0131n \u015fayi\u0259l\u0259r yay\u0131rlar. D\u00fczd\u00fcr, bunlar aras\u0131nda h\u0259qiq\u0259ti yazanlar da olur. D\u00fc\u015f\u00fcn\u00fcr\u0259m ki, bu t\u0259liml\u0259r h\u0259r iki t\u0259r\u0259f \u00fc\u00e7\u00fcn \u00f6n\u0259mlidir. T\u0259hsil Nazirliyi son d\u00f6n\u0259ml\u0259r ciddi islahatlar apar\u0131r. Bu islahatlar\u0131n ictimaiyy\u0259t\u0259 \u00e7atd\u0131r\u0131lmas\u0131nda media n\u00fcmay\u0259nd\u0259l\u0259rinin x\u00fcsusi rolu var. Lakin b\u0259zi x\u0259b\u0259r saytlar\u0131 el\u0259 t\u0259s\u0259vv\u00fcr&hellip;<\/p>\n","protected":false},"author":2,"featured_media":62793,"comment_status":"closed","ping_status":"closed","sticky":false,"template":"","format":"standard","meta":{"om_disable_all_campaigns":false,"_monsterinsights_skip_tracking":false,"_monsterinsights_sitenote_active":false,"_monsterinsights_sitenote_note":"","_monsterinsights_sitenote_category":0},"categories":[1],"tags":[],"aioseo_notices":[],"gutentor_comment":0,"rttpg_featured_image_url":{"full":["https:\/\/arantv.az\/wp-content\/uploads\/2019\/05\/61273752_333235060701587_5724330702711816192_n.jpg",800,450,false],"landscape":["https:\/\/arantv.az\/wp-content\/uploads\/2019\/05\/61273752_333235060701587_5724330702711816192_n.jpg",800,450,false],"portraits":["https:\/\/arantv.az\/wp-content\/uploads\/2019\/05\/61273752_333235060701587_5724330702711816192_n.jpg",800,450,false],"thumbnail":["https:\/\/arantv.az\/wp-content\/uploads\/2019\/05\/61273752_333235060701587_5724330702711816192_n-150x150.jpg",150,150,true],"medium":["https:\/\/arantv.az\/wp-content\/uploads\/2019\/05\/61273752_333235060701587_5724330702711816192_n-300x169.jpg",300,169,true],"large":["https:\/\/arantv.az\/wp-content\/uploads\/2019\/05\/61273752_333235060701587_5724330702711816192_n.jpg",640,360,false],"1536x1536":["https:\/\/arantv.az\/wp-content\/uploads\/2019\/05\/61273752_333235060701587_5724330702711816192_n.jpg",800,450,false],"2048x2048":["https:\/\/arantv.az\/wp-content\/uploads\/2019\/05\/61273752_333235060701587_5724330702711816192_n.jpg",800,450,false],"post-thumbnail":["https:\/\/arantv.az\/wp-content\/uploads\/2019\/05\/61273752_333235060701587_5724330702711816192_n-240x172.jpg",240,172,true],"advps-thumb-one":["https:\/\/arantv.az\/wp-content\/uploads\/2019\/05\/61273752_333235060701587_5724330702711816192_n.jpg",800,450,false]},"rttpg_author":{"display_name":"V\u00fcsal Rafiqo\u011flu","author_link":"https:\/\/arantv.az\/?author=2"},"rttpg_comment":0,"rttpg_category":"<a href=\"https:\/\/arantv.az\/?cat=1\" rel=\"category\">C\u0259miyy\u0259t<\/a>","rttpg_excerpt":"M\u0259tbuat \u015euras\u0131na daxil olan \u015fikay\u0259tl\u0259rin minumum 30 faizi \u201creket sayt\u201dlarla ba\u011fl\u0131d\u0131r. ARANTV.AZ\u00a0x\u0259b\u0259r verir ki, bunu M\u0259tbuat \u015euras\u0131n\u0131n s\u0259dri \u018fflatun Ama\u015fov T\u0259hsil Nazirliyinin K\u0130V n\u00fcmay\u0259d\u0259l\u0259ri \u00fc\u00e7\u00fcn ke\u00e7irdiyi t\u0259limd\u0259 deyib. O bildirib ki, bir \u00e7ox hallarda \u015fikay\u0259t ver\u0259n t\u0259r\u0259f haql\u0131 olur: \u201cReket\u201d kimi qara siyah\u0131ya sald\u0131\u011f\u0131m\u0131z saytlar m\u0259kt\u0259b v\u0259 m\u00fc\u0259lliml\u0259r haqq\u0131nda olmaz\u0131n \u015fayi\u0259l\u0259r yay\u0131rlar. D\u00fczd\u00fcr, bunlar aras\u0131nda&hellip;","_links":{"self":[{"href":"https:\/\/arantv.az\/index.php?rest_route=\/wp\/v2\/posts\/62792"}],"collection":[{"href":"https:\/\/arantv.az\/index.php?rest_route=\/wp\/v2\/posts"}],"about":[{"href":"https:\/\/arantv.az\/index.php?rest_route=\/wp\/v2\/types\/post"}],"author":[{"embeddable":true,"href":"https:\/\/arantv.az\/index.php?rest_route=\/wp\/v2\/users\/2"}],"replies":[{"embeddable":true,"href":"https:\/\/arantv.az\/index.php?rest_route=%2Fwp%2Fv2%2Fcomments&post=62792"}],"version-history":[{"count":0,"href":"https:\/\/arantv.az\/index.php?rest_route=\/wp\/v2\/posts\/62792\/revisions"}],"wp:featuredmedia":[{"embeddable":true,"href":"https:\/\/arantv.az\/index.php?rest_route=\/wp\/v2\/media\/62793"}],"wp:attachment":[{"href":"https:\/\/arantv.az\/index.php?rest_route=%2Fwp%2Fv2%2Fmedia&parent=62792"}],"wp:term":[{"taxonomy":"category","embeddable":true,"href":"https:\/\/arantv.az\/index.php?rest_route=%2Fwp%2Fv2%2Fcategories&post=62792"},{"taxonomy":"post_tag","embeddable":true,"href":"https:\/\/arantv.az\/index.php?rest_route=%2Fwp%2Fv2%2Ftags&post=62792"}],"curies":[{"name":"wp","href":"https:\/\/api.w.org\/{rel}","templated":true}]}}