{"id":62804,"date":"2019-05-30T11:36:00","date_gmt":"2019-05-30T08:36:00","guid":{"rendered":"http:\/\/arantv.az\/?p=62804"},"modified":"2019-05-30T11:36:00","modified_gmt":"2019-05-30T08:36:00","slug":"s%c9%99m%c9%99d-seyidov-erm%c9%99nistanin-apardigi-siyas%c9%99td%c9%99-t%c9%99hluk%c9%99-var","status":"publish","type":"post","link":"https:\/\/arantv.az\/?p=62804","title":{"rendered":"S\u0259m\u0259d Seyidov: &#8220;Erm\u0259nistan\u0131n apard\u0131\u011f\u0131 siyas\u0259td\u0259 t\u0259hl\u00fck\u0259 var&#8221;"},"content":{"rendered":"<p><strong>Bu g\u00fcn Erm\u0259nistan hakimiyy\u0259ti informasiya m\u00fcharib\u0259sin\u0259 \u0259l ataraq beyn\u0259lxalq ictimaiyy\u0259ti \u00e7a\u015fd\u0131rma\u011fa \u00e7al\u0131\u015f\u0131r.<\/strong><\/p>\n<p><strong>ARANTV.AZ<\/strong> trend-\u0259 istinad\u0259n bildirir ki,\u00a0bunu Milli M\u0259clisin komit\u0259 s\u0259dri, Az\u0259rbaycan\u0131n A\u015e PA-dak\u0131 n\u00fcmay\u0259nd\u0259 hey\u0259tinin s\u0259dri S\u0259m\u0259d Seyidov &#8220;Erm\u0259nistan\u0131n regional t\u0259hdidi&#8221; m\u00f6vzusunda beyn\u0259lxalq forumda \u00e7\u0131x\u0131\u015f\u0131 zaman\u0131 deyib. Onun s\u00f6zl\u0259rin\u0259 g\u00f6r\u0259, Erm\u0259nistan\u0131n apard\u0131\u011f\u0131 siyas\u0259td\u0259 t\u0259hl\u00fck\u0259 var.<\/p>\n<p>S.Seyidov \u0259lav\u0259 edib ki, haz\u0131rk\u0131 Erm\u0259nistan r\u0259hb\u0259rliyi \u00f6z\u00fcnd\u0259 bir s\u0131ra x\u00fcsusiyy\u0259tl\u0259ri ehtiva edir:<\/p>\n<p>&#8220;Bu \u00f6lk\u0259d\u0259 hakimiyy\u0259t\u0259 g\u0259l\u0259n \u015f\u0259xs Da\u011fl\u0131q Qaraba\u011f\u0131n Erm\u0259nistan \u00fc\u00e7\u00fcn yaratd\u0131\u011f\u0131 probleml\u0259rin \u0259sas\u0131nda v\u0259zif\u0259y\u0259 g\u0259lib. Korrupsiya, \u00f6lk\u0259nin da\u011f\u0131d\u0131lmas\u0131, demoqrafik probleml\u0259r, iqtisadi bax\u0131mdan \u00e7\u00f6km\u0259l\u0259r &#8211; bunlar ham\u0131s\u0131 imkan yaratd\u0131 ki, Pa\u015finyan bu m\u0259s\u0259l\u0259l\u0259rd\u0259n istifad\u0259 ed\u0259r\u0259k hakimiyy\u0259t\u0259 g\u0259lsin. Hakimiyy\u0259t\u0259 g\u0259l\u0259n insan bu \u00f6lk\u0259nin tarixind\u0259 ilk d\u0259f\u0259 Da\u011fl\u0131q Qaraba\u011f klan\u0131na qar\u015f\u0131 m\u00fcbariz\u0259 apararaq v\u0259zif\u0259y\u0259 y\u00fcks\u0259lib. \u0130lk d\u0259f\u0259 hakimiyy\u0259td\u0259 olan \u015f\u0259xs Erm\u0259nistanda Da\u011fl\u0131q Qaraba\u011f m\u0259suliyy\u0259tind\u0259n qa\u00e7\u0131b onu boynuna g\u00f6t\u00fcrm\u0259k ist\u0259mir. Dan\u0131\u015f\u0131qlar\u0131n format\u0131n\u0131n d\u0259yi\u015fdirilm\u0259si v\u0259 dig\u0259r istiqam\u0259tl\u0259rd\u0259 atd\u0131\u011f\u0131 add\u0131mlar buna misald\u0131r. Pa\u015finyan \u00e7al\u0131\u015f\u0131r ki, Da\u011fl\u0131q Qaraba\u011f m\u00fcnaqi\u015f\u0259sind\u0259n uzaqla\u015faraq \u00f6z\u00fcn\u0259 m\u00fcsb\u0259t dividend qazans\u0131n&#8221;.<\/p>\n<p>S.Seyidov qeyd edib ki, sadalanan x\u00fcsusiyy\u0259tl\u0259rin he\u00e7 biri bug\u00fcnk\u00fc Erm\u0259nistan hakimiyy\u0259tin\u0259 he\u00e7 bir \u015fey qazand\u0131rm\u0131r. Ona g\u00f6r\u0259 d\u0259 bu g\u00fcn Erm\u0259nistan v\u0259 bu \u00f6lk\u0259nin daxilind\u0259ki q\u00fcvv\u0259l\u0259r n\u00f6vb\u0259ti taktikan\u0131 se\u00e7irl\u0259r. Onlar b\u00fct\u00fcn istiqam\u0259tl\u0259rd\u0259 m\u0259\u011flubiyy\u0259t g\u00f6r\u0259r\u0259k ba\u015fqa bir m\u00fcharib\u0259y\u0259 &#8211; informasiya m\u00fcharib\u0259sin\u0259 \u0259l at\u0131rlar.<\/p>\n","protected":false},"excerpt":{"rendered":"<p>Bu g\u00fcn Erm\u0259nistan hakimiyy\u0259ti informasiya m\u00fcharib\u0259sin\u0259 \u0259l ataraq beyn\u0259lxalq ictimaiyy\u0259ti \u00e7a\u015fd\u0131rma\u011fa \u00e7al\u0131\u015f\u0131r. ARANTV.AZ trend-\u0259 istinad\u0259n bildirir ki,\u00a0bunu Milli M\u0259clisin komit\u0259 s\u0259dri, Az\u0259rbaycan\u0131n A\u015e PA-dak\u0131 n\u00fcmay\u0259nd\u0259 hey\u0259tinin s\u0259dri S\u0259m\u0259d Seyidov &#8220;Erm\u0259nistan\u0131n regional t\u0259hdidi&#8221; m\u00f6vzusunda beyn\u0259lxalq forumda \u00e7\u0131x\u0131\u015f\u0131 zaman\u0131 deyib. Onun s\u00f6zl\u0259rin\u0259 g\u00f6r\u0259, Erm\u0259nistan\u0131n apard\u0131\u011f\u0131 siyas\u0259td\u0259 t\u0259hl\u00fck\u0259 var. S.Seyidov \u0259lav\u0259 edib ki, haz\u0131rk\u0131 Erm\u0259nistan r\u0259hb\u0259rliyi \u00f6z\u00fcnd\u0259 bir s\u0131ra x\u00fcsusiyy\u0259tl\u0259ri ehtiva edir: &#8220;Bu \u00f6lk\u0259d\u0259 hakimiyy\u0259t\u0259 g\u0259l\u0259n \u015f\u0259xs Da\u011fl\u0131q Qaraba\u011f\u0131n Erm\u0259nistan \u00fc\u00e7\u00fcn yaratd\u0131\u011f\u0131 probleml\u0259rin \u0259sas\u0131nda v\u0259zif\u0259y\u0259 g\u0259lib. Korrupsiya, \u00f6lk\u0259nin da\u011f\u0131d\u0131lmas\u0131, demoqrafik probleml\u0259r, iqtisadi bax\u0131mdan \u00e7\u00f6km\u0259l\u0259r &#8211; bunlar ham\u0131s\u0131 imkan yaratd\u0131 ki, Pa\u015finyan bu m\u0259s\u0259l\u0259l\u0259rd\u0259n&hellip;<\/p>\n","protected":false},"author":2,"featured_media":62805,"comment_status":"closed","ping_status":"closed","sticky":false,"template":"","format":"standard","meta":{"om_disable_all_campaigns":false,"_monsterinsights_skip_tracking":false,"_monsterinsights_sitenote_active":false,"_monsterinsights_sitenote_note":"","_monsterinsights_sitenote_category":0},"categories":[4],"tags":[],"aioseo_notices":[],"gutentor_comment":0,"rttpg_featured_image_url":{"full":["https:\/\/arantv.az\/wp-content\/uploads\/2019\/05\/semed_seyidov_041-1.jpg",800,600,false],"landscape":["https:\/\/arantv.az\/wp-content\/uploads\/2019\/05\/semed_seyidov_041-1.jpg",800,600,false],"portraits":["https:\/\/arantv.az\/wp-content\/uploads\/2019\/05\/semed_seyidov_041-1.jpg",800,600,false],"thumbnail":["https:\/\/arantv.az\/wp-content\/uploads\/2019\/05\/semed_seyidov_041-1-150x150.jpg",150,150,true],"medium":["https:\/\/arantv.az\/wp-content\/uploads\/2019\/05\/semed_seyidov_041-1-300x225.jpg",300,225,true],"large":["https:\/\/arantv.az\/wp-content\/uploads\/2019\/05\/semed_seyidov_041-1.jpg",640,480,false],"1536x1536":["https:\/\/arantv.az\/wp-content\/uploads\/2019\/05\/semed_seyidov_041-1.jpg",800,600,false],"2048x2048":["https:\/\/arantv.az\/wp-content\/uploads\/2019\/05\/semed_seyidov_041-1.jpg",800,600,false],"post-thumbnail":["https:\/\/arantv.az\/wp-content\/uploads\/2019\/05\/semed_seyidov_041-1-240x172.jpg",240,172,true],"advps-thumb-one":["https:\/\/arantv.az\/wp-content\/uploads\/2019\/05\/semed_seyidov_041-1.jpg",800,600,false]},"rttpg_author":{"display_name":"V\u00fcsal Rafiqo\u011flu","author_link":"https:\/\/arantv.az\/?author=2"},"rttpg_comment":0,"rttpg_category":"<a href=\"https:\/\/arantv.az\/?cat=4\" rel=\"category\">Siyas\u0259t<\/a>","rttpg_excerpt":"Bu g\u00fcn Erm\u0259nistan hakimiyy\u0259ti informasiya m\u00fcharib\u0259sin\u0259 \u0259l ataraq beyn\u0259lxalq ictimaiyy\u0259ti \u00e7a\u015fd\u0131rma\u011fa \u00e7al\u0131\u015f\u0131r. ARANTV.AZ trend-\u0259 istinad\u0259n bildirir ki,\u00a0bunu Milli M\u0259clisin komit\u0259 s\u0259dri, Az\u0259rbaycan\u0131n A\u015e PA-dak\u0131 n\u00fcmay\u0259nd\u0259 hey\u0259tinin s\u0259dri S\u0259m\u0259d Seyidov &#8220;Erm\u0259nistan\u0131n regional t\u0259hdidi&#8221; m\u00f6vzusunda beyn\u0259lxalq forumda \u00e7\u0131x\u0131\u015f\u0131 zaman\u0131 deyib. Onun s\u00f6zl\u0259rin\u0259 g\u00f6r\u0259, Erm\u0259nistan\u0131n apard\u0131\u011f\u0131 siyas\u0259td\u0259 t\u0259hl\u00fck\u0259 var. S.Seyidov \u0259lav\u0259 edib ki, haz\u0131rk\u0131 Erm\u0259nistan r\u0259hb\u0259rliyi \u00f6z\u00fcnd\u0259 bir&hellip;","_links":{"self":[{"href":"https:\/\/arantv.az\/index.php?rest_route=\/wp\/v2\/posts\/62804"}],"collection":[{"href":"https:\/\/arantv.az\/index.php?rest_route=\/wp\/v2\/posts"}],"about":[{"href":"https:\/\/arantv.az\/index.php?rest_route=\/wp\/v2\/types\/post"}],"author":[{"embeddable":true,"href":"https:\/\/arantv.az\/index.php?rest_route=\/wp\/v2\/users\/2"}],"replies":[{"embeddable":true,"href":"https:\/\/arantv.az\/index.php?rest_route=%2Fwp%2Fv2%2Fcomments&post=62804"}],"version-history":[{"count":0,"href":"https:\/\/arantv.az\/index.php?rest_route=\/wp\/v2\/posts\/62804\/revisions"}],"wp:featuredmedia":[{"embeddable":true,"href":"https:\/\/arantv.az\/index.php?rest_route=\/wp\/v2\/media\/62805"}],"wp:attachment":[{"href":"https:\/\/arantv.az\/index.php?rest_route=%2Fwp%2Fv2%2Fmedia&parent=62804"}],"wp:term":[{"taxonomy":"category","embeddable":true,"href":"https:\/\/arantv.az\/index.php?rest_route=%2Fwp%2Fv2%2Fcategories&post=62804"},{"taxonomy":"post_tag","embeddable":true,"href":"https:\/\/arantv.az\/index.php?rest_route=%2Fwp%2Fv2%2Ftags&post=62804"}],"curies":[{"name":"wp","href":"https:\/\/api.w.org\/{rel}","templated":true}]}}