{"id":62811,"date":"2019-05-30T11:50:03","date_gmt":"2019-05-30T08:50:03","guid":{"rendered":"http:\/\/arantv.az\/?p=62811"},"modified":"2019-05-30T11:50:03","modified_gmt":"2019-05-30T08:50:03","slug":"bas-prokurorun-birinci-muavini-dask%c9%99s%c9%99n%c9%99-ged%c9%99c%c9%99k","status":"publish","type":"post","link":"https:\/\/arantv.az\/?p=62811","title":{"rendered":"Ba\u015f prokurorun birinci m\u00fcavini Da\u015fk\u0259s\u0259n\u0259 ged\u0259c\u0259k"},"content":{"rendered":"<p><strong>Az\u0259rbaycan Respublikas\u0131n\u0131n Prezidenti \u0130lham \u018fliyevin tap\u015f\u0131r\u0131\u011f\u0131na v\u0259 b\u00f6lg\u0259l\u0259rd\u0259 v\u0259t\u0259nda\u015flar\u0131n q\u0259bulu c\u0259dv\u0259lin\u0259 uy\u011fun olaraq Ba\u015f prokurorun birinci m\u00fcavini R\u00fcst\u0259m Usubov cari il iyunun 7-d\u0259 saat 10:00-da Da\u015fk\u0259s\u0259n rayon prokurorlu\u011funun inzibati binas\u0131nda Da\u015fk\u0259s\u0259n v\u0259 K\u0259lb\u0259c\u0259r rayon sakinl\u0259rinin q\u0259bulunu ke\u00e7ir\u0259c\u0259k.<\/strong><\/p>\n<p><b>ARANTV.AZ\u00a0<\/b> x\u0259b\u0259r verir ki, q\u0259bulda v\u0259t\u0259nda\u015flar\u0131n prokurorluq orqanlar\u0131n\u0131n s\u0259lahiyy\u0259tl\u0259rin\u0259 aid olan m\u00fcraci\u0259tl\u0259rin\u0259 bax\u0131lacaq.<\/p>\n<p>V\u0259t\u0259nda\u015flar\u0131n q\u0259bulla ba\u011fl\u0131 qeydiyyat\u0131 v\u0259 Da\u015fk\u0259s\u0259n rayonuna g\u0259lm\u0259l\u0259rinin t\u0259\u015fkili m\u00fcvafiq rayon prokurorlar\u0131 t\u0259r\u0259find\u0259n h\u0259yata ke\u00e7iril\u0259c\u0259k.<\/p>\n<p>V\u0259t\u0259nda\u015flar ya\u015fad\u0131qlar\u0131 \u0259razi \u00fczr\u0259 rayon prokurorluqlar\u0131na yaz\u0131l\u0131 v\u0259 ya \u015fifahi m\u00fcraci\u0259t etm\u0259kl\u0259 yana\u015f\u0131, Ba\u015f Prokurorlu\u011fun M\u00fcraci\u0259tl\u0259r\u0259 bax\u0131lmas\u0131 idar\u0259sinin 437-28-79 n\u00f6mr\u0259li telefonu v\u0259 contact@prosecutor.gov.az elektron po\u00e7t \u00fcnvan\u0131 vasit\u0259sil\u0259 d\u0259 q\u0259bula yaz\u0131la bil\u0259rl\u0259r.publika.az<\/p>\n","protected":false},"excerpt":{"rendered":"<p>Az\u0259rbaycan Respublikas\u0131n\u0131n Prezidenti \u0130lham \u018fliyevin tap\u015f\u0131r\u0131\u011f\u0131na v\u0259 b\u00f6lg\u0259l\u0259rd\u0259 v\u0259t\u0259nda\u015flar\u0131n q\u0259bulu c\u0259dv\u0259lin\u0259 uy\u011fun olaraq Ba\u015f prokurorun birinci m\u00fcavini R\u00fcst\u0259m Usubov cari il iyunun 7-d\u0259 saat 10:00-da Da\u015fk\u0259s\u0259n rayon prokurorlu\u011funun inzibati binas\u0131nda Da\u015fk\u0259s\u0259n v\u0259 K\u0259lb\u0259c\u0259r rayon sakinl\u0259rinin q\u0259bulunu ke\u00e7ir\u0259c\u0259k. ARANTV.AZ\u00a0 x\u0259b\u0259r verir ki, q\u0259bulda v\u0259t\u0259nda\u015flar\u0131n prokurorluq orqanlar\u0131n\u0131n s\u0259lahiyy\u0259tl\u0259rin\u0259 aid olan m\u00fcraci\u0259tl\u0259rin\u0259 bax\u0131lacaq. V\u0259t\u0259nda\u015flar\u0131n q\u0259bulla ba\u011fl\u0131 qeydiyyat\u0131 v\u0259 Da\u015fk\u0259s\u0259n rayonuna g\u0259lm\u0259l\u0259rinin t\u0259\u015fkili m\u00fcvafiq rayon prokurorlar\u0131 t\u0259r\u0259find\u0259n h\u0259yata ke\u00e7iril\u0259c\u0259k. V\u0259t\u0259nda\u015flar ya\u015fad\u0131qlar\u0131 \u0259razi \u00fczr\u0259 rayon prokurorluqlar\u0131na yaz\u0131l\u0131 v\u0259 ya \u015fifahi m\u00fcraci\u0259t etm\u0259kl\u0259 yana\u015f\u0131, Ba\u015f Prokurorlu\u011fun M\u00fcraci\u0259tl\u0259r\u0259 bax\u0131lmas\u0131 idar\u0259sinin 437-28-79 n\u00f6mr\u0259li telefonu v\u0259 contact@prosecutor.gov.az elektron po\u00e7t&hellip;<\/p>\n","protected":false},"author":2,"featured_media":62812,"comment_status":"closed","ping_status":"closed","sticky":false,"template":"","format":"standard","meta":{"om_disable_all_campaigns":false,"_monsterinsights_skip_tracking":false,"_monsterinsights_sitenote_active":false,"_monsterinsights_sitenote_note":"","_monsterinsights_sitenote_category":0},"categories":[1],"tags":[],"aioseo_notices":[],"gutentor_comment":0,"rttpg_featured_image_url":{"full":["https:\/\/arantv.az\/wp-content\/uploads\/2019\/05\/rstm_usubov.jpg",800,450,false],"landscape":["https:\/\/arantv.az\/wp-content\/uploads\/2019\/05\/rstm_usubov.jpg",800,450,false],"portraits":["https:\/\/arantv.az\/wp-content\/uploads\/2019\/05\/rstm_usubov.jpg",800,450,false],"thumbnail":["https:\/\/arantv.az\/wp-content\/uploads\/2019\/05\/rstm_usubov-150x150.jpg",150,150,true],"medium":["https:\/\/arantv.az\/wp-content\/uploads\/2019\/05\/rstm_usubov-300x169.jpg",300,169,true],"large":["https:\/\/arantv.az\/wp-content\/uploads\/2019\/05\/rstm_usubov.jpg",640,360,false],"1536x1536":["https:\/\/arantv.az\/wp-content\/uploads\/2019\/05\/rstm_usubov.jpg",800,450,false],"2048x2048":["https:\/\/arantv.az\/wp-content\/uploads\/2019\/05\/rstm_usubov.jpg",800,450,false],"post-thumbnail":["https:\/\/arantv.az\/wp-content\/uploads\/2019\/05\/rstm_usubov-240x172.jpg",240,172,true],"advps-thumb-one":["https:\/\/arantv.az\/wp-content\/uploads\/2019\/05\/rstm_usubov.jpg",800,450,false]},"rttpg_author":{"display_name":"V\u00fcsal Rafiqo\u011flu","author_link":"https:\/\/arantv.az\/?author=2"},"rttpg_comment":0,"rttpg_category":"<a href=\"https:\/\/arantv.az\/?cat=1\" rel=\"category\">C\u0259miyy\u0259t<\/a>","rttpg_excerpt":"Az\u0259rbaycan Respublikas\u0131n\u0131n Prezidenti \u0130lham \u018fliyevin tap\u015f\u0131r\u0131\u011f\u0131na v\u0259 b\u00f6lg\u0259l\u0259rd\u0259 v\u0259t\u0259nda\u015flar\u0131n q\u0259bulu c\u0259dv\u0259lin\u0259 uy\u011fun olaraq Ba\u015f prokurorun birinci m\u00fcavini R\u00fcst\u0259m Usubov cari il iyunun 7-d\u0259 saat 10:00-da Da\u015fk\u0259s\u0259n rayon prokurorlu\u011funun inzibati binas\u0131nda Da\u015fk\u0259s\u0259n v\u0259 K\u0259lb\u0259c\u0259r rayon sakinl\u0259rinin q\u0259bulunu ke\u00e7ir\u0259c\u0259k. ARANTV.AZ\u00a0 x\u0259b\u0259r verir ki, q\u0259bulda v\u0259t\u0259nda\u015flar\u0131n prokurorluq orqanlar\u0131n\u0131n s\u0259lahiyy\u0259tl\u0259rin\u0259 aid olan m\u00fcraci\u0259tl\u0259rin\u0259 bax\u0131lacaq. V\u0259t\u0259nda\u015flar\u0131n q\u0259bulla ba\u011fl\u0131 qeydiyyat\u0131 v\u0259&hellip;","_links":{"self":[{"href":"https:\/\/arantv.az\/index.php?rest_route=\/wp\/v2\/posts\/62811"}],"collection":[{"href":"https:\/\/arantv.az\/index.php?rest_route=\/wp\/v2\/posts"}],"about":[{"href":"https:\/\/arantv.az\/index.php?rest_route=\/wp\/v2\/types\/post"}],"author":[{"embeddable":true,"href":"https:\/\/arantv.az\/index.php?rest_route=\/wp\/v2\/users\/2"}],"replies":[{"embeddable":true,"href":"https:\/\/arantv.az\/index.php?rest_route=%2Fwp%2Fv2%2Fcomments&post=62811"}],"version-history":[{"count":0,"href":"https:\/\/arantv.az\/index.php?rest_route=\/wp\/v2\/posts\/62811\/revisions"}],"wp:featuredmedia":[{"embeddable":true,"href":"https:\/\/arantv.az\/index.php?rest_route=\/wp\/v2\/media\/62812"}],"wp:attachment":[{"href":"https:\/\/arantv.az\/index.php?rest_route=%2Fwp%2Fv2%2Fmedia&parent=62811"}],"wp:term":[{"taxonomy":"category","embeddable":true,"href":"https:\/\/arantv.az\/index.php?rest_route=%2Fwp%2Fv2%2Fcategories&post=62811"},{"taxonomy":"post_tag","embeddable":true,"href":"https:\/\/arantv.az\/index.php?rest_route=%2Fwp%2Fv2%2Ftags&post=62811"}],"curies":[{"name":"wp","href":"https:\/\/api.w.org\/{rel}","templated":true}]}}