{"id":62820,"date":"2019-05-30T12:19:03","date_gmt":"2019-05-30T09:19:03","guid":{"rendered":"http:\/\/arantv.az\/?p=62820"},"modified":"2019-05-30T12:19:03","modified_gmt":"2019-05-30T09:19:03","slug":"deputat-s%c9%99lahiyy%c9%99t-artimi-t%c9%99l%c9%99b-etdi-spiker-razilasmadi","status":"publish","type":"post","link":"https:\/\/arantv.az\/?p=62820","title":{"rendered":"Deputat s\u0259lahiyy\u0259t art\u0131m\u0131 t\u0259l\u0259b etdi, spiker raz\u0131la\u015fmad\u0131"},"content":{"rendered":"<p>Mill\u0259t v\u0259kili Fazil Mustafa deputatlar\u0131n qanunvericilik t\u0259\u015f\u0259bb\u00fcs\u00fc h\u00fcququ il\u0259 \u00e7\u0131x\u0131\u015f etm\u0259sin\u0259 \u015f\u0259rait yaradacaq s\u0259lahiyy\u0259tl\u0259rin art\u0131r\u0131lmas\u0131n\u0131 t\u0259klif edib.<\/p>\n<p><strong>ARANTV.AZ<\/strong>-\u0131n x\u0259b\u0259rin\u0259 g\u00f6r\u0259,\u00a0mill\u0259t v\u0259kili parlamentin n\u00f6vb\u0259ti plenar iclas\u0131nda \u00e7\u0131x\u0131\u015f\u0131 zaman\u0131 bildirib ki,\u00a0bu g\u00fcn deputatlar\u0131n nizam-intizam m\u0259s\u0259l\u0259sinin g\u00fcnd\u0259m\u0259 g\u0259tirilm\u0259sind\u0259n, bununla ba\u011fl\u0131 qanunvericiliy\u0259 d\u0259yi\u015fiklik edilm\u0259sinin n\u0259z\u0259rd\u0259 tutulmas\u0131ndan daha \u00e7ox onlar\u0131n h\u00fcquqlar\u0131n\u0131n, s\u0259lahiyy\u0259tl\u0259rinin art\u0131r\u0131lmas\u0131na ehtiyac var:<\/p>\n<p>\u201cYax\u015f\u0131 olard\u0131 ki, he\u00e7 olmasa, qar\u015f\u0131dan g\u0259l\u0259n sessiyalarda bu m\u0259s\u0259l\u0259y\u0259 daha ciddi diqq\u0259t yetiril\u0259ydi. \u00d6lk\u0259d\u0259, m\u0259s\u0259l\u0259n,\u00a0m\u0259hk\u0259m\u0259-h\u00fcquq islahatlar\u0131 il\u0259 ba\u011fl\u0131 i\u015fl\u0259r g\u00f6r\u00fcl\u00fcr. Amma mill\u0259t v\u0259kill\u0259rinin bunlardan x\u0259b\u0259ri olmur, bu y\u00f6nd\u0259 qanunvericilik bazas\u0131n\u0131n formala\u015fd\u0131r\u0131lmas\u0131, t\u0259kmill\u0259\u015fdirilm\u0259si istiqam\u0259tind\u0259 g\u00f6r\u00fcl\u0259n, n\u0259z\u0259rd\u0259 tutulan i\u015fl\u0259rd\u0259n x\u0259b\u0259rsiz qal\u0131rlar.<\/p>\n<div id=\"AdviadNativeVideo0\" class=\"AdviadNativeVideo\"><\/div>\n<p>Ona g\u00f6r\u0259 deputatlar\u0131n h\u00fcquqlar\u0131n\u0131n, s\u0259lahiyy\u0259tl\u0259rinin art\u0131r\u0131lmas\u0131na v\u0259 t\u0259min edilm\u0259sin\u0259 ehtiyac var. Ke\u00e7\u0259n iclasda birinci vitse-spiker Ziyaf\u0259t \u018fsg\u0259rov da irad tutdu ki, ancaq g\u00fcnd\u0259likd\u0259 olan m\u0259s\u0259l\u0259l\u0259rd\u0259n dan\u0131\u015fmaq laz\u0131md\u0131r. Bu, d\u00fczg\u00fcn yana\u015fma deyil. Deputatlar onlar\u0131 maraqland\u0131ran ist\u0259nil\u0259n m\u0259s\u0259l\u0259 il\u0259 ba\u011fl\u0131 fikir bildirm\u0259k h\u00fcququna malikdirl\u0259r. Onlar\u0131n daha \u00e7ox bu h\u00fcquqlar\u0131 t\u0259min olunmal\u0131d\u0131r, n\u0259inki nizam-intizam m\u0259s\u0259l\u0259si\u201d.<\/p>\n<p>Spiker Oqtay \u018fs\u0259dov is\u0259 deputata cavab\u0131nda bunlar\u0131 deyib:<\/p>\n<p>\u201cNizam-intizam olmayanda, fayda da olmayacaq. Ziyaf\u0259t m\u00fc\u0259llimin dediyind\u0259\u00a0h\u0259qiq\u0259t var. Milli M\u0259clisin Daxili Nizamnam\u0259sini a\u00e7\u0131b\u00a0baxsan\u0131z, g\u00f6r\u0259c\u0259ksiniz ki, bu m\u0259s\u0259l\u0259 orada da var. Ona g\u00f6r\u0259 nizam-intizam m\u0259s\u0259l\u0259si \u00e7ox vacibdir\u201d.oxu.az<\/p>\n","protected":false},"excerpt":{"rendered":"<p>Mill\u0259t v\u0259kili Fazil Mustafa deputatlar\u0131n qanunvericilik t\u0259\u015f\u0259bb\u00fcs\u00fc h\u00fcququ il\u0259 \u00e7\u0131x\u0131\u015f etm\u0259sin\u0259 \u015f\u0259rait yaradacaq s\u0259lahiyy\u0259tl\u0259rin art\u0131r\u0131lmas\u0131n\u0131 t\u0259klif edib. ARANTV.AZ-\u0131n x\u0259b\u0259rin\u0259 g\u00f6r\u0259,\u00a0mill\u0259t v\u0259kili parlamentin n\u00f6vb\u0259ti plenar iclas\u0131nda \u00e7\u0131x\u0131\u015f\u0131 zaman\u0131 bildirib ki,\u00a0bu g\u00fcn deputatlar\u0131n nizam-intizam m\u0259s\u0259l\u0259sinin g\u00fcnd\u0259m\u0259 g\u0259tirilm\u0259sind\u0259n, bununla ba\u011fl\u0131 qanunvericiliy\u0259 d\u0259yi\u015fiklik edilm\u0259sinin n\u0259z\u0259rd\u0259 tutulmas\u0131ndan daha \u00e7ox onlar\u0131n h\u00fcquqlar\u0131n\u0131n, s\u0259lahiyy\u0259tl\u0259rinin art\u0131r\u0131lmas\u0131na ehtiyac var: \u201cYax\u015f\u0131 olard\u0131 ki, he\u00e7 olmasa, qar\u015f\u0131dan g\u0259l\u0259n sessiyalarda bu m\u0259s\u0259l\u0259y\u0259 daha ciddi diqq\u0259t yetiril\u0259ydi. \u00d6lk\u0259d\u0259, m\u0259s\u0259l\u0259n,\u00a0m\u0259hk\u0259m\u0259-h\u00fcquq islahatlar\u0131 il\u0259 ba\u011fl\u0131 i\u015fl\u0259r g\u00f6r\u00fcl\u00fcr. Amma mill\u0259t v\u0259kill\u0259rinin bunlardan x\u0259b\u0259ri olmur, bu y\u00f6nd\u0259 qanunvericilik bazas\u0131n\u0131n formala\u015fd\u0131r\u0131lmas\u0131, t\u0259kmill\u0259\u015fdirilm\u0259si istiqam\u0259tind\u0259 g\u00f6r\u00fcl\u0259n, n\u0259z\u0259rd\u0259 tutulan i\u015fl\u0259rd\u0259n x\u0259b\u0259rsiz qal\u0131rlar.&hellip;<\/p>\n","protected":false},"author":2,"featured_media":62821,"comment_status":"closed","ping_status":"closed","sticky":false,"template":"","format":"standard","meta":{"om_disable_all_campaigns":false,"_monsterinsights_skip_tracking":false,"_monsterinsights_sitenote_active":false,"_monsterinsights_sitenote_note":"","_monsterinsights_sitenote_category":0},"categories":[4],"tags":[],"aioseo_notices":[],"gutentor_comment":0,"rttpg_featured_image_url":{"full":["https:\/\/arantv.az\/wp-content\/uploads\/2019\/05\/oqtay-esedov.jpg",620,464,false],"landscape":["https:\/\/arantv.az\/wp-content\/uploads\/2019\/05\/oqtay-esedov.jpg",620,464,false],"portraits":["https:\/\/arantv.az\/wp-content\/uploads\/2019\/05\/oqtay-esedov.jpg",620,464,false],"thumbnail":["https:\/\/arantv.az\/wp-content\/uploads\/2019\/05\/oqtay-esedov-150x150.jpg",150,150,true],"medium":["https:\/\/arantv.az\/wp-content\/uploads\/2019\/05\/oqtay-esedov-300x225.jpg",300,225,true],"large":["https:\/\/arantv.az\/wp-content\/uploads\/2019\/05\/oqtay-esedov.jpg",620,464,false],"1536x1536":["https:\/\/arantv.az\/wp-content\/uploads\/2019\/05\/oqtay-esedov.jpg",620,464,false],"2048x2048":["https:\/\/arantv.az\/wp-content\/uploads\/2019\/05\/oqtay-esedov.jpg",620,464,false],"post-thumbnail":["https:\/\/arantv.az\/wp-content\/uploads\/2019\/05\/oqtay-esedov-240x172.jpg",240,172,true],"advps-thumb-one":["https:\/\/arantv.az\/wp-content\/uploads\/2019\/05\/oqtay-esedov.jpg",620,464,false]},"rttpg_author":{"display_name":"V\u00fcsal Rafiqo\u011flu","author_link":"https:\/\/arantv.az\/?author=2"},"rttpg_comment":0,"rttpg_category":"<a href=\"https:\/\/arantv.az\/?cat=4\" rel=\"category\">Siyas\u0259t<\/a>","rttpg_excerpt":"Mill\u0259t v\u0259kili Fazil Mustafa deputatlar\u0131n qanunvericilik t\u0259\u015f\u0259bb\u00fcs\u00fc h\u00fcququ il\u0259 \u00e7\u0131x\u0131\u015f etm\u0259sin\u0259 \u015f\u0259rait yaradacaq s\u0259lahiyy\u0259tl\u0259rin art\u0131r\u0131lmas\u0131n\u0131 t\u0259klif edib. ARANTV.AZ-\u0131n x\u0259b\u0259rin\u0259 g\u00f6r\u0259,\u00a0mill\u0259t v\u0259kili parlamentin n\u00f6vb\u0259ti plenar iclas\u0131nda \u00e7\u0131x\u0131\u015f\u0131 zaman\u0131 bildirib ki,\u00a0bu g\u00fcn deputatlar\u0131n nizam-intizam m\u0259s\u0259l\u0259sinin g\u00fcnd\u0259m\u0259 g\u0259tirilm\u0259sind\u0259n, bununla ba\u011fl\u0131 qanunvericiliy\u0259 d\u0259yi\u015fiklik edilm\u0259sinin n\u0259z\u0259rd\u0259 tutulmas\u0131ndan daha \u00e7ox onlar\u0131n h\u00fcquqlar\u0131n\u0131n, s\u0259lahiyy\u0259tl\u0259rinin art\u0131r\u0131lmas\u0131na ehtiyac var: \u201cYax\u015f\u0131 olard\u0131 ki, he\u00e7 olmasa,&hellip;","_links":{"self":[{"href":"https:\/\/arantv.az\/index.php?rest_route=\/wp\/v2\/posts\/62820"}],"collection":[{"href":"https:\/\/arantv.az\/index.php?rest_route=\/wp\/v2\/posts"}],"about":[{"href":"https:\/\/arantv.az\/index.php?rest_route=\/wp\/v2\/types\/post"}],"author":[{"embeddable":true,"href":"https:\/\/arantv.az\/index.php?rest_route=\/wp\/v2\/users\/2"}],"replies":[{"embeddable":true,"href":"https:\/\/arantv.az\/index.php?rest_route=%2Fwp%2Fv2%2Fcomments&post=62820"}],"version-history":[{"count":0,"href":"https:\/\/arantv.az\/index.php?rest_route=\/wp\/v2\/posts\/62820\/revisions"}],"wp:featuredmedia":[{"embeddable":true,"href":"https:\/\/arantv.az\/index.php?rest_route=\/wp\/v2\/media\/62821"}],"wp:attachment":[{"href":"https:\/\/arantv.az\/index.php?rest_route=%2Fwp%2Fv2%2Fmedia&parent=62820"}],"wp:term":[{"taxonomy":"category","embeddable":true,"href":"https:\/\/arantv.az\/index.php?rest_route=%2Fwp%2Fv2%2Fcategories&post=62820"},{"taxonomy":"post_tag","embeddable":true,"href":"https:\/\/arantv.az\/index.php?rest_route=%2Fwp%2Fv2%2Ftags&post=62820"}],"curies":[{"name":"wp","href":"https:\/\/api.w.org\/{rel}","templated":true}]}}