{"id":62830,"date":"2019-05-30T12:40:05","date_gmt":"2019-05-30T09:40:05","guid":{"rendered":"http:\/\/arantv.az\/?p=62830"},"modified":"2019-05-30T12:40:05","modified_gmt":"2019-05-30T09:40:05","slug":"intihara-c%c9%99hd-ed%c9%99n-m%c9%99kt%c9%99blil%c9%99rin-v%c9%99ziyy%c9%99ti-nec%c9%99dir-aciqlama","status":"publish","type":"post","link":"https:\/\/arantv.az\/?p=62830","title":{"rendered":"\u0130ntihara c\u0259hd ed\u0259n m\u0259kt\u0259blil\u0259rin v\u0259ziyy\u0259ti nec\u0259dir? &#8211; A\u00c7IQLAMA"},"content":{"rendered":"<p>T\u0259hsil Nazirinin m\u00fcavini Firudin Qurbanov nazirliyin m\u0259tbuat n\u00fcmay\u0259nd\u0259l\u0259ri \u00fc\u00e7\u00fcn t\u0259\u015fkil etdiyi t\u0259lim proqram\u0131nda son aylarda \u015fagirdl\u0259rin intihar v\u0259 intihara c\u0259hd etm\u0259l\u0259rin\u0259 m\u00fcnasib\u0259t bildirib.<\/p>\n<p><b>ARANTV.AZ\u00a0<\/b>unikal-a istinad\u0259n x\u0259b\u0259r verir ki, o bildirib ki, iki \u015fagird intihara c\u0259hd edib:<\/p>\n<p>&#8220;B\u0259zi orta m\u0259kt\u0259bl\u0259rd\u0259 probleml\u0259r olub v\u0259 bu zaman nazirlik operativ add\u0131mlar at\u0131b, m\u0259suliyy\u0259t g\u00fccl\u0259ndirilib. X\u00fcsusi qrup yarad\u0131l\u0131b, el\u0259 f\u00f6vq\u0259lad\u0259 hallar \u00fc\u00e7\u00fcn qaynar x\u0259tt yarad\u0131l\u0131b. U\u015faqlar\u0131n sa\u011flaml\u0131\u011f\u0131 il\u0259 ba\u011fl\u0131 S\u0259hiyy\u0259 Nazirliyi il\u0259 \u0259m\u0259kda\u015fl\u0131q edirik. Bir m\u0259kt\u0259bli q\u0131z u\u015fa\u011f\u0131 \u00f6z\u00fcn\u00fc ail\u0259daxili probleml\u0259r\u0259 g\u00f6r\u0259 \u00f6z\u00fcn\u00fc 5-ci , Qarada\u011f rayonunda bir o\u011flan \u00f6z\u00fcn\u00fc 2-ci m\u0259rt\u0259b\u0259d\u0259n atm\u0131\u015fd\u0131. Biz bu m\u0259s\u0259l\u0259l\u0259rin \u00fcst\u00fcn\u0259 d\u00fc\u015fd\u00fck v\u0259 h\u0259r iki u\u015fa\u011f\u0131n v\u0259ziyy\u0259ti yax\u015f\u0131d\u0131r, haz\u0131rda evl\u0259rind\u0259dirl\u0259r&#8221;.<\/p>\n","protected":false},"excerpt":{"rendered":"<p>T\u0259hsil Nazirinin m\u00fcavini Firudin Qurbanov nazirliyin m\u0259tbuat n\u00fcmay\u0259nd\u0259l\u0259ri \u00fc\u00e7\u00fcn t\u0259\u015fkil etdiyi t\u0259lim proqram\u0131nda son aylarda \u015fagirdl\u0259rin intihar v\u0259 intihara c\u0259hd etm\u0259l\u0259rin\u0259 m\u00fcnasib\u0259t bildirib. ARANTV.AZ\u00a0unikal-a istinad\u0259n x\u0259b\u0259r verir ki, o bildirib ki, iki \u015fagird intihara c\u0259hd edib: &#8220;B\u0259zi orta m\u0259kt\u0259bl\u0259rd\u0259 probleml\u0259r olub v\u0259 bu zaman nazirlik operativ add\u0131mlar at\u0131b, m\u0259suliyy\u0259t g\u00fccl\u0259ndirilib. X\u00fcsusi qrup yarad\u0131l\u0131b, el\u0259 f\u00f6vq\u0259lad\u0259 hallar \u00fc\u00e7\u00fcn qaynar x\u0259tt yarad\u0131l\u0131b. U\u015faqlar\u0131n sa\u011flaml\u0131\u011f\u0131 il\u0259 ba\u011fl\u0131 S\u0259hiyy\u0259 Nazirliyi il\u0259 \u0259m\u0259kda\u015fl\u0131q edirik. Bir m\u0259kt\u0259bli q\u0131z u\u015fa\u011f\u0131 \u00f6z\u00fcn\u00fc ail\u0259daxili probleml\u0259r\u0259 g\u00f6r\u0259 \u00f6z\u00fcn\u00fc 5-ci , Qarada\u011f rayonunda bir o\u011flan \u00f6z\u00fcn\u00fc 2-ci m\u0259rt\u0259b\u0259d\u0259n atm\u0131\u015fd\u0131. Biz bu&hellip;<\/p>\n","protected":false},"author":2,"featured_media":62831,"comment_status":"closed","ping_status":"closed","sticky":false,"template":"","format":"standard","meta":{"om_disable_all_campaigns":false,"_monsterinsights_skip_tracking":false,"_monsterinsights_sitenote_active":false,"_monsterinsights_sitenote_note":"","_monsterinsights_sitenote_category":0},"categories":[5],"tags":[],"aioseo_notices":[],"gutentor_comment":0,"rttpg_featured_image_url":{"full":["https:\/\/arantv.az\/wp-content\/uploads\/2019\/05\/15592067731559204557.1557330944_15573227.jpg",549,366,false],"landscape":["https:\/\/arantv.az\/wp-content\/uploads\/2019\/05\/15592067731559204557.1557330944_15573227.jpg",549,366,false],"portraits":["https:\/\/arantv.az\/wp-content\/uploads\/2019\/05\/15592067731559204557.1557330944_15573227.jpg",549,366,false],"thumbnail":["https:\/\/arantv.az\/wp-content\/uploads\/2019\/05\/15592067731559204557.1557330944_15573227-150x150.jpg",150,150,true],"medium":["https:\/\/arantv.az\/wp-content\/uploads\/2019\/05\/15592067731559204557.1557330944_15573227-300x200.jpg",300,200,true],"large":["https:\/\/arantv.az\/wp-content\/uploads\/2019\/05\/15592067731559204557.1557330944_15573227.jpg",549,366,false],"1536x1536":["https:\/\/arantv.az\/wp-content\/uploads\/2019\/05\/15592067731559204557.1557330944_15573227.jpg",549,366,false],"2048x2048":["https:\/\/arantv.az\/wp-content\/uploads\/2019\/05\/15592067731559204557.1557330944_15573227.jpg",549,366,false],"post-thumbnail":["https:\/\/arantv.az\/wp-content\/uploads\/2019\/05\/15592067731559204557.1557330944_15573227-240x172.jpg",240,172,true],"advps-thumb-one":["https:\/\/arantv.az\/wp-content\/uploads\/2019\/05\/15592067731559204557.1557330944_15573227.jpg",549,366,false]},"rttpg_author":{"display_name":"V\u00fcsal Rafiqo\u011flu","author_link":"https:\/\/arantv.az\/?author=2"},"rttpg_comment":0,"rttpg_category":"<a href=\"https:\/\/arantv.az\/?cat=5\" rel=\"category\">Hadis\u0259<\/a>","rttpg_excerpt":"T\u0259hsil Nazirinin m\u00fcavini Firudin Qurbanov nazirliyin m\u0259tbuat n\u00fcmay\u0259nd\u0259l\u0259ri \u00fc\u00e7\u00fcn t\u0259\u015fkil etdiyi t\u0259lim proqram\u0131nda son aylarda \u015fagirdl\u0259rin intihar v\u0259 intihara c\u0259hd etm\u0259l\u0259rin\u0259 m\u00fcnasib\u0259t bildirib. ARANTV.AZ\u00a0unikal-a istinad\u0259n x\u0259b\u0259r verir ki, o bildirib ki, iki \u015fagird intihara c\u0259hd edib: &#8220;B\u0259zi orta m\u0259kt\u0259bl\u0259rd\u0259 probleml\u0259r olub v\u0259 bu zaman nazirlik operativ add\u0131mlar at\u0131b, m\u0259suliyy\u0259t g\u00fccl\u0259ndirilib. X\u00fcsusi qrup yarad\u0131l\u0131b, el\u0259 f\u00f6vq\u0259lad\u0259&hellip;","_links":{"self":[{"href":"https:\/\/arantv.az\/index.php?rest_route=\/wp\/v2\/posts\/62830"}],"collection":[{"href":"https:\/\/arantv.az\/index.php?rest_route=\/wp\/v2\/posts"}],"about":[{"href":"https:\/\/arantv.az\/index.php?rest_route=\/wp\/v2\/types\/post"}],"author":[{"embeddable":true,"href":"https:\/\/arantv.az\/index.php?rest_route=\/wp\/v2\/users\/2"}],"replies":[{"embeddable":true,"href":"https:\/\/arantv.az\/index.php?rest_route=%2Fwp%2Fv2%2Fcomments&post=62830"}],"version-history":[{"count":0,"href":"https:\/\/arantv.az\/index.php?rest_route=\/wp\/v2\/posts\/62830\/revisions"}],"wp:featuredmedia":[{"embeddable":true,"href":"https:\/\/arantv.az\/index.php?rest_route=\/wp\/v2\/media\/62831"}],"wp:attachment":[{"href":"https:\/\/arantv.az\/index.php?rest_route=%2Fwp%2Fv2%2Fmedia&parent=62830"}],"wp:term":[{"taxonomy":"category","embeddable":true,"href":"https:\/\/arantv.az\/index.php?rest_route=%2Fwp%2Fv2%2Fcategories&post=62830"},{"taxonomy":"post_tag","embeddable":true,"href":"https:\/\/arantv.az\/index.php?rest_route=%2Fwp%2Fv2%2Ftags&post=62830"}],"curies":[{"name":"wp","href":"https:\/\/api.w.org\/{rel}","templated":true}]}}