{"id":62836,"date":"2019-05-30T12:47:34","date_gmt":"2019-05-30T09:47:34","guid":{"rendered":"http:\/\/arantv.az\/?p=62836"},"modified":"2019-05-30T12:47:34","modified_gmt":"2019-05-30T09:47:34","slug":"bu-qurumun-s%c9%99lahiyy%c9%99ti-artirilir-q%c9%99rar","status":"publish","type":"post","link":"https:\/\/arantv.az\/?p=62836","title":{"rendered":"Bu qurumun s\u0259lahiyy\u0259ti ARTIRILIR &#8211; Q\u018fRAR"},"content":{"rendered":"<p>Az\u0259rbaycanda kommersiya v\u0259 ya vergi sirri haqq\u0131nda m\u0259lumatlar Hesablama Palatas\u0131na da veril\u0259c\u0259k.<\/p>\n<p><b>ARANTV.AZ\u00a0<\/b>\u00a0x\u0259b\u0259r verir ki, bununla ba\u011fl\u0131 Vergi M\u0259c\u0259ll\u0259sin\u0259, eyni zamanda \u0130nzibati X\u0259talar M\u0259c\u0259ll\u0259sin\u0259 d\u0259yi\u015fiklikl\u0259r edilib.<\/p>\n<div id=\"AdviadNativeVideo0\" class=\"AdviadNativeVideo\"><\/div>\n<p>Milli M\u0259clisin bu g\u00fcn ke\u00e7iril\u0259n plenar iclas\u0131nda m\u00fczakir\u0259y\u0259 \u00e7\u0131xar\u0131lan d\u0259yi\u015fiklikl\u0259rd\u0259 vergi \u00f6d\u0259yicil\u0259ri haqq\u0131nda m\u0259lumat\u0131n veril\u0259 bil\u0259c\u0259yi orqanlar\u0131n say\u0131 art\u0131r\u0131l\u0131b. T\u0259klifl\u0259rd\u0259 Hesablama Palatas\u0131n\u0131n \u00f6z v\u0259zif\u0259l\u0259rinin h\u0259yata ke\u00e7irm\u0259si m\u0259qs\u0259dil\u0259 h\u0259min m\u0259lumatlar\u0131n bu quruma da t\u0259qdim edilm\u0259si n\u0259z\u0259rd\u0259 tutulur.<\/p>\n<p>\u0130nzibati X\u0259talar M\u0259c\u0259ll\u0259sin\u0259 t\u0259klif edil\u0259n yeni d\u0259yi\u015fiklikl\u0259rd\u0259 is\u0259 Hesablama Palatas\u0131n\u0131n \u00f6z f\u0259aliyy\u0259tini daha da g\u00fccl\u0259ndirm\u0259si \u00fc\u00e7\u00fcn adiyyati qurumlar\u0131n inzibati m\u0259suliyy\u0259ti g\u00fccl\u0259ndirilib v\u0259 ba\u015f ver\u0259n x\u0259talara g\u00f6r\u0259 c\u0259rim\u0259l\u0259r m\u00fc\u0259yy\u0259n edilib.<\/p>\n<p>Bu inzibati m\u0259suliyy\u0259tin olmas\u0131 h\u0259min orqanlar\u0131n \u00f6z \u00fcz\u0259rl\u0259rin\u0259 d\u00fc\u015f\u0259n v\u0259zif\u0259l\u0259ri daha m\u0259suliyy\u0259tl\u0259 icra etm\u0259sin\u0259 v\u0259 Hesablama Palatas\u0131n\u0131n f\u0259aliyy\u0259tinin g\u00fccl\u0259nm\u0259sin\u0259 imkan yaradacaq.<\/p>\n<p>D\u0259yi\u015fikliy\u0259 \u0259sas\u0259n, bu x\u0259talar ba\u015f verdikd\u0259 Hesablama Palatas\u0131 protokol t\u0259rtib ed\u0259c\u0259k v\u0259 inzibati t\u0259nbehin t\u0259tbiqi \u00fc\u00e7\u00fcn m\u0259hk\u0259m\u0259y\u0259 g\u00f6nd\u0259ril\u0259c\u0259k. M\u0259hk\u0259m\u0259 is\u0259 h\u0259min x\u0259talar haqq\u0131nda i\u015fl\u0259r\u0259 baxaraq inzibati t\u0259nbeh t\u0259dbiri t\u0259tbiq ed\u0259c\u0259k.<\/p>\n<p>D\u0259yi\u015fiklikl\u0259r m\u00fczakir\u0259l\u0259rd\u0259n sonra s\u0259sverm\u0259y\u0259 qoyularaq q\u0259bul edilib.Sonxeber.az<\/p>\n","protected":false},"excerpt":{"rendered":"<p>Az\u0259rbaycanda kommersiya v\u0259 ya vergi sirri haqq\u0131nda m\u0259lumatlar Hesablama Palatas\u0131na da veril\u0259c\u0259k. ARANTV.AZ\u00a0\u00a0x\u0259b\u0259r verir ki, bununla ba\u011fl\u0131 Vergi M\u0259c\u0259ll\u0259sin\u0259, eyni zamanda \u0130nzibati X\u0259talar M\u0259c\u0259ll\u0259sin\u0259 d\u0259yi\u015fiklikl\u0259r edilib. Milli M\u0259clisin bu g\u00fcn ke\u00e7iril\u0259n plenar iclas\u0131nda m\u00fczakir\u0259y\u0259 \u00e7\u0131xar\u0131lan d\u0259yi\u015fiklikl\u0259rd\u0259 vergi \u00f6d\u0259yicil\u0259ri haqq\u0131nda m\u0259lumat\u0131n veril\u0259 bil\u0259c\u0259yi orqanlar\u0131n say\u0131 art\u0131r\u0131l\u0131b. T\u0259klifl\u0259rd\u0259 Hesablama Palatas\u0131n\u0131n \u00f6z v\u0259zif\u0259l\u0259rinin h\u0259yata ke\u00e7irm\u0259si m\u0259qs\u0259dil\u0259 h\u0259min m\u0259lumatlar\u0131n bu quruma da t\u0259qdim edilm\u0259si n\u0259z\u0259rd\u0259 tutulur. \u0130nzibati X\u0259talar M\u0259c\u0259ll\u0259sin\u0259 t\u0259klif edil\u0259n yeni d\u0259yi\u015fiklikl\u0259rd\u0259 is\u0259 Hesablama Palatas\u0131n\u0131n \u00f6z f\u0259aliyy\u0259tini daha da g\u00fccl\u0259ndirm\u0259si \u00fc\u00e7\u00fcn adiyyati qurumlar\u0131n inzibati m\u0259suliyy\u0259ti g\u00fccl\u0259ndirilib v\u0259 ba\u015f ver\u0259n x\u0259talara g\u00f6r\u0259 c\u0259rim\u0259l\u0259r m\u00fc\u0259yy\u0259n&hellip;<\/p>\n","protected":false},"author":2,"featured_media":62837,"comment_status":"closed","ping_status":"closed","sticky":false,"template":"","format":"standard","meta":{"om_disable_all_campaigns":false,"_monsterinsights_skip_tracking":false,"_monsterinsights_sitenote_active":false,"_monsterinsights_sitenote_note":"","_monsterinsights_sitenote_category":0},"categories":[1],"tags":[],"aioseo_notices":[],"gutentor_comment":0,"rttpg_featured_image_url":{"full":["https:\/\/arantv.az\/wp-content\/uploads\/2019\/05\/15260-1559207354.jpg",549,378,false],"landscape":["https:\/\/arantv.az\/wp-content\/uploads\/2019\/05\/15260-1559207354.jpg",549,378,false],"portraits":["https:\/\/arantv.az\/wp-content\/uploads\/2019\/05\/15260-1559207354.jpg",549,378,false],"thumbnail":["https:\/\/arantv.az\/wp-content\/uploads\/2019\/05\/15260-1559207354-150x150.jpg",150,150,true],"medium":["https:\/\/arantv.az\/wp-content\/uploads\/2019\/05\/15260-1559207354-300x207.jpg",300,207,true],"large":["https:\/\/arantv.az\/wp-content\/uploads\/2019\/05\/15260-1559207354.jpg",549,378,false],"1536x1536":["https:\/\/arantv.az\/wp-content\/uploads\/2019\/05\/15260-1559207354.jpg",549,378,false],"2048x2048":["https:\/\/arantv.az\/wp-content\/uploads\/2019\/05\/15260-1559207354.jpg",549,378,false],"post-thumbnail":["https:\/\/arantv.az\/wp-content\/uploads\/2019\/05\/15260-1559207354-240x172.jpg",240,172,true],"advps-thumb-one":["https:\/\/arantv.az\/wp-content\/uploads\/2019\/05\/15260-1559207354.jpg",549,378,false]},"rttpg_author":{"display_name":"V\u00fcsal Rafiqo\u011flu","author_link":"https:\/\/arantv.az\/?author=2"},"rttpg_comment":0,"rttpg_category":"<a href=\"https:\/\/arantv.az\/?cat=1\" rel=\"category\">C\u0259miyy\u0259t<\/a>","rttpg_excerpt":"Az\u0259rbaycanda kommersiya v\u0259 ya vergi sirri haqq\u0131nda m\u0259lumatlar Hesablama Palatas\u0131na da veril\u0259c\u0259k. ARANTV.AZ\u00a0\u00a0x\u0259b\u0259r verir ki, bununla ba\u011fl\u0131 Vergi M\u0259c\u0259ll\u0259sin\u0259, eyni zamanda \u0130nzibati X\u0259talar M\u0259c\u0259ll\u0259sin\u0259 d\u0259yi\u015fiklikl\u0259r edilib. Milli M\u0259clisin bu g\u00fcn ke\u00e7iril\u0259n plenar iclas\u0131nda m\u00fczakir\u0259y\u0259 \u00e7\u0131xar\u0131lan d\u0259yi\u015fiklikl\u0259rd\u0259 vergi \u00f6d\u0259yicil\u0259ri haqq\u0131nda m\u0259lumat\u0131n veril\u0259 bil\u0259c\u0259yi orqanlar\u0131n say\u0131 art\u0131r\u0131l\u0131b. T\u0259klifl\u0259rd\u0259 Hesablama Palatas\u0131n\u0131n \u00f6z v\u0259zif\u0259l\u0259rinin h\u0259yata ke\u00e7irm\u0259si m\u0259qs\u0259dil\u0259 h\u0259min m\u0259lumatlar\u0131n&hellip;","_links":{"self":[{"href":"https:\/\/arantv.az\/index.php?rest_route=\/wp\/v2\/posts\/62836"}],"collection":[{"href":"https:\/\/arantv.az\/index.php?rest_route=\/wp\/v2\/posts"}],"about":[{"href":"https:\/\/arantv.az\/index.php?rest_route=\/wp\/v2\/types\/post"}],"author":[{"embeddable":true,"href":"https:\/\/arantv.az\/index.php?rest_route=\/wp\/v2\/users\/2"}],"replies":[{"embeddable":true,"href":"https:\/\/arantv.az\/index.php?rest_route=%2Fwp%2Fv2%2Fcomments&post=62836"}],"version-history":[{"count":0,"href":"https:\/\/arantv.az\/index.php?rest_route=\/wp\/v2\/posts\/62836\/revisions"}],"wp:featuredmedia":[{"embeddable":true,"href":"https:\/\/arantv.az\/index.php?rest_route=\/wp\/v2\/media\/62837"}],"wp:attachment":[{"href":"https:\/\/arantv.az\/index.php?rest_route=%2Fwp%2Fv2%2Fmedia&parent=62836"}],"wp:term":[{"taxonomy":"category","embeddable":true,"href":"https:\/\/arantv.az\/index.php?rest_route=%2Fwp%2Fv2%2Fcategories&post=62836"},{"taxonomy":"post_tag","embeddable":true,"href":"https:\/\/arantv.az\/index.php?rest_route=%2Fwp%2Fv2%2Ftags&post=62836"}],"curies":[{"name":"wp","href":"https:\/\/api.w.org\/{rel}","templated":true}]}}