{"id":62848,"date":"2019-05-30T12:56:14","date_gmt":"2019-05-30T09:56:14","guid":{"rendered":"http:\/\/arantv.az\/?p=62848"},"modified":"2019-05-30T12:56:14","modified_gmt":"2019-05-30T09:56:14","slug":"az%c9%99rbaycanda-muv%c9%99qq%c9%99ti-v%c9%99-daimi-yasamaq-ucun-icaz%c9%99-yeni-qaydada-veril%c9%99c%c9%99k","status":"publish","type":"post","link":"https:\/\/arantv.az\/?p=62848","title":{"rendered":"Az\u0259rbaycanda m\u00fcv\u0259qq\u0259ti v\u0259 daimi ya\u015famaq \u00fc\u00e7\u00fcn icaz\u0259 YEN\u0130 QAYDADA veril\u0259c\u0259k"},"content":{"rendered":"<p>Az\u0259rbaycanda m\u00fcv\u0259qq\u0259ti v\u0259 daimi ya\u015famaq \u00fc\u00e7\u00fcn icaz\u0259 v\u0259r\u0259q\u0259l\u0259ri, m\u00fcv\u0259qq\u0259ti olma m\u00fcdd\u0259tinin uzad\u0131lmas\u0131 bar\u0259d\u0259 q\u0259rar, \u0259m\u0259k f\u0259aliyy\u0259ti il\u0259 m\u0259\u015f\u011ful olmaq \u00fc\u00e7\u00fcn i\u015f icaz\u0259sinin daha q\u0131sa zaman \u0259rzind\u0259 al\u0131nmas\u0131 m\u00fcmk\u00fcn olacaq.<\/p>\n<p><strong>ARANTV.AZ<\/strong> trend-\u0259 istinad\u0259n bildirir ki,\u00a0bununla ba\u011fl\u0131 m\u0259s\u0259l\u0259 Milli M\u0259clisin bu g\u00fcn ke\u00e7iril\u0259n plenar iclas\u0131nda m\u00fczakir\u0259y\u0259 \u00e7\u0131xar\u0131lan &#8220;D\u00f6vl\u0259t r\u00fcsumu haqq\u0131nda&#8221; qanuna d\u0259yi\u015fiklikl\u0259rd\u0259 \u00f6z \u0259ksini tap\u0131b.<\/p>\n<p>Yeni d\u0259yi\u015fiklikl\u0259rd\u0259 h\u0259min s\u0259n\u0259dl\u0259rin verilm\u0259si \u00fc\u00e7\u00fcn d\u00f6vl\u0259t r\u00fcsumunun d\u0259r\u0259c\u0259l\u0259ri d\u0259 m\u00fc\u0259yy\u0259n edilib.<\/p>\n<p>Qanunun haz\u0131rk\u0131 variant\u0131na g\u00f6r\u0259, m\u00fcv\u0259qq\u0259ti ya\u015famaq \u00fc\u00e7\u00fcn icaz\u0259 v\u0259siq\u0259l\u0259ri 20 g\u00fcn, daimi ya\u015famaq \u00fc\u00e7\u00fcn 60 g\u00fcn, \u00f6lk\u0259d\u0259 m\u00fcv\u0259qq\u0259ti olma m\u00fcdd\u0259tinin uzad\u0131lmas\u0131 bar\u0259d\u0259 q\u0259rar 3 g\u00fcn, Az\u0259rbaycanda \u0259m\u0259k f\u0259aliyy\u0259ti il\u0259 m\u0259\u015f\u011ful olmaq \u00fc\u00e7\u00fcn i\u015f icaz\u0259si 20 g\u00fcn m\u00fcdd\u0259tind\u0259 verilir.<\/p>\n<p>Qanun layih\u0259si daha art\u0131q miqdarda d\u00f6vl\u0259t r\u00fcsumu \u00f6d\u0259m\u0259kl\u0259 bu s\u0259n\u0259dl\u0259rin daha q\u0131sa m\u00fcdd\u0259td\u0259 verilm\u0259si imkan\u0131n\u0131 n\u0259z\u0259rd\u0259 tutur.<\/p>\n<p>Bel\u0259 ki, layih\u0259d\u0259 m\u00fcv\u0259qq\u0259ti ya\u015famaq \u00fc\u00e7\u00fcn icaz\u0259 v\u0259siq\u0259l\u0259rinin 15 v\u0259 20 g\u00fcn, daimi ya\u015famaq \u00fc\u00e7\u00fcn 35, 40, 50 v\u0259 60 g\u00fcn, \u00f6lk\u0259d\u0259 m\u00fcv\u0259qq\u0259ti olma m\u00fcdd\u0259tinin uzad\u0131lmas\u0131 bar\u0259d\u0259 q\u0259rar\u0131n 1 v\u0259 3 g\u00fcn, Az\u0259rbaycanda \u0259m\u0259k f\u0259aliyy\u0259ti il\u0259 m\u0259\u015f\u011ful olmaq \u00fc\u00e7\u00fcn i\u015f icaz\u0259sinin 10, 15 v\u0259 20 g\u00fcn m\u00fcdd\u0259tind\u0259 verilm\u0259si t\u0259klif edilir.<\/p>\n<p>D\u0259yi\u015fiklikl\u0259r m\u00fczakir\u0259l\u0259rd\u0259n sonra s\u0259sverm\u0259y\u0259 qoyularaq q\u0259bul edilib.<\/p>\n","protected":false},"excerpt":{"rendered":"<p>Az\u0259rbaycanda m\u00fcv\u0259qq\u0259ti v\u0259 daimi ya\u015famaq \u00fc\u00e7\u00fcn icaz\u0259 v\u0259r\u0259q\u0259l\u0259ri, m\u00fcv\u0259qq\u0259ti olma m\u00fcdd\u0259tinin uzad\u0131lmas\u0131 bar\u0259d\u0259 q\u0259rar, \u0259m\u0259k f\u0259aliyy\u0259ti il\u0259 m\u0259\u015f\u011ful olmaq \u00fc\u00e7\u00fcn i\u015f icaz\u0259sinin daha q\u0131sa zaman \u0259rzind\u0259 al\u0131nmas\u0131 m\u00fcmk\u00fcn olacaq. ARANTV.AZ trend-\u0259 istinad\u0259n bildirir ki,\u00a0bununla ba\u011fl\u0131 m\u0259s\u0259l\u0259 Milli M\u0259clisin bu g\u00fcn ke\u00e7iril\u0259n plenar iclas\u0131nda m\u00fczakir\u0259y\u0259 \u00e7\u0131xar\u0131lan &#8220;D\u00f6vl\u0259t r\u00fcsumu haqq\u0131nda&#8221; qanuna d\u0259yi\u015fiklikl\u0259rd\u0259 \u00f6z \u0259ksini tap\u0131b. Yeni d\u0259yi\u015fiklikl\u0259rd\u0259 h\u0259min s\u0259n\u0259dl\u0259rin verilm\u0259si \u00fc\u00e7\u00fcn d\u00f6vl\u0259t r\u00fcsumunun d\u0259r\u0259c\u0259l\u0259ri d\u0259 m\u00fc\u0259yy\u0259n edilib. Qanunun haz\u0131rk\u0131 variant\u0131na g\u00f6r\u0259, m\u00fcv\u0259qq\u0259ti ya\u015famaq \u00fc\u00e7\u00fcn icaz\u0259 v\u0259siq\u0259l\u0259ri 20 g\u00fcn, daimi ya\u015famaq \u00fc\u00e7\u00fcn 60 g\u00fcn, \u00f6lk\u0259d\u0259 m\u00fcv\u0259qq\u0259ti olma m\u00fcdd\u0259tinin uzad\u0131lmas\u0131 bar\u0259d\u0259 q\u0259rar 3 g\u00fcn,&hellip;<\/p>\n","protected":false},"author":2,"featured_media":62849,"comment_status":"closed","ping_status":"closed","sticky":false,"template":"","format":"standard","meta":{"om_disable_all_campaigns":false,"_monsterinsights_skip_tracking":false,"_monsterinsights_sitenote_active":false,"_monsterinsights_sitenote_note":"","_monsterinsights_sitenote_category":0},"categories":[4],"tags":[],"aioseo_notices":[],"gutentor_comment":0,"rttpg_featured_image_url":{"full":["https:\/\/arantv.az\/wp-content\/uploads\/2019\/05\/viza_0587.jpg",800,600,false],"landscape":["https:\/\/arantv.az\/wp-content\/uploads\/2019\/05\/viza_0587.jpg",800,600,false],"portraits":["https:\/\/arantv.az\/wp-content\/uploads\/2019\/05\/viza_0587.jpg",800,600,false],"thumbnail":["https:\/\/arantv.az\/wp-content\/uploads\/2019\/05\/viza_0587-150x150.jpg",150,150,true],"medium":["https:\/\/arantv.az\/wp-content\/uploads\/2019\/05\/viza_0587-300x225.jpg",300,225,true],"large":["https:\/\/arantv.az\/wp-content\/uploads\/2019\/05\/viza_0587.jpg",640,480,false],"1536x1536":["https:\/\/arantv.az\/wp-content\/uploads\/2019\/05\/viza_0587.jpg",800,600,false],"2048x2048":["https:\/\/arantv.az\/wp-content\/uploads\/2019\/05\/viza_0587.jpg",800,600,false],"post-thumbnail":["https:\/\/arantv.az\/wp-content\/uploads\/2019\/05\/viza_0587-240x172.jpg",240,172,true],"advps-thumb-one":["https:\/\/arantv.az\/wp-content\/uploads\/2019\/05\/viza_0587.jpg",800,600,false]},"rttpg_author":{"display_name":"V\u00fcsal Rafiqo\u011flu","author_link":"https:\/\/arantv.az\/?author=2"},"rttpg_comment":0,"rttpg_category":"<a href=\"https:\/\/arantv.az\/?cat=4\" rel=\"category\">Siyas\u0259t<\/a>","rttpg_excerpt":"Az\u0259rbaycanda m\u00fcv\u0259qq\u0259ti v\u0259 daimi ya\u015famaq \u00fc\u00e7\u00fcn icaz\u0259 v\u0259r\u0259q\u0259l\u0259ri, m\u00fcv\u0259qq\u0259ti olma m\u00fcdd\u0259tinin uzad\u0131lmas\u0131 bar\u0259d\u0259 q\u0259rar, \u0259m\u0259k f\u0259aliyy\u0259ti il\u0259 m\u0259\u015f\u011ful olmaq \u00fc\u00e7\u00fcn i\u015f icaz\u0259sinin daha q\u0131sa zaman \u0259rzind\u0259 al\u0131nmas\u0131 m\u00fcmk\u00fcn olacaq. ARANTV.AZ trend-\u0259 istinad\u0259n bildirir ki,\u00a0bununla ba\u011fl\u0131 m\u0259s\u0259l\u0259 Milli M\u0259clisin bu g\u00fcn ke\u00e7iril\u0259n plenar iclas\u0131nda m\u00fczakir\u0259y\u0259 \u00e7\u0131xar\u0131lan &#8220;D\u00f6vl\u0259t r\u00fcsumu haqq\u0131nda&#8221; qanuna d\u0259yi\u015fiklikl\u0259rd\u0259 \u00f6z \u0259ksini tap\u0131b. Yeni d\u0259yi\u015fiklikl\u0259rd\u0259&hellip;","_links":{"self":[{"href":"https:\/\/arantv.az\/index.php?rest_route=\/wp\/v2\/posts\/62848"}],"collection":[{"href":"https:\/\/arantv.az\/index.php?rest_route=\/wp\/v2\/posts"}],"about":[{"href":"https:\/\/arantv.az\/index.php?rest_route=\/wp\/v2\/types\/post"}],"author":[{"embeddable":true,"href":"https:\/\/arantv.az\/index.php?rest_route=\/wp\/v2\/users\/2"}],"replies":[{"embeddable":true,"href":"https:\/\/arantv.az\/index.php?rest_route=%2Fwp%2Fv2%2Fcomments&post=62848"}],"version-history":[{"count":0,"href":"https:\/\/arantv.az\/index.php?rest_route=\/wp\/v2\/posts\/62848\/revisions"}],"wp:featuredmedia":[{"embeddable":true,"href":"https:\/\/arantv.az\/index.php?rest_route=\/wp\/v2\/media\/62849"}],"wp:attachment":[{"href":"https:\/\/arantv.az\/index.php?rest_route=%2Fwp%2Fv2%2Fmedia&parent=62848"}],"wp:term":[{"taxonomy":"category","embeddable":true,"href":"https:\/\/arantv.az\/index.php?rest_route=%2Fwp%2Fv2%2Fcategories&post=62848"},{"taxonomy":"post_tag","embeddable":true,"href":"https:\/\/arantv.az\/index.php?rest_route=%2Fwp%2Fv2%2Ftags&post=62848"}],"curies":[{"name":"wp","href":"https:\/\/api.w.org\/{rel}","templated":true}]}}