{"id":62857,"date":"2019-05-30T12:58:53","date_gmt":"2019-05-30T09:58:53","guid":{"rendered":"http:\/\/arantv.az\/?p=62857"},"modified":"2019-05-30T12:58:53","modified_gmt":"2019-05-30T09:58:53","slug":"qafqazda-%c9%99n-az-su-az%c9%99rbaycandadir-akademik","status":"publish","type":"post","link":"https:\/\/arantv.az\/?p=62857","title":{"rendered":"Qafqazda \u0259n az su Az\u0259rbaycandad\u0131r &#8211; Akademik"},"content":{"rendered":"<p><strong>Qafqaz ekosistemind\u0259 olsaq da, regionda \u0259n az su Az\u0259rbaycandad\u0131r.<\/strong><\/p>\n<p><strong>ARANTV.AZ<\/strong> trend-\u0259 istinad\u0259n bildirir ki,\u00a0bunu Az\u0259rbaycan Milli Elml\u0259r Akademiyas\u0131n\u0131n (AMEA) Co\u011frafiya \u0130nstitutunun direktoru, akademik Ramiz M\u0259mm\u0259dov deyib.<\/p>\n<p>Onun s\u00f6zl\u0259rin\u0259 g\u00f6r\u0259, Az\u0259rbaycan h\u00f6kum\u0259ti su ehtiyatlar\u0131n\u0131n art\u0131r\u0131lmas\u0131 il\u0259 ba\u011fl\u0131 ard\u0131c\u0131l t\u0259dbirl\u0259r g\u00f6r\u00fcb:<\/p>\n<p>&#8220;Az\u0259rsu&#8221; yaranandan sonra bu sah\u0259d\u0259 t\u0259dbirl\u0259r g\u00f6r\u00fcl\u00fcr, i\u00e7m\u0259li su ehtiyat\u0131 art\u0131r\u0131l\u0131r. Bu g\u00fcn Az\u0259rbaycanda \u0259haliy\u0259 veril\u0259n i\u00e7m\u0259li su Beyn\u0259lxalq S\u0259hiyy\u0259 T\u0259\u015fkilat\u0131n\u0131n standartlar\u0131na tam uy\u011fundur. Bunu tam \u0259minlikl\u0259 dey\u0259 bil\u0259r\u0259m&#8221;.<\/p>\n","protected":false},"excerpt":{"rendered":"<p>Qafqaz ekosistemind\u0259 olsaq da, regionda \u0259n az su Az\u0259rbaycandad\u0131r. ARANTV.AZ trend-\u0259 istinad\u0259n bildirir ki,\u00a0bunu Az\u0259rbaycan Milli Elml\u0259r Akademiyas\u0131n\u0131n (AMEA) Co\u011frafiya \u0130nstitutunun direktoru, akademik Ramiz M\u0259mm\u0259dov deyib. Onun s\u00f6zl\u0259rin\u0259 g\u00f6r\u0259, Az\u0259rbaycan h\u00f6kum\u0259ti su ehtiyatlar\u0131n\u0131n art\u0131r\u0131lmas\u0131 il\u0259 ba\u011fl\u0131 ard\u0131c\u0131l t\u0259dbirl\u0259r g\u00f6r\u00fcb: &#8220;Az\u0259rsu&#8221; yaranandan sonra bu sah\u0259d\u0259 t\u0259dbirl\u0259r g\u00f6r\u00fcl\u00fcr, i\u00e7m\u0259li su ehtiyat\u0131 art\u0131r\u0131l\u0131r. Bu g\u00fcn Az\u0259rbaycanda \u0259haliy\u0259 veril\u0259n i\u00e7m\u0259li su Beyn\u0259lxalq S\u0259hiyy\u0259 T\u0259\u015fkilat\u0131n\u0131n standartlar\u0131na tam uy\u011fundur. Bunu tam \u0259minlikl\u0259 dey\u0259 bil\u0259r\u0259m&#8221;.<\/p>\n","protected":false},"author":2,"featured_media":62858,"comment_status":"closed","ping_status":"closed","sticky":false,"template":"","format":"standard","meta":{"om_disable_all_campaigns":false,"_monsterinsights_skip_tracking":false,"_monsterinsights_sitenote_active":false,"_monsterinsights_sitenote_note":"","_monsterinsights_sitenote_category":0},"categories":[1],"tags":[],"aioseo_notices":[],"gutentor_comment":0,"rttpg_featured_image_url":{"full":["https:\/\/arantv.az\/wp-content\/uploads\/2019\/05\/748612.jpg",660,495,false],"landscape":["https:\/\/arantv.az\/wp-content\/uploads\/2019\/05\/748612.jpg",660,495,false],"portraits":["https:\/\/arantv.az\/wp-content\/uploads\/2019\/05\/748612.jpg",660,495,false],"thumbnail":["https:\/\/arantv.az\/wp-content\/uploads\/2019\/05\/748612-150x150.jpg",150,150,true],"medium":["https:\/\/arantv.az\/wp-content\/uploads\/2019\/05\/748612-300x225.jpg",300,225,true],"large":["https:\/\/arantv.az\/wp-content\/uploads\/2019\/05\/748612.jpg",640,480,false],"1536x1536":["https:\/\/arantv.az\/wp-content\/uploads\/2019\/05\/748612.jpg",660,495,false],"2048x2048":["https:\/\/arantv.az\/wp-content\/uploads\/2019\/05\/748612.jpg",660,495,false],"post-thumbnail":["https:\/\/arantv.az\/wp-content\/uploads\/2019\/05\/748612-240x172.jpg",240,172,true],"advps-thumb-one":["https:\/\/arantv.az\/wp-content\/uploads\/2019\/05\/748612.jpg",660,495,false]},"rttpg_author":{"display_name":"V\u00fcsal Rafiqo\u011flu","author_link":"https:\/\/arantv.az\/?author=2"},"rttpg_comment":0,"rttpg_category":"<a href=\"https:\/\/arantv.az\/?cat=1\" rel=\"category\">C\u0259miyy\u0259t<\/a>","rttpg_excerpt":"Qafqaz ekosistemind\u0259 olsaq da, regionda \u0259n az su Az\u0259rbaycandad\u0131r. ARANTV.AZ trend-\u0259 istinad\u0259n bildirir ki,\u00a0bunu Az\u0259rbaycan Milli Elml\u0259r Akademiyas\u0131n\u0131n (AMEA) Co\u011frafiya \u0130nstitutunun direktoru, akademik Ramiz M\u0259mm\u0259dov deyib. Onun s\u00f6zl\u0259rin\u0259 g\u00f6r\u0259, Az\u0259rbaycan h\u00f6kum\u0259ti su ehtiyatlar\u0131n\u0131n art\u0131r\u0131lmas\u0131 il\u0259 ba\u011fl\u0131 ard\u0131c\u0131l t\u0259dbirl\u0259r g\u00f6r\u00fcb: &#8220;Az\u0259rsu&#8221; yaranandan sonra bu sah\u0259d\u0259 t\u0259dbirl\u0259r g\u00f6r\u00fcl\u00fcr, i\u00e7m\u0259li su ehtiyat\u0131 art\u0131r\u0131l\u0131r. Bu g\u00fcn Az\u0259rbaycanda \u0259haliy\u0259 veril\u0259n&hellip;","_links":{"self":[{"href":"https:\/\/arantv.az\/index.php?rest_route=\/wp\/v2\/posts\/62857"}],"collection":[{"href":"https:\/\/arantv.az\/index.php?rest_route=\/wp\/v2\/posts"}],"about":[{"href":"https:\/\/arantv.az\/index.php?rest_route=\/wp\/v2\/types\/post"}],"author":[{"embeddable":true,"href":"https:\/\/arantv.az\/index.php?rest_route=\/wp\/v2\/users\/2"}],"replies":[{"embeddable":true,"href":"https:\/\/arantv.az\/index.php?rest_route=%2Fwp%2Fv2%2Fcomments&post=62857"}],"version-history":[{"count":0,"href":"https:\/\/arantv.az\/index.php?rest_route=\/wp\/v2\/posts\/62857\/revisions"}],"wp:featuredmedia":[{"embeddable":true,"href":"https:\/\/arantv.az\/index.php?rest_route=\/wp\/v2\/media\/62858"}],"wp:attachment":[{"href":"https:\/\/arantv.az\/index.php?rest_route=%2Fwp%2Fv2%2Fmedia&parent=62857"}],"wp:term":[{"taxonomy":"category","embeddable":true,"href":"https:\/\/arantv.az\/index.php?rest_route=%2Fwp%2Fv2%2Fcategories&post=62857"},{"taxonomy":"post_tag","embeddable":true,"href":"https:\/\/arantv.az\/index.php?rest_route=%2Fwp%2Fv2%2Ftags&post=62857"}],"curies":[{"name":"wp","href":"https:\/\/api.w.org\/{rel}","templated":true}]}}