{"id":62860,"date":"2019-05-30T12:59:40","date_gmt":"2019-05-30T09:59:40","guid":{"rendered":"http:\/\/arantv.az\/?p=62860"},"modified":"2019-05-30T12:59:40","modified_gmt":"2019-05-30T09:59:40","slug":"yeni-beyn%c9%99lxalq-turizm-konsepsiyasi-hazirlanir-hikm%c9%99t-%c9%99lizad%c9%99","status":"publish","type":"post","link":"https:\/\/arantv.az\/?p=62860","title":{"rendered":"Yeni beyn\u0259lxalq turizm konsepsiyas\u0131 haz\u0131rlan\u0131r &#8211; Hikm\u0259t \u018flizad\u0259"},"content":{"rendered":"<p><strong>Ekologiya v\u0259 T\u0259bii S\u0259rv\u0259tl\u0259r Nazirliyi \u00f6lk\u0259 \u0259razisind\u0259ki Milli parklara direktor v\u0259zif\u0259sin\u0259 m\u00fcsabiq\u0259 elan edib.<\/strong><\/p>\n<p><strong>ARANTV.AZ\u00a0<\/strong> bildirir ki, namiz\u0259dl\u0259rin bu v\u0259zif\u0259y\u0259 hans\u0131 \u0259saslarla se\u00e7ilm\u0259si v\u0259 hans\u0131 meyarlar\u0131n \u00fcst\u00fcnl\u00fck t\u0259\u015fkil etm\u0259si il\u0259 ba\u011fl\u0131 nazirliyin Bioloji M\u00fcxt\u0259lifliyin Qorunmas\u0131 v\u0259 X\u00fcsusi M\u00fchafiz\u0259 Olunan T\u0259bi\u0259t \u018frazil\u0259rinin \u0130nki\u015faf\u0131 Departamentinin direktoru Hikm\u0259t \u018flizad\u0259\u00a0<a href=\"http:\/\/az.trend.az\/\" target=\"_blank\" rel=\"noopener\">Trend<\/a>-\u0259 m\u00fcsahib\u0259 verib.<\/p>\n<p><strong>&#8211; Milli parklara direktor v\u0259zif\u0259sin\u0259 m\u00fcsabiq\u0259 elan edilm\u0259si hans\u0131 m\u0259qs\u0259di da\u015f\u0131y\u0131r?<\/strong><\/p>\n<p>&#8211; Ham\u0131m\u0131z bilirik ki, milli parklar x\u00fcsusi ekoloji, tarixi, estetik \u0259h\u0259miyy\u0259ti olan t\u0259bi\u0259t kompleksl\u0259rinin yerl\u0259\u015fdiyi t\u0259bi\u0259ti m\u00fchafiz\u0259 v\u0259 elmi-t\u0259dqiqat idar\u0259si statusunda olan \u0259razil\u0259rd\u0259n ibar\u0259tdir. Art\u0131q bu m\u0259fhumun \u00f6z\u00fcnd\u0259n ir\u0259li g\u0259l\u0259r\u0259k bu idar\u0259l\u0259rin vahid kompleks alt\u0131nda \u00e7ox\u015fax\u0259li istiqam\u0259tli f\u0259aliyy\u0259tl\u0259ri yerin\u0259 yetirdiyi m\u0259lum olur. V\u0259 t\u0259bii ki bu c\u00fcr t\u0259l\u0259bl\u0259r qoyuldu\u011fu halda bu qurumlar\u0131n idar\u0259 edilm\u0259si tam haz\u0131rl\u0131ql\u0131 v\u0259 s\u0259ri\u015ft\u0259li \u015f\u0259xsl\u0259r t\u0259r\u0259find\u0259n h\u0259yata ke\u00e7irilm\u0259lidir.<\/p>\n<p>Az\u0259rbaycan\u0131n \u0259n nadir v\u0259 z\u0259ngin t\u0259bi\u0259t \u0259razil\u0259rinin m\u00fchafiz\u0259si, idar\u0259 edilm\u0259si v\u0259 onlar\u0131 layiqli \u015f\u0259kild\u0259 yerli v\u0259 xarici qonaqlara tan\u0131tmaq \u00fc\u00e7\u00fcn bir daha qeyd etm\u0259k ist\u0259rdim ki, bu idar\u0259l\u0259r\u0259 r\u0259hb\u0259rlik ed\u0259n \u015f\u0259xsl\u0259r \u00f6zl\u0259rind\u0259 kompleks bacar\u0131qlar\u0131 ehtiva etm\u0259lidir. Milli parklara haz\u0131rda t\u0259bii ki r\u0259hb\u0259rlik olunur, \u0259ks\u0259r milli parklar\u0131n direktorlar\u0131 t\u0259yin olunub. Amma biz sah\u0259ni t\u0259hlil ed\u0259r\u0259k bu q\u0259na\u0259t\u0259 g\u0259ldik ki, t\u0259bi\u0259t elml\u0259ri, idar\u0259etm\u0259, turizmin t\u0259\u015fkili v\u0259 menecmenti il\u0259 ba\u011fl\u0131 bilik v\u0259 t\u0259cr\u00fcb\u0259y\u0259 malik daha bacar\u0131ql\u0131 kadrlar\u0131n c\u0259lb olunmas\u0131 \u00fc\u00e7\u00fcn \u015f\u0259ffaf bir m\u00fcsabiq\u0259 t\u0259\u015fkil ed\u0259k.<\/p>\n<p><strong>&#8211; Namiz\u0259dl\u0259rd\u0259n n\u0259l\u0259r t\u0259l\u0259b olunur v\u0259 onlar hans\u0131 meyarlara cavab verm\u0259lidir?<\/strong><\/p>\n<p>&#8211; Yuxar\u0131da qeyd etdiyimiz kimi namiz\u0259dl\u0259rd\u0259n kompleks bacar\u0131qlar\u0131n olmas\u0131 t\u0259l\u0259b olunur. \u0130lk n\u00f6vb\u0259d\u0259, \u0259lb\u0259tt\u0259 ki bu idar\u0259l\u0259r h\u0259m elmi-t\u0259dqiqat statuslu oldu\u011fundan, h\u0259m m\u00fchafiz\u0259 komponentini \u00f6z\u00fcnd\u0259 ehtiva etdiyind\u0259n, h\u0259m d\u0259 birba\u015fa ekoturizml\u0259 ba\u011fl\u0131 oldu\u011fundan bu r\u0259hb\u0259r \u015f\u0259xsl\u0259r t\u0259bi\u0259t elml\u0259ri, idar\u0259etm\u0259, turizmin t\u0259\u015fkili v\u0259 menecmenti il\u0259 ba\u011fl\u0131 bilik, bacar\u0131q v\u0259 t\u0259cr\u00fcb\u0259y\u0259 malik olmal\u0131d\u0131rlar. Direktorlar\u0131n y\u00fcks\u0259k natiqliq bacar\u0131\u011f\u0131n\u0131n olmas\u0131 Az\u0259rbaycan\u0131n nadir t\u0259bi\u0259t \u0259razil\u0259rinin t\u0259bli\u011fat\u0131n\u0131n t\u0259\u015fkilind\u0259 yerin\u0259 d\u00fc\u015f\u0259rdi. Eyni zamanda onlar\u0131n h\u0259m xarici dil biliyi, h\u0259m d\u0259 z\u0259ngin d\u00fcnyag\u00f6r\u00fc\u015f\u00fc olmal\u0131d\u0131r ki, milli parklar\u0131 bacar\u0131qla davaml\u0131 idar\u0259 ed\u0259, h\u0259m\u00e7inin turizmin inki\u015faf\u0131na nail ola v\u0259 paralel olaraq elmi i\u015fi apara bilsinl\u0259r. Y\u0259ni bu \u0259razil\u0259r h\u0259m \u00f6yr\u0259nilm\u0259li, h\u0259m t\u0259dqiq olunmal\u0131 v\u0259 onun n\u0259tic\u0259si ortaya qoyularaq turizmin inki\u015faf\u0131na s\u0259rf olunaraq sonunda sinerjili bir n\u0259tic\u0259l\u0259r\u0259 g\u0259tirib \u00e7\u0131xarmal\u0131d\u0131r.<\/p>\n<p><strong>&#8211; Se\u00e7im nec\u0259 apar\u0131lacaq v\u0259 b\u00fct\u00fcn milli parklar \u00fc\u00e7\u00fcn n\u0259z\u0259rd\u0259 tutulub?<\/strong><\/p>\n<div id=\"AdviadNativeVideo0\" class=\"AdviadNativeVideo\"><\/div>\n<p>&#8211; Biz se\u00e7imin tam \u015f\u0259ffaf apar\u0131lmas\u0131nda maraql\u0131y\u0131q. Bildiyiniz kimi bununla ba\u011fl\u0131 nazirlikd\u0259 m\u00fcsabiq\u0259 elan edilib, m\u00fcsabiq\u0259 komissiyas\u0131 yarad\u0131l\u0131b. M\u00fcsabiq\u0259nin qiym\u0259tl\u0259ndirilm\u0259si \u00fc\u00e7\u00fcn komissiyaya ETSN-nin, \u00f6lk\u0259d\u0259 t\u0259bi\u0259ti m\u00fchafiz\u0259 sah\u0259sind\u0259 m\u00fch\u00fcm i\u015fl\u0259r g\u00f6r\u0259n \u0130DEA \u0130ctimai Birliyinin, D\u00f6vl\u0259t Turizm Agentliyinin v\u0259 AMEA-n\u0131n Zoologiya \u0130nstitutunun m\u00fct\u0259x\u0259ssisl\u0259ri c\u0259lb olunub. Bu qrup t\u0259r\u0259find\u0259n kompleks \u015f\u0259kild\u0259 namiz\u0259dl\u0259rin bacar\u0131qlar\u0131 qiym\u0259tl\u0259ndiril\u0259c\u0259k v\u0259 se\u00e7im apar\u0131lacaq. Haz\u0131rda A\u011fg\u00f6l Milli Park\u0131n\u0131n direktor v\u0259zif\u0259si vakantd\u0131r. \u0130lk n\u00f6vb\u0259d\u0259 t\u0259bii ki, A\u011fg\u00f6l Milli Park\u0131 \u00fc\u00e7\u00fcn r\u0259hb\u0259r se\u00e7il\u0259c\u0259k, ondan sonra is\u0259 u\u011furlu n\u0259tic\u0259l\u0259r ortaya qoyan namiz\u0259dl\u0259rin s\u0131ras\u0131ndan bir baza yarad\u0131lacaq, dig\u0259r milli parklar\u0131m\u0131z da m\u0259rh\u0259l\u0259l\u0259rl\u0259 bu m\u00fcsabiq\u0259y\u0259 a\u00e7\u0131q elan edildikd\u0259 art\u0131q h\u0259m o bazada olan namiz\u0259dl\u0259rin i\u00e7ind\u0259n se\u00e7im apar\u0131lacaq, h\u0259m d\u0259 yeni namiz\u0259dl\u0259rin t\u0259klif v\u0259 m\u00fcraci\u0259tl\u0259rin\u0259 bax\u0131lacaq.<\/p>\n<p><strong>&#8211; Milli parklara yeni direktorlar\u0131n se\u00e7ilm\u0259si parklar\u0131n idar\u0259 edilm\u0259sind\u0259 yenilikl\u0259rin t\u0259tbiqi il\u0259 \u0259laqadard\u0131r?<\/strong><\/p>\n<p>&#8211; \u018flb\u0259tt\u0259 ki, milli parklar\u0131m\u0131z inki\u015faf edir. \u018fg\u0259r biz ke\u00e7mi\u015f\u0259 n\u0259z\u0259r salsaq bir ne\u00e7\u0259 il \u0259vv\u0259l milli park \u0259razil\u0259rind\u0259 g\u00f6r\u00fcl\u0259n i\u015fl\u0259r yaln\u0131z m\u00fchafiz\u0259nin t\u0259\u015fkilind\u0259n ibar\u0259t idis\u0259, bu g\u00fcn art\u0131q biz qap\u0131lar\u0131m\u0131z\u0131 turistl\u0259r\u0259 a\u00e7m\u0131\u015f\u0131q, turizmi inki\u015faf etdirm\u0259k ist\u0259yirik. Az\u0259rbaycanda xarici m\u00fct\u0259x\u0259ssisl\u0259rin i\u015ftirak\u0131 il\u0259 yeni beyn\u0259lxalq turizm konsepsiyas\u0131 haz\u0131rlan\u0131r, milli park \u0259razil\u0259rind\u0259 xarici konsepsiya \u0259sas\u0131nda mar\u015frutlar\u0131n markalanmas\u0131 gedir, innovativ \u00fcsullardan istifad\u0259 olunaraq turistl\u0259r\u0259 m\u0259zmunlu m\u0259lumatlar \u00e7atd\u0131r\u0131l\u0131r ki, b\u00fct\u00fcn bunlar da yenilikl\u0259rin t\u0259tbiqidir. Direktorlardan t\u0259l\u0259b olunan s\u0259ri\u015ft\u0259 v\u0259 bacar\u0131qlardan biri d\u0259 h\u0259min bu innovativ m\u0259s\u0259l\u0259l\u0259rd\u0259 bacar\u0131\u011f\u0131n olmas\u0131, yenilikl\u0259r\u0259 meylin olmas\u0131 v\u0259 bu sah\u0259d\u0259 kreativlikdir.<\/p>\n<p><strong>&#8211; M\u00fcraci\u0259t ed\u0259nl\u0259r varm\u0131, onlar\u0131n sonrak\u0131 m\u0259rh\u0259l\u0259d\u0259 se\u00e7ilm\u0259si prosesi n\u0259 vaxt yekunla\u015facaq?<\/strong><\/p>\n<p>&#8211; \u0130lkin m\u0259rh\u0259l\u0259d\u0259 31 may tarixin\u0259d\u0259k m\u00fcdd\u0259t qoyulub. Haz\u0131rda maraqlanan v\u0259 s\u0259n\u0259d t\u0259qdim ed\u0259n xeyli namiz\u0259d var. Lakin 31 may tarixi d\u0259 m\u00fc\u0259yy\u0259n m\u0259nada \u015f\u0259rtidir, \u00e7\u00fcnki dediyimiz kimi ilkin m\u0259rh\u0259l\u0259d\u0259 A\u011fg\u00f6l Milli Park\u0131na se\u00e7im ed\u0259c\u0259yik. Paralel \u015f\u0259kild\u0259 dig\u0259r milli park direktorlar\u0131n\u0131n da bacar\u0131\u011f\u0131 qiym\u0259tl\u0259ndiril\u0259c\u0259k v\u0259 ehtiyac olduqca daxil olan s\u0259n\u0259dl\u0259r, h\u0259m d\u0259 indi m\u00fcraci\u0259t ed\u0259nl\u0259r bazaya daxil edil\u0259c\u0259k v\u0259 onlar\u0131n m\u00fcraci\u0259tind\u0259n istifad\u0259 olunacaq.<\/p>\n","protected":false},"excerpt":{"rendered":"<p>Ekologiya v\u0259 T\u0259bii S\u0259rv\u0259tl\u0259r Nazirliyi \u00f6lk\u0259 \u0259razisind\u0259ki Milli parklara direktor v\u0259zif\u0259sin\u0259 m\u00fcsabiq\u0259 elan edib. ARANTV.AZ\u00a0 bildirir ki, namiz\u0259dl\u0259rin bu v\u0259zif\u0259y\u0259 hans\u0131 \u0259saslarla se\u00e7ilm\u0259si v\u0259 hans\u0131 meyarlar\u0131n \u00fcst\u00fcnl\u00fck t\u0259\u015fkil etm\u0259si il\u0259 ba\u011fl\u0131 nazirliyin Bioloji M\u00fcxt\u0259lifliyin Qorunmas\u0131 v\u0259 X\u00fcsusi M\u00fchafiz\u0259 Olunan T\u0259bi\u0259t \u018frazil\u0259rinin \u0130nki\u015faf\u0131 Departamentinin direktoru Hikm\u0259t \u018flizad\u0259\u00a0Trend-\u0259 m\u00fcsahib\u0259 verib. &#8211; Milli parklara direktor v\u0259zif\u0259sin\u0259 m\u00fcsabiq\u0259 elan edilm\u0259si hans\u0131 m\u0259qs\u0259di da\u015f\u0131y\u0131r? &#8211; Ham\u0131m\u0131z bilirik ki, milli parklar x\u00fcsusi ekoloji, tarixi, estetik \u0259h\u0259miyy\u0259ti olan t\u0259bi\u0259t kompleksl\u0259rinin yerl\u0259\u015fdiyi t\u0259bi\u0259ti m\u00fchafiz\u0259 v\u0259 elmi-t\u0259dqiqat idar\u0259si statusunda olan \u0259razil\u0259rd\u0259n ibar\u0259tdir. Art\u0131q bu m\u0259fhumun \u00f6z\u00fcnd\u0259n ir\u0259li g\u0259l\u0259r\u0259k bu&hellip;<\/p>\n","protected":false},"author":2,"featured_media":62861,"comment_status":"closed","ping_status":"closed","sticky":false,"template":"","format":"standard","meta":{"om_disable_all_campaigns":false,"_monsterinsights_skip_tracking":false,"_monsterinsights_sitenote_active":false,"_monsterinsights_sitenote_note":"","_monsterinsights_sitenote_category":0},"categories":[1],"tags":[],"aioseo_notices":[],"gutentor_comment":0,"rttpg_featured_image_url":{"full":["https:\/\/arantv.az\/wp-content\/uploads\/2019\/05\/759121.jpg",800,600,false],"landscape":["https:\/\/arantv.az\/wp-content\/uploads\/2019\/05\/759121.jpg",800,600,false],"portraits":["https:\/\/arantv.az\/wp-content\/uploads\/2019\/05\/759121.jpg",800,600,false],"thumbnail":["https:\/\/arantv.az\/wp-content\/uploads\/2019\/05\/759121-150x150.jpg",150,150,true],"medium":["https:\/\/arantv.az\/wp-content\/uploads\/2019\/05\/759121-300x225.jpg",300,225,true],"large":["https:\/\/arantv.az\/wp-content\/uploads\/2019\/05\/759121.jpg",640,480,false],"1536x1536":["https:\/\/arantv.az\/wp-content\/uploads\/2019\/05\/759121.jpg",800,600,false],"2048x2048":["https:\/\/arantv.az\/wp-content\/uploads\/2019\/05\/759121.jpg",800,600,false],"post-thumbnail":["https:\/\/arantv.az\/wp-content\/uploads\/2019\/05\/759121-240x172.jpg",240,172,true],"advps-thumb-one":["https:\/\/arantv.az\/wp-content\/uploads\/2019\/05\/759121.jpg",800,600,false]},"rttpg_author":{"display_name":"V\u00fcsal Rafiqo\u011flu","author_link":"https:\/\/arantv.az\/?author=2"},"rttpg_comment":0,"rttpg_category":"<a href=\"https:\/\/arantv.az\/?cat=1\" rel=\"category\">C\u0259miyy\u0259t<\/a>","rttpg_excerpt":"Ekologiya v\u0259 T\u0259bii S\u0259rv\u0259tl\u0259r Nazirliyi \u00f6lk\u0259 \u0259razisind\u0259ki Milli parklara direktor v\u0259zif\u0259sin\u0259 m\u00fcsabiq\u0259 elan edib. ARANTV.AZ\u00a0 bildirir ki, namiz\u0259dl\u0259rin bu v\u0259zif\u0259y\u0259 hans\u0131 \u0259saslarla se\u00e7ilm\u0259si v\u0259 hans\u0131 meyarlar\u0131n \u00fcst\u00fcnl\u00fck t\u0259\u015fkil etm\u0259si il\u0259 ba\u011fl\u0131 nazirliyin Bioloji M\u00fcxt\u0259lifliyin Qorunmas\u0131 v\u0259 X\u00fcsusi M\u00fchafiz\u0259 Olunan T\u0259bi\u0259t \u018frazil\u0259rinin \u0130nki\u015faf\u0131 Departamentinin direktoru Hikm\u0259t \u018flizad\u0259\u00a0Trend-\u0259 m\u00fcsahib\u0259 verib. &#8211; Milli parklara direktor v\u0259zif\u0259sin\u0259 m\u00fcsabiq\u0259 elan&hellip;","_links":{"self":[{"href":"https:\/\/arantv.az\/index.php?rest_route=\/wp\/v2\/posts\/62860"}],"collection":[{"href":"https:\/\/arantv.az\/index.php?rest_route=\/wp\/v2\/posts"}],"about":[{"href":"https:\/\/arantv.az\/index.php?rest_route=\/wp\/v2\/types\/post"}],"author":[{"embeddable":true,"href":"https:\/\/arantv.az\/index.php?rest_route=\/wp\/v2\/users\/2"}],"replies":[{"embeddable":true,"href":"https:\/\/arantv.az\/index.php?rest_route=%2Fwp%2Fv2%2Fcomments&post=62860"}],"version-history":[{"count":0,"href":"https:\/\/arantv.az\/index.php?rest_route=\/wp\/v2\/posts\/62860\/revisions"}],"wp:featuredmedia":[{"embeddable":true,"href":"https:\/\/arantv.az\/index.php?rest_route=\/wp\/v2\/media\/62861"}],"wp:attachment":[{"href":"https:\/\/arantv.az\/index.php?rest_route=%2Fwp%2Fv2%2Fmedia&parent=62860"}],"wp:term":[{"taxonomy":"category","embeddable":true,"href":"https:\/\/arantv.az\/index.php?rest_route=%2Fwp%2Fv2%2Fcategories&post=62860"},{"taxonomy":"post_tag","embeddable":true,"href":"https:\/\/arantv.az\/index.php?rest_route=%2Fwp%2Fv2%2Ftags&post=62860"}],"curies":[{"name":"wp","href":"https:\/\/api.w.org\/{rel}","templated":true}]}}