{"id":62872,"date":"2019-05-30T13:54:38","date_gmt":"2019-05-30T10:54:38","guid":{"rendered":"http:\/\/arantv.az\/?p=62872"},"modified":"2019-05-30T13:54:38","modified_gmt":"2019-05-30T10:54:38","slug":"prezident-onunla-selfi-c%c9%99km%c9%99k-ist%c9%99y%c9%99n-g%c9%99nc%c9%99-yaxinlasdi-video","status":"publish","type":"post","link":"https:\/\/arantv.az\/?p=62872","title":{"rendered":"Prezident onunla selfi \u00e7\u0259km\u0259k ist\u0259y\u0259n g\u0259nc\u0259 yax\u0131nla\u015fd\u0131 &#8211; Video"},"content":{"rendered":"<div id=\"entry\" class=\"entry\">D\u00fcn\u0259n Bak\u0131 Olimpiya Stadionunda ba\u015f tutan &#8220;\u00c7elsi\u201d-&#8220;Arsenal\u201d mat\u00e7\u0131n\u0131 izl\u0259y\u0259nl\u0259r aras\u0131nda prezident \u0130lham \u018fliyev v\u0259 xan\u0131m\u0131 da olub.<\/p>\n<div id=\"AdviadNativeVideo0\" class=\"AdviadNativeVideo\"><\/div>\n<p><b>ARANTV.AZ\u00a0<\/b>azxeber-\u0259 istinad\u0259n x\u0259b\u0259r verir ki, prezident oyun ba\u015flamadan \u00f6nc\u0259 onunla selfi \u00e7\u0259km\u0259k ist\u0259y\u0259n g\u0259nci g\u00f6r\u00fcb v\u0259 ona yax\u0131nla\u015f\u0131b. \u00d6lk\u0259 ba\u015f\u00e7\u0131s\u0131 g\u0259ncin daha rahat \u015f\u0259kild\u0259 foto \u00e7\u0259km\u0259sin\u0259 yard\u0131m\u00e7\u0131 olub.<\/p>\n<p>H\u0259min videonu t\u0259qdim edirik:<\/p>\n<div class=\"embed-responsive embed-responsive-16by9\"><iframe loading=\"lazy\" id=\"nmqembedid\" class=\"embed-responsive-item\" title=\"video player\" src=\"https:\/\/izle.az\/embed\/S6qwNTMxMTQDAA~~\" width=\"600\" height=\"340\" frameborder=\"0\" scrolling=\"no\" allowfullscreen=\"allowfullscreen\" data-mce-fragment=\"1\"><\/iframe><\/div>\n<\/div>\n<p>&nbsp;<\/p>\n","protected":false},"excerpt":{"rendered":"<p>D\u00fcn\u0259n Bak\u0131 Olimpiya Stadionunda ba\u015f tutan &#8220;\u00c7elsi\u201d-&#8220;Arsenal\u201d mat\u00e7\u0131n\u0131 izl\u0259y\u0259nl\u0259r aras\u0131nda prezident \u0130lham \u018fliyev v\u0259 xan\u0131m\u0131 da olub. ARANTV.AZ\u00a0azxeber-\u0259 istinad\u0259n x\u0259b\u0259r verir ki, prezident oyun ba\u015flamadan \u00f6nc\u0259 onunla selfi \u00e7\u0259km\u0259k ist\u0259y\u0259n g\u0259nci g\u00f6r\u00fcb v\u0259 ona yax\u0131nla\u015f\u0131b. \u00d6lk\u0259 ba\u015f\u00e7\u0131s\u0131 g\u0259ncin daha rahat \u015f\u0259kild\u0259 foto \u00e7\u0259km\u0259sin\u0259 yard\u0131m\u00e7\u0131 olub. H\u0259min videonu t\u0259qdim edirik: &nbsp;<\/p>\n","protected":false},"author":2,"featured_media":62873,"comment_status":"closed","ping_status":"closed","sticky":false,"template":"","format":"standard","meta":{"om_disable_all_campaigns":false,"_monsterinsights_skip_tracking":false,"_monsterinsights_sitenote_active":false,"_monsterinsights_sitenote_note":"","_monsterinsights_sitenote_category":0},"categories":[4],"tags":[],"aioseo_notices":[],"gutentor_comment":0,"rttpg_featured_image_url":{"full":["https:\/\/arantv.az\/wp-content\/uploads\/2019\/05\/ilhh.jpg",637,400,false],"landscape":["https:\/\/arantv.az\/wp-content\/uploads\/2019\/05\/ilhh.jpg",637,400,false],"portraits":["https:\/\/arantv.az\/wp-content\/uploads\/2019\/05\/ilhh.jpg",637,400,false],"thumbnail":["https:\/\/arantv.az\/wp-content\/uploads\/2019\/05\/ilhh-150x150.jpg",150,150,true],"medium":["https:\/\/arantv.az\/wp-content\/uploads\/2019\/05\/ilhh-300x188.jpg",300,188,true],"large":["https:\/\/arantv.az\/wp-content\/uploads\/2019\/05\/ilhh.jpg",637,400,false],"1536x1536":["https:\/\/arantv.az\/wp-content\/uploads\/2019\/05\/ilhh.jpg",637,400,false],"2048x2048":["https:\/\/arantv.az\/wp-content\/uploads\/2019\/05\/ilhh.jpg",637,400,false],"post-thumbnail":["https:\/\/arantv.az\/wp-content\/uploads\/2019\/05\/ilhh-240x172.jpg",240,172,true],"advps-thumb-one":["https:\/\/arantv.az\/wp-content\/uploads\/2019\/05\/ilhh.jpg",637,400,false]},"rttpg_author":{"display_name":"V\u00fcsal Rafiqo\u011flu","author_link":"https:\/\/arantv.az\/?author=2"},"rttpg_comment":0,"rttpg_category":"<a href=\"https:\/\/arantv.az\/?cat=4\" rel=\"category\">Siyas\u0259t<\/a>","rttpg_excerpt":"D\u00fcn\u0259n Bak\u0131 Olimpiya Stadionunda ba\u015f tutan &#8220;\u00c7elsi\u201d-&#8220;Arsenal\u201d mat\u00e7\u0131n\u0131 izl\u0259y\u0259nl\u0259r aras\u0131nda prezident \u0130lham \u018fliyev v\u0259 xan\u0131m\u0131 da olub. ARANTV.AZ\u00a0azxeber-\u0259 istinad\u0259n x\u0259b\u0259r verir ki, prezident oyun ba\u015flamadan \u00f6nc\u0259 onunla selfi \u00e7\u0259km\u0259k ist\u0259y\u0259n g\u0259nci g\u00f6r\u00fcb v\u0259 ona yax\u0131nla\u015f\u0131b. \u00d6lk\u0259 ba\u015f\u00e7\u0131s\u0131 g\u0259ncin daha rahat \u015f\u0259kild\u0259 foto \u00e7\u0259km\u0259sin\u0259 yard\u0131m\u00e7\u0131 olub. H\u0259min videonu t\u0259qdim edirik: &nbsp;","_links":{"self":[{"href":"https:\/\/arantv.az\/index.php?rest_route=\/wp\/v2\/posts\/62872"}],"collection":[{"href":"https:\/\/arantv.az\/index.php?rest_route=\/wp\/v2\/posts"}],"about":[{"href":"https:\/\/arantv.az\/index.php?rest_route=\/wp\/v2\/types\/post"}],"author":[{"embeddable":true,"href":"https:\/\/arantv.az\/index.php?rest_route=\/wp\/v2\/users\/2"}],"replies":[{"embeddable":true,"href":"https:\/\/arantv.az\/index.php?rest_route=%2Fwp%2Fv2%2Fcomments&post=62872"}],"version-history":[{"count":0,"href":"https:\/\/arantv.az\/index.php?rest_route=\/wp\/v2\/posts\/62872\/revisions"}],"wp:featuredmedia":[{"embeddable":true,"href":"https:\/\/arantv.az\/index.php?rest_route=\/wp\/v2\/media\/62873"}],"wp:attachment":[{"href":"https:\/\/arantv.az\/index.php?rest_route=%2Fwp%2Fv2%2Fmedia&parent=62872"}],"wp:term":[{"taxonomy":"category","embeddable":true,"href":"https:\/\/arantv.az\/index.php?rest_route=%2Fwp%2Fv2%2Fcategories&post=62872"},{"taxonomy":"post_tag","embeddable":true,"href":"https:\/\/arantv.az\/index.php?rest_route=%2Fwp%2Fv2%2Ftags&post=62872"}],"curies":[{"name":"wp","href":"https:\/\/api.w.org\/{rel}","templated":true}]}}