{"id":62881,"date":"2019-05-30T14:48:35","date_gmt":"2019-05-30T11:48:35","guid":{"rendered":"http:\/\/arantv.az\/?p=62881"},"modified":"2019-05-30T14:48:35","modified_gmt":"2019-05-30T11:48:35","slug":"c%c9%99bh%c9%99d%c9%99-%c9%99sg%c9%99rimiz-s%c9%99hid-oldu","status":"publish","type":"post","link":"https:\/\/arantv.az\/?p=62881","title":{"rendered":"C\u0259bh\u0259d\u0259 \u0259sg\u0259rimiz \u015f\u0259hid oldu"},"content":{"rendered":"<p>Az\u0259rbaycan ordusunun h\u0259rb\u00e7isi \u015f\u0259hid olub.<\/p>\n<p>Bu bar\u0259d\u0259 M\u00fcdafi\u0259 Nazirliyi\u00a0<a href=\"https:\/\/mod.gov.az\/az\/news\/herbi-qulluqcumuz-sehid-olub-27048.html\" target=\"_blank\" rel=\"noopener\">m\u0259lumat<\/a>\u00a0yay\u0131b.<\/p>\n<div id=\"AdviadNativeVideo0\" class=\"AdviadNativeVideo\"><\/div>\n<p>Bildirilir ki, Erm\u0259nistan silahl\u0131 q\u00fcvv\u0259l\u0259rinin b\u00f6lm\u0259l\u0259ri c\u0259bh\u0259 x\u0259ttind\u0259 at\u0259\u015fk\u0259s rejimini kobud sur\u0259td\u0259 pozmaqla n\u00f6vb\u0259ti d\u0259f\u0259 t\u0259xribat t\u00f6r\u0259dib.<\/p>\n<p>AT\u018fT-in Minsk qrupunun h\u0259ms\u0259drl\u0259rinin respublikam\u0131zda s\u0259f\u0259rd\u0259 oldu\u011fu bir vaxtda, may\u0131n 30-da s\u0259h\u0259r saatlar\u0131nda c\u0259bh\u0259nin A\u011fdam rayonu istiqam\u0259tind\u0259 d\u00fc\u015fm\u0259n t\u0259r\u0259find\u0259n a\u00e7\u0131lan snayper at\u0259\u015find\u0259n Az\u0259rbaycan Ordusunun h\u0259rbi qulluq\u00e7usu Omarov Aqil Akif o\u011flu \u015f\u0259hid olub.<\/p>\n","protected":false},"excerpt":{"rendered":"<p>Az\u0259rbaycan ordusunun h\u0259rb\u00e7isi \u015f\u0259hid olub. Bu bar\u0259d\u0259 M\u00fcdafi\u0259 Nazirliyi\u00a0m\u0259lumat\u00a0yay\u0131b. Bildirilir ki, Erm\u0259nistan silahl\u0131 q\u00fcvv\u0259l\u0259rinin b\u00f6lm\u0259l\u0259ri c\u0259bh\u0259 x\u0259ttind\u0259 at\u0259\u015fk\u0259s rejimini kobud sur\u0259td\u0259 pozmaqla n\u00f6vb\u0259ti d\u0259f\u0259 t\u0259xribat t\u00f6r\u0259dib. AT\u018fT-in Minsk qrupunun h\u0259ms\u0259drl\u0259rinin respublikam\u0131zda s\u0259f\u0259rd\u0259 oldu\u011fu bir vaxtda, may\u0131n 30-da s\u0259h\u0259r saatlar\u0131nda c\u0259bh\u0259nin A\u011fdam rayonu istiqam\u0259tind\u0259 d\u00fc\u015fm\u0259n t\u0259r\u0259find\u0259n a\u00e7\u0131lan snayper at\u0259\u015find\u0259n Az\u0259rbaycan Ordusunun h\u0259rbi qulluq\u00e7usu Omarov Aqil Akif o\u011flu \u015f\u0259hid olub.<\/p>\n","protected":false},"author":2,"featured_media":62882,"comment_status":"closed","ping_status":"closed","sticky":false,"template":"","format":"standard","meta":{"om_disable_all_campaigns":false,"_monsterinsights_skip_tracking":false,"_monsterinsights_sitenote_active":false,"_monsterinsights_sitenote_note":"","_monsterinsights_sitenote_category":0},"categories":[19],"tags":[],"aioseo_notices":[],"gutentor_comment":0,"rttpg_featured_image_url":{"full":["https:\/\/arantv.az\/wp-content\/uploads\/2019\/05\/403695567.jpg",620,335,false],"landscape":["https:\/\/arantv.az\/wp-content\/uploads\/2019\/05\/403695567.jpg",620,335,false],"portraits":["https:\/\/arantv.az\/wp-content\/uploads\/2019\/05\/403695567.jpg",620,335,false],"thumbnail":["https:\/\/arantv.az\/wp-content\/uploads\/2019\/05\/403695567-150x150.jpg",150,150,true],"medium":["https:\/\/arantv.az\/wp-content\/uploads\/2019\/05\/403695567-300x162.jpg",300,162,true],"large":["https:\/\/arantv.az\/wp-content\/uploads\/2019\/05\/403695567.jpg",620,335,false],"1536x1536":["https:\/\/arantv.az\/wp-content\/uploads\/2019\/05\/403695567.jpg",620,335,false],"2048x2048":["https:\/\/arantv.az\/wp-content\/uploads\/2019\/05\/403695567.jpg",620,335,false],"post-thumbnail":["https:\/\/arantv.az\/wp-content\/uploads\/2019\/05\/403695567-240x172.jpg",240,172,true],"advps-thumb-one":["https:\/\/arantv.az\/wp-content\/uploads\/2019\/05\/403695567.jpg",620,335,false]},"rttpg_author":{"display_name":"V\u00fcsal Rafiqo\u011flu","author_link":"https:\/\/arantv.az\/?author=2"},"rttpg_comment":0,"rttpg_category":"<a href=\"https:\/\/arantv.az\/?cat=19\" rel=\"category\">G\u00fcnd\u0259m<\/a>","rttpg_excerpt":"Az\u0259rbaycan ordusunun h\u0259rb\u00e7isi \u015f\u0259hid olub. Bu bar\u0259d\u0259 M\u00fcdafi\u0259 Nazirliyi\u00a0m\u0259lumat\u00a0yay\u0131b. Bildirilir ki, Erm\u0259nistan silahl\u0131 q\u00fcvv\u0259l\u0259rinin b\u00f6lm\u0259l\u0259ri c\u0259bh\u0259 x\u0259ttind\u0259 at\u0259\u015fk\u0259s rejimini kobud sur\u0259td\u0259 pozmaqla n\u00f6vb\u0259ti d\u0259f\u0259 t\u0259xribat t\u00f6r\u0259dib. AT\u018fT-in Minsk qrupunun h\u0259ms\u0259drl\u0259rinin respublikam\u0131zda s\u0259f\u0259rd\u0259 oldu\u011fu bir vaxtda, may\u0131n 30-da s\u0259h\u0259r saatlar\u0131nda c\u0259bh\u0259nin A\u011fdam rayonu istiqam\u0259tind\u0259 d\u00fc\u015fm\u0259n t\u0259r\u0259find\u0259n a\u00e7\u0131lan snayper at\u0259\u015find\u0259n Az\u0259rbaycan Ordusunun h\u0259rbi qulluq\u00e7usu Omarov Aqil Akif&hellip;","_links":{"self":[{"href":"https:\/\/arantv.az\/index.php?rest_route=\/wp\/v2\/posts\/62881"}],"collection":[{"href":"https:\/\/arantv.az\/index.php?rest_route=\/wp\/v2\/posts"}],"about":[{"href":"https:\/\/arantv.az\/index.php?rest_route=\/wp\/v2\/types\/post"}],"author":[{"embeddable":true,"href":"https:\/\/arantv.az\/index.php?rest_route=\/wp\/v2\/users\/2"}],"replies":[{"embeddable":true,"href":"https:\/\/arantv.az\/index.php?rest_route=%2Fwp%2Fv2%2Fcomments&post=62881"}],"version-history":[{"count":0,"href":"https:\/\/arantv.az\/index.php?rest_route=\/wp\/v2\/posts\/62881\/revisions"}],"wp:featuredmedia":[{"embeddable":true,"href":"https:\/\/arantv.az\/index.php?rest_route=\/wp\/v2\/media\/62882"}],"wp:attachment":[{"href":"https:\/\/arantv.az\/index.php?rest_route=%2Fwp%2Fv2%2Fmedia&parent=62881"}],"wp:term":[{"taxonomy":"category","embeddable":true,"href":"https:\/\/arantv.az\/index.php?rest_route=%2Fwp%2Fv2%2Fcategories&post=62881"},{"taxonomy":"post_tag","embeddable":true,"href":"https:\/\/arantv.az\/index.php?rest_route=%2Fwp%2Fv2%2Ftags&post=62881"}],"curies":[{"name":"wp","href":"https:\/\/api.w.org\/{rel}","templated":true}]}}