{"id":62884,"date":"2019-05-30T14:50:48","date_gmt":"2019-05-30T11:50:48","guid":{"rendered":"http:\/\/arantv.az\/?p=62884"},"modified":"2019-05-30T14:50:48","modified_gmt":"2019-05-30T11:50:48","slug":"butun-m%c9%99kt%c9%99bl%c9%99rd%c9%99-vahid-geyim-formalari-t%c9%99tbiq-edil%c9%99c%c9%99k","status":"publish","type":"post","link":"https:\/\/arantv.az\/?p=62884","title":{"rendered":"B\u00fct\u00fcn m\u0259kt\u0259bl\u0259rd\u0259 vahid geyim formalar\u0131 t\u0259tbiq edil\u0259c\u0259k"},"content":{"rendered":"<p>Az\u0259rbaycanda \u015fagirdl\u0259rin\u00a0vahid geyim formalar\u0131 olacaq.<\/p>\n<p><strong>ARANTV.AZ<\/strong>-\u0131n m\u0259lumat\u0131na g\u00f6r\u0259, bunu T\u0259hsil nazirinin m\u00fcavini \u0130dris \u0130sayev\u00a0deyib.<\/p>\n<p>Onun s\u00f6zl\u0259rin\u0259 g\u00f6r\u0259, yeni q\u0259bul edil\u0259n qanunda m\u0259kt\u0259bli geyim formalar\u0131n\u0131n t\u0259sviri \u00f6z \u0259ksini tap\u0131b:<\/p>\n<div id=\"AdviadNativeVideo0\" class=\"AdviadNativeVideo\"><\/div>\n<p>\u201c\u018fvv\u0259ll\u0259r m\u0259kt\u0259bl\u0259r formalar\u0131n\u0131 \u00f6zl\u0259ri m\u00fc\u0259yy\u0259nl\u0259\u015fdirirdil\u0259r. Lakin yeni qanunla bir ne\u00e7\u0259 geyim formas\u0131 Nazirl\u0259r Kabineti t\u0259r\u0259find\u0259n t\u0259sdiq olunacaq. T\u0259hsil m\u00fc\u0259ssis\u0259si bunlardan birini se\u00e7ib t\u0259sdiq etm\u0259lidir\u201d.<\/p>\n<p>\u201cHe\u00e7 bir m\u0259kt\u0259b Nazirl\u0259r Kabinetinin t\u0259sdiq etdiyi t\u0259svird\u0259n k\u0259nara \u00e7\u0131xa bilm\u0259z\u201d, &#8211; dey\u0259 nazir m\u00fcavini qeyd edib.oxu.az<\/p>\n","protected":false},"excerpt":{"rendered":"<p>Az\u0259rbaycanda \u015fagirdl\u0259rin\u00a0vahid geyim formalar\u0131 olacaq. ARANTV.AZ-\u0131n m\u0259lumat\u0131na g\u00f6r\u0259, bunu T\u0259hsil nazirinin m\u00fcavini \u0130dris \u0130sayev\u00a0deyib. Onun s\u00f6zl\u0259rin\u0259 g\u00f6r\u0259, yeni q\u0259bul edil\u0259n qanunda m\u0259kt\u0259bli geyim formalar\u0131n\u0131n t\u0259sviri \u00f6z \u0259ksini tap\u0131b: \u201c\u018fvv\u0259ll\u0259r m\u0259kt\u0259bl\u0259r formalar\u0131n\u0131 \u00f6zl\u0259ri m\u00fc\u0259yy\u0259nl\u0259\u015fdirirdil\u0259r. Lakin yeni qanunla bir ne\u00e7\u0259 geyim formas\u0131 Nazirl\u0259r Kabineti t\u0259r\u0259find\u0259n t\u0259sdiq olunacaq. T\u0259hsil m\u00fc\u0259ssis\u0259si bunlardan birini se\u00e7ib t\u0259sdiq etm\u0259lidir\u201d. \u201cHe\u00e7 bir m\u0259kt\u0259b Nazirl\u0259r Kabinetinin t\u0259sdiq etdiyi t\u0259svird\u0259n k\u0259nara \u00e7\u0131xa bilm\u0259z\u201d, &#8211; dey\u0259 nazir m\u00fcavini qeyd edib.oxu.az<\/p>\n","protected":false},"author":2,"featured_media":62885,"comment_status":"closed","ping_status":"closed","sticky":false,"template":"","format":"standard","meta":{"om_disable_all_campaigns":false,"_monsterinsights_skip_tracking":false,"_monsterinsights_sitenote_active":false,"_monsterinsights_sitenote_note":"","_monsterinsights_sitenote_category":0},"categories":[23],"tags":[],"aioseo_notices":[],"gutentor_comment":0,"rttpg_featured_image_url":{"full":["https:\/\/arantv.az\/wp-content\/uploads\/2019\/05\/img1481411.jpg",620,413,false],"landscape":["https:\/\/arantv.az\/wp-content\/uploads\/2019\/05\/img1481411.jpg",620,413,false],"portraits":["https:\/\/arantv.az\/wp-content\/uploads\/2019\/05\/img1481411.jpg",620,413,false],"thumbnail":["https:\/\/arantv.az\/wp-content\/uploads\/2019\/05\/img1481411-150x150.jpg",150,150,true],"medium":["https:\/\/arantv.az\/wp-content\/uploads\/2019\/05\/img1481411-300x200.jpg",300,200,true],"large":["https:\/\/arantv.az\/wp-content\/uploads\/2019\/05\/img1481411.jpg",620,413,false],"1536x1536":["https:\/\/arantv.az\/wp-content\/uploads\/2019\/05\/img1481411.jpg",620,413,false],"2048x2048":["https:\/\/arantv.az\/wp-content\/uploads\/2019\/05\/img1481411.jpg",620,413,false],"post-thumbnail":["https:\/\/arantv.az\/wp-content\/uploads\/2019\/05\/img1481411-240x172.jpg",240,172,true],"advps-thumb-one":["https:\/\/arantv.az\/wp-content\/uploads\/2019\/05\/img1481411.jpg",620,413,false]},"rttpg_author":{"display_name":"V\u00fcsal Rafiqo\u011flu","author_link":"https:\/\/arantv.az\/?author=2"},"rttpg_comment":0,"rttpg_category":"<a href=\"https:\/\/arantv.az\/?cat=23\" rel=\"category\">T\u0259hsil<\/a>","rttpg_excerpt":"Az\u0259rbaycanda \u015fagirdl\u0259rin\u00a0vahid geyim formalar\u0131 olacaq. ARANTV.AZ-\u0131n m\u0259lumat\u0131na g\u00f6r\u0259, bunu T\u0259hsil nazirinin m\u00fcavini \u0130dris \u0130sayev\u00a0deyib. Onun s\u00f6zl\u0259rin\u0259 g\u00f6r\u0259, yeni q\u0259bul edil\u0259n qanunda m\u0259kt\u0259bli geyim formalar\u0131n\u0131n t\u0259sviri \u00f6z \u0259ksini tap\u0131b: \u201c\u018fvv\u0259ll\u0259r m\u0259kt\u0259bl\u0259r formalar\u0131n\u0131 \u00f6zl\u0259ri m\u00fc\u0259yy\u0259nl\u0259\u015fdirirdil\u0259r. Lakin yeni qanunla bir ne\u00e7\u0259 geyim formas\u0131 Nazirl\u0259r Kabineti t\u0259r\u0259find\u0259n t\u0259sdiq olunacaq. T\u0259hsil m\u00fc\u0259ssis\u0259si bunlardan birini se\u00e7ib t\u0259sdiq etm\u0259lidir\u201d. \u201cHe\u00e7 bir m\u0259kt\u0259b&hellip;","_links":{"self":[{"href":"https:\/\/arantv.az\/index.php?rest_route=\/wp\/v2\/posts\/62884"}],"collection":[{"href":"https:\/\/arantv.az\/index.php?rest_route=\/wp\/v2\/posts"}],"about":[{"href":"https:\/\/arantv.az\/index.php?rest_route=\/wp\/v2\/types\/post"}],"author":[{"embeddable":true,"href":"https:\/\/arantv.az\/index.php?rest_route=\/wp\/v2\/users\/2"}],"replies":[{"embeddable":true,"href":"https:\/\/arantv.az\/index.php?rest_route=%2Fwp%2Fv2%2Fcomments&post=62884"}],"version-history":[{"count":0,"href":"https:\/\/arantv.az\/index.php?rest_route=\/wp\/v2\/posts\/62884\/revisions"}],"wp:featuredmedia":[{"embeddable":true,"href":"https:\/\/arantv.az\/index.php?rest_route=\/wp\/v2\/media\/62885"}],"wp:attachment":[{"href":"https:\/\/arantv.az\/index.php?rest_route=%2Fwp%2Fv2%2Fmedia&parent=62884"}],"wp:term":[{"taxonomy":"category","embeddable":true,"href":"https:\/\/arantv.az\/index.php?rest_route=%2Fwp%2Fv2%2Fcategories&post=62884"},{"taxonomy":"post_tag","embeddable":true,"href":"https:\/\/arantv.az\/index.php?rest_route=%2Fwp%2Fv2%2Ftags&post=62884"}],"curies":[{"name":"wp","href":"https:\/\/api.w.org\/{rel}","templated":true}]}}