{"id":62893,"date":"2019-05-30T15:04:41","date_gmt":"2019-05-30T12:04:41","guid":{"rendered":"http:\/\/arantv.az\/?p=62893"},"modified":"2019-05-30T15:04:41","modified_gmt":"2019-05-30T12:04:41","slug":"ilham-%c9%99liyevin-birc%c9%99-%c9%99mri-kifay%c9%99tdir-ki-aynur-camalqizi","status":"publish","type":"post","link":"https:\/\/arantv.az\/?p=62893","title":{"rendered":"\u0130lham \u018fliyevin birc\u0259 \u0259mri kifay\u0259tdir ki&#8230; &#8211; Aynur Camalq\u0131z\u0131"},"content":{"rendered":"<p><strong>&#8220;Qaraba\u011f m\u00fcnaqi\u015f\u0259sinin h\u0259lli h\u0259r bir az\u0259rbaycanl\u0131n\u0131n arzusudur. \u00c7ox t\u0259\u0259ss\u00fcf ki, bu istiqam\u0259td\u0259 h\u0259ms\u0259drl\u0259rin s\u0259f\u0259rl\u0259ri turistik xarakter da\u015f\u0131ma\u011fa ba\u015flay\u0131b&#8221;.<\/strong><\/p>\n<p><b>ARANTV.AZ\u00a0<\/b>x\u0259b\u0259r verir ki, bu s\u00f6zl\u0259ri \u201cTeleqraf Holdinq\u201din r\u0259hb\u0259ri, \u0259m\u0259kdar jurnalist, politoloq Aynur Camalq\u0131z\u0131 Az\u0259rbaycan Respublikas\u0131n\u0131n Prezidenti yan\u0131nda Qeyri-H\u00f6kum\u0259t T\u0259\u015fkilatlar\u0131na D\u00f6vl\u0259t D\u0259st\u0259yi \u015euras\u0131n\u0131n d\u0259st\u0259yi v\u0259 Beyn\u0259lxalq M\u00fcnasib\u0259tl\u0259rin Ara\u015fd\u0131r\u0131lmas\u0131 M\u0259rk\u0259zinin t\u0259\u015fkilat\u00e7\u0131l\u0131\u011f\u0131 il\u0259 \u201cErm\u0259nistan\u0131n regional t\u0259hdidi\u201d m\u00f6vzusunda ke\u00e7iril\u0259n beyn\u0259lxalq forumda \u00e7\u0131x\u0131\u015f\u0131 zaman\u0131 deyib.<\/p>\n<p>\u0130nsanlar\u0131n uzun ill\u0259rdir ki, qa\u00e7q\u0131n v\u0259 m\u0259cburi k\u00f6\u00e7k\u00fcn h\u0259yat\u0131 ya\u015fad\u0131\u011f\u0131n\u0131 dey\u0259n politoloq s\u00f6zl\u0259rin\u0259 bel\u0259 davam edib: &#8220;Biz b\u00f6y\u00fck d\u00f6vl\u0259tl\u0259rin bu proses\u0259 \u0259dal\u0259tli yana\u015fmas\u0131n\u0131 ist\u0259yirik. Ancaq t\u0259\u0259ss\u00fcf ki, haqq-\u0259dal\u0259t t\u0259s\u0259vv\u00fcr\u00fc d\u0259yi\u015filib. T\u0259bii ki, h\u0259r birimizi m\u00fcnaqi\u015f\u0259nin h\u0259lli yollar\u0131 \u00e7ox maraqland\u0131r\u0131r. Forumun ad\u0131ndan da g\u00f6r\u00fcnd\u00fcy\u00fc kimi, Erm\u0259nistan art\u0131q t\u0259hdid rolunu oynay\u0131r. M\u0259n d\u00fc\u015f\u00fcn\u00fcr\u0259m, biz bu t\u0259hdid\u0259 qar\u015f\u0131 adekvat davranmal\u0131y\u0131q. Art\u0131q bunun n\u00fcmun\u0259l\u0259ri d\u0259 var: Aprel sava\u015f\u0131 v\u0259 Nax\u00e7\u0131vanda apar\u0131lan u\u011furlu h\u0259rbi \u0259m\u0259liyyat\u2026\u201d<\/p>\n<p>A.Camalq\u0131z\u0131 bildirib ki, Ali Ba\u015f Komandan \u0130lham \u018fliyevin birc\u0259 \u0259mri kifay\u0259tdir ki, xalq\u0131m\u0131z s\u0259f\u0259rb\u0259r olunsun v\u0259 torpaqlar\u0131m\u0131z\u0131 i\u015f\u011faldan azad etsin:<\/p>\n<p>\u201cAncaq bizim d\u00fc\u015fm\u0259nimiz t\u0259kc\u0259 Erm\u0259nistan deyil. May\u0131n 27-d\u0259 ke\u00e7iril\u0259n r\u0259smi q\u0259bulda Prezident \u0130lham \u018fliyevin d\u0259 bildirdiyi kimi, biz d\u0259 \u00fcr\u0259k a\u011fr\u0131s\u0131 il\u0259 qeyd edirik ki, daxild\u0259ki b\u0259zi q\u00fcvv\u0259l\u0259rin d\u00fc\u015fm\u0259nl\u0259r\u0259 nec\u0259 d\u0259st\u0259k olmas\u0131n\u0131n \u015fahidiyik. Bug\u00fcnl\u0259rd\u0259 UEFA Avropa Liqas\u0131n\u0131n final oyunu \u0259r\u0259f\u0259sind\u0259 Az\u0259rbaycan informasiya m\u00fcharib\u0259sind\u0259 \u00f6z s\u00f6z\u00fcn\u00fc dedi. Biz\u0259 qar\u015f\u0131 at\u0131lan add\u0131mlar, da\u015flar n\u0259tic\u0259siz qald\u0131. Biz bilm\u0259liyik ki, Az\u0259rbaycana qar\u015f\u0131 bu c\u00fcr h\u00fccumlar g\u0259l\u0259c\u0259kd\u0259 d\u0259 olacaq. Biz d\u0259 o q\u0259d\u0259r g\u00fccl\u00fc olmal\u0131y\u0131q ki, bu d\u0259f\u0259 oldu\u011fu kimi, n\u00f6vb\u0259ti informasiya h\u00fccumunda da qalib g\u0259l\u0259 bil\u0259k\u201d.publika.az<\/p>\n","protected":false},"excerpt":{"rendered":"<p>&#8220;Qaraba\u011f m\u00fcnaqi\u015f\u0259sinin h\u0259lli h\u0259r bir az\u0259rbaycanl\u0131n\u0131n arzusudur. \u00c7ox t\u0259\u0259ss\u00fcf ki, bu istiqam\u0259td\u0259 h\u0259ms\u0259drl\u0259rin s\u0259f\u0259rl\u0259ri turistik xarakter da\u015f\u0131ma\u011fa ba\u015flay\u0131b&#8221;. ARANTV.AZ\u00a0x\u0259b\u0259r verir ki, bu s\u00f6zl\u0259ri \u201cTeleqraf Holdinq\u201din r\u0259hb\u0259ri, \u0259m\u0259kdar jurnalist, politoloq Aynur Camalq\u0131z\u0131 Az\u0259rbaycan Respublikas\u0131n\u0131n Prezidenti yan\u0131nda Qeyri-H\u00f6kum\u0259t T\u0259\u015fkilatlar\u0131na D\u00f6vl\u0259t D\u0259st\u0259yi \u015euras\u0131n\u0131n d\u0259st\u0259yi v\u0259 Beyn\u0259lxalq M\u00fcnasib\u0259tl\u0259rin Ara\u015fd\u0131r\u0131lmas\u0131 M\u0259rk\u0259zinin t\u0259\u015fkilat\u00e7\u0131l\u0131\u011f\u0131 il\u0259 \u201cErm\u0259nistan\u0131n regional t\u0259hdidi\u201d m\u00f6vzusunda ke\u00e7iril\u0259n beyn\u0259lxalq forumda \u00e7\u0131x\u0131\u015f\u0131 zaman\u0131 deyib. \u0130nsanlar\u0131n uzun ill\u0259rdir ki, qa\u00e7q\u0131n v\u0259 m\u0259cburi k\u00f6\u00e7k\u00fcn h\u0259yat\u0131 ya\u015fad\u0131\u011f\u0131n\u0131 dey\u0259n politoloq s\u00f6zl\u0259rin\u0259 bel\u0259 davam edib: &#8220;Biz b\u00f6y\u00fck d\u00f6vl\u0259tl\u0259rin bu proses\u0259 \u0259dal\u0259tli yana\u015fmas\u0131n\u0131 ist\u0259yirik. Ancaq t\u0259\u0259ss\u00fcf ki, haqq-\u0259dal\u0259t t\u0259s\u0259vv\u00fcr\u00fc d\u0259yi\u015filib. T\u0259bii ki,&hellip;<\/p>\n","protected":false},"author":2,"featured_media":62894,"comment_status":"closed","ping_status":"closed","sticky":false,"template":"","format":"standard","meta":{"om_disable_all_campaigns":false,"_monsterinsights_skip_tracking":false,"_monsterinsights_sitenote_active":false,"_monsterinsights_sitenote_note":"","_monsterinsights_sitenote_category":0},"categories":[4],"tags":[],"aioseo_notices":[],"gutentor_comment":0,"rttpg_featured_image_url":{"full":["https:\/\/arantv.az\/wp-content\/uploads\/2019\/05\/aynur3.jpg",800,450,false],"landscape":["https:\/\/arantv.az\/wp-content\/uploads\/2019\/05\/aynur3.jpg",800,450,false],"portraits":["https:\/\/arantv.az\/wp-content\/uploads\/2019\/05\/aynur3.jpg",800,450,false],"thumbnail":["https:\/\/arantv.az\/wp-content\/uploads\/2019\/05\/aynur3-150x150.jpg",150,150,true],"medium":["https:\/\/arantv.az\/wp-content\/uploads\/2019\/05\/aynur3-300x169.jpg",300,169,true],"large":["https:\/\/arantv.az\/wp-content\/uploads\/2019\/05\/aynur3.jpg",640,360,false],"1536x1536":["https:\/\/arantv.az\/wp-content\/uploads\/2019\/05\/aynur3.jpg",800,450,false],"2048x2048":["https:\/\/arantv.az\/wp-content\/uploads\/2019\/05\/aynur3.jpg",800,450,false],"post-thumbnail":["https:\/\/arantv.az\/wp-content\/uploads\/2019\/05\/aynur3-240x172.jpg",240,172,true],"advps-thumb-one":["https:\/\/arantv.az\/wp-content\/uploads\/2019\/05\/aynur3.jpg",800,450,false]},"rttpg_author":{"display_name":"V\u00fcsal Rafiqo\u011flu","author_link":"https:\/\/arantv.az\/?author=2"},"rttpg_comment":0,"rttpg_category":"<a href=\"https:\/\/arantv.az\/?cat=4\" rel=\"category\">Siyas\u0259t<\/a>","rttpg_excerpt":"&#8220;Qaraba\u011f m\u00fcnaqi\u015f\u0259sinin h\u0259lli h\u0259r bir az\u0259rbaycanl\u0131n\u0131n arzusudur. \u00c7ox t\u0259\u0259ss\u00fcf ki, bu istiqam\u0259td\u0259 h\u0259ms\u0259drl\u0259rin s\u0259f\u0259rl\u0259ri turistik xarakter da\u015f\u0131ma\u011fa ba\u015flay\u0131b&#8221;. ARANTV.AZ\u00a0x\u0259b\u0259r verir ki, bu s\u00f6zl\u0259ri \u201cTeleqraf Holdinq\u201din r\u0259hb\u0259ri, \u0259m\u0259kdar jurnalist, politoloq Aynur Camalq\u0131z\u0131 Az\u0259rbaycan Respublikas\u0131n\u0131n Prezidenti yan\u0131nda Qeyri-H\u00f6kum\u0259t T\u0259\u015fkilatlar\u0131na D\u00f6vl\u0259t D\u0259st\u0259yi \u015euras\u0131n\u0131n d\u0259st\u0259yi v\u0259 Beyn\u0259lxalq M\u00fcnasib\u0259tl\u0259rin Ara\u015fd\u0131r\u0131lmas\u0131 M\u0259rk\u0259zinin t\u0259\u015fkilat\u00e7\u0131l\u0131\u011f\u0131 il\u0259 \u201cErm\u0259nistan\u0131n regional t\u0259hdidi\u201d m\u00f6vzusunda ke\u00e7iril\u0259n beyn\u0259lxalq forumda&hellip;","_links":{"self":[{"href":"https:\/\/arantv.az\/index.php?rest_route=\/wp\/v2\/posts\/62893"}],"collection":[{"href":"https:\/\/arantv.az\/index.php?rest_route=\/wp\/v2\/posts"}],"about":[{"href":"https:\/\/arantv.az\/index.php?rest_route=\/wp\/v2\/types\/post"}],"author":[{"embeddable":true,"href":"https:\/\/arantv.az\/index.php?rest_route=\/wp\/v2\/users\/2"}],"replies":[{"embeddable":true,"href":"https:\/\/arantv.az\/index.php?rest_route=%2Fwp%2Fv2%2Fcomments&post=62893"}],"version-history":[{"count":0,"href":"https:\/\/arantv.az\/index.php?rest_route=\/wp\/v2\/posts\/62893\/revisions"}],"wp:featuredmedia":[{"embeddable":true,"href":"https:\/\/arantv.az\/index.php?rest_route=\/wp\/v2\/media\/62894"}],"wp:attachment":[{"href":"https:\/\/arantv.az\/index.php?rest_route=%2Fwp%2Fv2%2Fmedia&parent=62893"}],"wp:term":[{"taxonomy":"category","embeddable":true,"href":"https:\/\/arantv.az\/index.php?rest_route=%2Fwp%2Fv2%2Fcategories&post=62893"},{"taxonomy":"post_tag","embeddable":true,"href":"https:\/\/arantv.az\/index.php?rest_route=%2Fwp%2Fv2%2Ftags&post=62893"}],"curies":[{"name":"wp","href":"https:\/\/api.w.org\/{rel}","templated":true}]}}