{"id":62896,"date":"2019-05-30T15:06:07","date_gmt":"2019-05-30T12:06:07","guid":{"rendered":"http:\/\/arantv.az\/?p=62896"},"modified":"2019-05-30T15:06:07","modified_gmt":"2019-05-30T12:06:07","slug":"s%c9%99hid-h%c9%99rbcimiz-bu-rayonda-d%c9%99fn-edil%c9%99c%c9%99k-2-usaq-atasi-imis","status":"publish","type":"post","link":"https:\/\/arantv.az\/?p=62896","title":{"rendered":"\u015e\u0259hid h\u0259rb\u00e7imiz bu rayonda d\u0259fn edil\u0259c\u0259k &#8211; 2 U\u015eAQ ATASI \u0130M\u0130\u015e"},"content":{"rendered":"<p><strong>Az\u0259rbaycan ordusunun \u015f\u0259hid olan h\u0259rbi qulluq\u00e7usu Qax rayonunda d\u0259fn edil\u0259c\u0259k.<\/strong><\/p>\n<p><strong>ARANTV.AZ<\/strong>-\u0131n m\u0259lumat\u0131na g\u00f6r\u0259,1983-c\u00fc il t\u0259v\u0259ll\u00fcdl\u00fc Aq\u015fin Akif o\u011flu Omarovun n\u0259\u015fi s\u0259h\u0259r saatlar\u0131nda Qax rayonuna g\u0259tiril\u0259c\u0259k v\u0259 rayonun L\u0259l\u0259pa\u015fa k\u0259ndind\u0259 torpa\u011fa tap\u015f\u0131r\u0131lacaq.<\/p>\n<p>Qeyd ed\u0259k ki, \u015f\u0259hid olan h\u0259rbi qulluq\u00e7u ail\u0259li olub, 2 o\u011flu var.<\/p>\n<p>Allah r\u0259hm\u0259t el\u0259sin.publika.az<\/p>\n","protected":false},"excerpt":{"rendered":"<p>Az\u0259rbaycan ordusunun \u015f\u0259hid olan h\u0259rbi qulluq\u00e7usu Qax rayonunda d\u0259fn edil\u0259c\u0259k. ARANTV.AZ-\u0131n m\u0259lumat\u0131na g\u00f6r\u0259,1983-c\u00fc il t\u0259v\u0259ll\u00fcdl\u00fc Aq\u015fin Akif o\u011flu Omarovun n\u0259\u015fi s\u0259h\u0259r saatlar\u0131nda Qax rayonuna g\u0259tiril\u0259c\u0259k v\u0259 rayonun L\u0259l\u0259pa\u015fa k\u0259ndind\u0259 torpa\u011fa tap\u015f\u0131r\u0131lacaq. Qeyd ed\u0259k ki, \u015f\u0259hid olan h\u0259rbi qulluq\u00e7u ail\u0259li olub, 2 o\u011flu var. Allah r\u0259hm\u0259t el\u0259sin.publika.az<\/p>\n","protected":false},"author":2,"featured_media":62897,"comment_status":"closed","ping_status":"closed","sticky":false,"template":"","format":"standard","meta":{"om_disable_all_campaigns":false,"_monsterinsights_skip_tracking":false,"_monsterinsights_sitenote_active":false,"_monsterinsights_sitenote_note":"","_monsterinsights_sitenote_category":0},"categories":[19],"tags":[],"aioseo_notices":[],"gutentor_comment":0,"rttpg_featured_image_url":{"full":["https:\/\/arantv.az\/wp-content\/uploads\/2019\/05\/shehid-herbchi-defn-olunub-15122017-4.jpg",800,450,false],"landscape":["https:\/\/arantv.az\/wp-content\/uploads\/2019\/05\/shehid-herbchi-defn-olunub-15122017-4.jpg",800,450,false],"portraits":["https:\/\/arantv.az\/wp-content\/uploads\/2019\/05\/shehid-herbchi-defn-olunub-15122017-4.jpg",800,450,false],"thumbnail":["https:\/\/arantv.az\/wp-content\/uploads\/2019\/05\/shehid-herbchi-defn-olunub-15122017-4-150x150.jpg",150,150,true],"medium":["https:\/\/arantv.az\/wp-content\/uploads\/2019\/05\/shehid-herbchi-defn-olunub-15122017-4-300x169.jpg",300,169,true],"large":["https:\/\/arantv.az\/wp-content\/uploads\/2019\/05\/shehid-herbchi-defn-olunub-15122017-4.jpg",640,360,false],"1536x1536":["https:\/\/arantv.az\/wp-content\/uploads\/2019\/05\/shehid-herbchi-defn-olunub-15122017-4.jpg",800,450,false],"2048x2048":["https:\/\/arantv.az\/wp-content\/uploads\/2019\/05\/shehid-herbchi-defn-olunub-15122017-4.jpg",800,450,false],"post-thumbnail":["https:\/\/arantv.az\/wp-content\/uploads\/2019\/05\/shehid-herbchi-defn-olunub-15122017-4-240x172.jpg",240,172,true],"advps-thumb-one":["https:\/\/arantv.az\/wp-content\/uploads\/2019\/05\/shehid-herbchi-defn-olunub-15122017-4.jpg",800,450,false]},"rttpg_author":{"display_name":"V\u00fcsal Rafiqo\u011flu","author_link":"https:\/\/arantv.az\/?author=2"},"rttpg_comment":0,"rttpg_category":"<a href=\"https:\/\/arantv.az\/?cat=19\" rel=\"category\">G\u00fcnd\u0259m<\/a>","rttpg_excerpt":"Az\u0259rbaycan ordusunun \u015f\u0259hid olan h\u0259rbi qulluq\u00e7usu Qax rayonunda d\u0259fn edil\u0259c\u0259k. ARANTV.AZ-\u0131n m\u0259lumat\u0131na g\u00f6r\u0259,1983-c\u00fc il t\u0259v\u0259ll\u00fcdl\u00fc Aq\u015fin Akif o\u011flu Omarovun n\u0259\u015fi s\u0259h\u0259r saatlar\u0131nda Qax rayonuna g\u0259tiril\u0259c\u0259k v\u0259 rayonun L\u0259l\u0259pa\u015fa k\u0259ndind\u0259 torpa\u011fa tap\u015f\u0131r\u0131lacaq. Qeyd ed\u0259k ki, \u015f\u0259hid olan h\u0259rbi qulluq\u00e7u ail\u0259li olub, 2 o\u011flu var. Allah r\u0259hm\u0259t el\u0259sin.publika.az","_links":{"self":[{"href":"https:\/\/arantv.az\/index.php?rest_route=\/wp\/v2\/posts\/62896"}],"collection":[{"href":"https:\/\/arantv.az\/index.php?rest_route=\/wp\/v2\/posts"}],"about":[{"href":"https:\/\/arantv.az\/index.php?rest_route=\/wp\/v2\/types\/post"}],"author":[{"embeddable":true,"href":"https:\/\/arantv.az\/index.php?rest_route=\/wp\/v2\/users\/2"}],"replies":[{"embeddable":true,"href":"https:\/\/arantv.az\/index.php?rest_route=%2Fwp%2Fv2%2Fcomments&post=62896"}],"version-history":[{"count":0,"href":"https:\/\/arantv.az\/index.php?rest_route=\/wp\/v2\/posts\/62896\/revisions"}],"wp:featuredmedia":[{"embeddable":true,"href":"https:\/\/arantv.az\/index.php?rest_route=\/wp\/v2\/media\/62897"}],"wp:attachment":[{"href":"https:\/\/arantv.az\/index.php?rest_route=%2Fwp%2Fv2%2Fmedia&parent=62896"}],"wp:term":[{"taxonomy":"category","embeddable":true,"href":"https:\/\/arantv.az\/index.php?rest_route=%2Fwp%2Fv2%2Fcategories&post=62896"},{"taxonomy":"post_tag","embeddable":true,"href":"https:\/\/arantv.az\/index.php?rest_route=%2Fwp%2Fv2%2Ftags&post=62896"}],"curies":[{"name":"wp","href":"https:\/\/api.w.org\/{rel}","templated":true}]}}