{"id":62905,"date":"2019-05-30T15:13:53","date_gmt":"2019-05-30T12:13:53","guid":{"rendered":"http:\/\/arantv.az\/?p=62905"},"modified":"2019-05-30T15:13:53","modified_gmt":"2019-05-30T12:13:53","slug":"prezident-ilham-%c9%99liyev-litva-v%c9%99-latviyanin-yeni-prezidentl%c9%99rini-t%c9%99brik-edib","status":"publish","type":"post","link":"https:\/\/arantv.az\/?p=62905","title":{"rendered":"Prezident \u0130lham \u018fliyev Litva v\u0259 Latviyan\u0131n yeni prezidentl\u0259rini t\u0259brik edib"},"content":{"rendered":"<p>Prezident \u0130lham \u018fliyev Litvan\u0131n yeni se\u00e7ilmi\u015f Prezidenti Gitanas Nausedaya t\u0259brik m\u0259ktubu g\u00f6nd\u0259rib.<\/p>\n<p><strong>ARANTV.AZ<\/strong> az\u0259rtac-a istinad\u0259n bildirir ki,\u00a0t\u0259brikd\u0259 deyilir:<\/p>\n<p>&#8220;H\u00f6rm\u0259tli c\u0259nab Nauseda, Litva Respublikas\u0131n\u0131n Prezidenti v\u0259zif\u0259sin\u0259 se\u00e7kil\u0259rd\u0259 q\u0259l\u0259b\u0259niz m\u00fcnasib\u0259til\u0259 Sizi s\u0259mimi q\u0259lbd\u0259n t\u0259brik edir\u0259m.<\/p>\n<p>Az\u0259rbaycan il\u0259 Litva aras\u0131ndak\u0131 m\u00fcnasib\u0259tl\u0259r dinamik v\u0259 ard\u0131c\u0131l inki\u015faf yolundad\u0131r. \u00dcmidvaram ki, xalqlar\u0131m\u0131z\u0131n m\u0259nafel\u0259rin\u0259 uy\u011fun olaraq dostluq \u0259laq\u0259l\u0259rimizin daha da m\u00f6hk\u0259ml\u0259ndirilm\u0259si, ikit\u0259r\u0259fli v\u0259 \u00e7oxt\u0259r\u0259fli qaydada \u0259m\u0259kda\u015fl\u0131\u011f\u0131m\u0131z\u0131n d\u0259rinl\u0259\u015fdirilm\u0259si istiqam\u0259tind\u0259 birg\u0259 s\u0259yl\u0259r g\u00f6st\u0259r\u0259c\u0259yik.<\/p>\n<p>Siz\u0259 m\u00f6hk\u0259m cansa\u011fl\u0131\u011f\u0131, xo\u015fb\u0259xtlik, qar\u015f\u0131dak\u0131 m\u0259sul f\u0259aliyy\u0259tinizd\u0259 u\u011furlar dil\u0259yir\u0259m&#8221;.<\/p>\n<p>D\u00f6vl\u0259t ba\u015f\u00e7\u0131s\u0131 h\u0259m\u00e7inin Latviyan\u0131n yeni se\u00e7ilmi\u015f Prezidenti Zati-alil\u0259ri c\u0259nab Egils Levits\u0259 t\u0259brik m\u0259ktubu g\u00f6nd\u0259rib:<\/p>\n<p>&#8220;H\u00f6rm\u0259tli c\u0259nab Levits, Latviya Respublikas\u0131n\u0131n Prezidenti v\u0259zif\u0259sin\u0259 se\u00e7ilm\u0259yiniz m\u00fcnasib\u0259til\u0259 Sizi s\u0259mimi q\u0259lbd\u0259n t\u0259brik edir\u0259m.<\/p>\n<p>Az\u0259rbaycan-Latviya m\u00fcnasib\u0259tl\u0259ri xo\u015f \u0259n\u0259n\u0259l\u0259r\u0259 malikdir. \u00dcmidvaram ki, dostluq \u0259laq\u0259l\u0259rimizin daha da m\u00f6hk\u0259ml\u0259ndirilm\u0259si, ikit\u0259r\u0259fli v\u0259 \u00e7oxt\u0259r\u0259fli qaydada \u0259m\u0259kda\u015fl\u0131\u011f\u0131m\u0131z\u0131n m\u00fcv\u0259ff\u0259qiyy\u0259tl\u0259 davam etdirilm\u0259si yolunda birg\u0259 s\u0259yl\u0259r g\u00f6st\u0259r\u0259c\u0259yik.<\/p>\n<p>Siz\u0259 m\u00f6hk\u0259m cansa\u011fl\u0131\u011f\u0131, xo\u015fb\u0259xtlik, qar\u015f\u0131dak\u0131 f\u0259aliyy\u0259tinizd\u0259 u\u011furlar arzulay\u0131ram&#8221;.<\/p>\n","protected":false},"excerpt":{"rendered":"<p>Prezident \u0130lham \u018fliyev Litvan\u0131n yeni se\u00e7ilmi\u015f Prezidenti Gitanas Nausedaya t\u0259brik m\u0259ktubu g\u00f6nd\u0259rib. ARANTV.AZ az\u0259rtac-a istinad\u0259n bildirir ki,\u00a0t\u0259brikd\u0259 deyilir: &#8220;H\u00f6rm\u0259tli c\u0259nab Nauseda, Litva Respublikas\u0131n\u0131n Prezidenti v\u0259zif\u0259sin\u0259 se\u00e7kil\u0259rd\u0259 q\u0259l\u0259b\u0259niz m\u00fcnasib\u0259til\u0259 Sizi s\u0259mimi q\u0259lbd\u0259n t\u0259brik edir\u0259m. Az\u0259rbaycan il\u0259 Litva aras\u0131ndak\u0131 m\u00fcnasib\u0259tl\u0259r dinamik v\u0259 ard\u0131c\u0131l inki\u015faf yolundad\u0131r. \u00dcmidvaram ki, xalqlar\u0131m\u0131z\u0131n m\u0259nafel\u0259rin\u0259 uy\u011fun olaraq dostluq \u0259laq\u0259l\u0259rimizin daha da m\u00f6hk\u0259ml\u0259ndirilm\u0259si, ikit\u0259r\u0259fli v\u0259 \u00e7oxt\u0259r\u0259fli qaydada \u0259m\u0259kda\u015fl\u0131\u011f\u0131m\u0131z\u0131n d\u0259rinl\u0259\u015fdirilm\u0259si istiqam\u0259tind\u0259 birg\u0259 s\u0259yl\u0259r g\u00f6st\u0259r\u0259c\u0259yik. Siz\u0259 m\u00f6hk\u0259m cansa\u011fl\u0131\u011f\u0131, xo\u015fb\u0259xtlik, qar\u015f\u0131dak\u0131 m\u0259sul f\u0259aliyy\u0259tinizd\u0259 u\u011furlar dil\u0259yir\u0259m&#8221;. D\u00f6vl\u0259t ba\u015f\u00e7\u0131s\u0131 h\u0259m\u00e7inin Latviyan\u0131n yeni se\u00e7ilmi\u015f Prezidenti Zati-alil\u0259ri c\u0259nab Egils Levits\u0259 t\u0259brik m\u0259ktubu g\u00f6nd\u0259rib: &#8220;H\u00f6rm\u0259tli c\u0259nab Levits,&hellip;<\/p>\n","protected":false},"author":2,"featured_media":62906,"comment_status":"closed","ping_status":"closed","sticky":false,"template":"","format":"standard","meta":{"om_disable_all_campaigns":false,"_monsterinsights_skip_tracking":false,"_monsterinsights_sitenote_active":false,"_monsterinsights_sitenote_note":"","_monsterinsights_sitenote_category":0},"categories":[4],"tags":[],"aioseo_notices":[],"gutentor_comment":0,"rttpg_featured_image_url":{"full":["https:\/\/arantv.az\/wp-content\/uploads\/2019\/05\/2018_ilham_aliyev_05-13.jpg",1200,900,false],"landscape":["https:\/\/arantv.az\/wp-content\/uploads\/2019\/05\/2018_ilham_aliyev_05-13.jpg",1200,900,false],"portraits":["https:\/\/arantv.az\/wp-content\/uploads\/2019\/05\/2018_ilham_aliyev_05-13.jpg",1200,900,false],"thumbnail":["https:\/\/arantv.az\/wp-content\/uploads\/2019\/05\/2018_ilham_aliyev_05-13-150x150.jpg",150,150,true],"medium":["https:\/\/arantv.az\/wp-content\/uploads\/2019\/05\/2018_ilham_aliyev_05-13-300x225.jpg",300,225,true],"large":["https:\/\/arantv.az\/wp-content\/uploads\/2019\/05\/2018_ilham_aliyev_05-13-1024x768.jpg",640,480,true],"1536x1536":["https:\/\/arantv.az\/wp-content\/uploads\/2019\/05\/2018_ilham_aliyev_05-13.jpg",1200,900,false],"2048x2048":["https:\/\/arantv.az\/wp-content\/uploads\/2019\/05\/2018_ilham_aliyev_05-13.jpg",1200,900,false],"post-thumbnail":["https:\/\/arantv.az\/wp-content\/uploads\/2019\/05\/2018_ilham_aliyev_05-13-240x172.jpg",240,172,true],"advps-thumb-one":["https:\/\/arantv.az\/wp-content\/uploads\/2019\/05\/2018_ilham_aliyev_05-13-1200x620.jpg",1200,620,true]},"rttpg_author":{"display_name":"V\u00fcsal Rafiqo\u011flu","author_link":"https:\/\/arantv.az\/?author=2"},"rttpg_comment":0,"rttpg_category":"<a href=\"https:\/\/arantv.az\/?cat=4\" rel=\"category\">Siyas\u0259t<\/a>","rttpg_excerpt":"Prezident \u0130lham \u018fliyev Litvan\u0131n yeni se\u00e7ilmi\u015f Prezidenti Gitanas Nausedaya t\u0259brik m\u0259ktubu g\u00f6nd\u0259rib. ARANTV.AZ az\u0259rtac-a istinad\u0259n bildirir ki,\u00a0t\u0259brikd\u0259 deyilir: &#8220;H\u00f6rm\u0259tli c\u0259nab Nauseda, Litva Respublikas\u0131n\u0131n Prezidenti v\u0259zif\u0259sin\u0259 se\u00e7kil\u0259rd\u0259 q\u0259l\u0259b\u0259niz m\u00fcnasib\u0259til\u0259 Sizi s\u0259mimi q\u0259lbd\u0259n t\u0259brik edir\u0259m. Az\u0259rbaycan il\u0259 Litva aras\u0131ndak\u0131 m\u00fcnasib\u0259tl\u0259r dinamik v\u0259 ard\u0131c\u0131l inki\u015faf yolundad\u0131r. \u00dcmidvaram ki, xalqlar\u0131m\u0131z\u0131n m\u0259nafel\u0259rin\u0259 uy\u011fun olaraq dostluq \u0259laq\u0259l\u0259rimizin daha da m\u00f6hk\u0259ml\u0259ndirilm\u0259si, ikit\u0259r\u0259fli&hellip;","_links":{"self":[{"href":"https:\/\/arantv.az\/index.php?rest_route=\/wp\/v2\/posts\/62905"}],"collection":[{"href":"https:\/\/arantv.az\/index.php?rest_route=\/wp\/v2\/posts"}],"about":[{"href":"https:\/\/arantv.az\/index.php?rest_route=\/wp\/v2\/types\/post"}],"author":[{"embeddable":true,"href":"https:\/\/arantv.az\/index.php?rest_route=\/wp\/v2\/users\/2"}],"replies":[{"embeddable":true,"href":"https:\/\/arantv.az\/index.php?rest_route=%2Fwp%2Fv2%2Fcomments&post=62905"}],"version-history":[{"count":0,"href":"https:\/\/arantv.az\/index.php?rest_route=\/wp\/v2\/posts\/62905\/revisions"}],"wp:featuredmedia":[{"embeddable":true,"href":"https:\/\/arantv.az\/index.php?rest_route=\/wp\/v2\/media\/62906"}],"wp:attachment":[{"href":"https:\/\/arantv.az\/index.php?rest_route=%2Fwp%2Fv2%2Fmedia&parent=62905"}],"wp:term":[{"taxonomy":"category","embeddable":true,"href":"https:\/\/arantv.az\/index.php?rest_route=%2Fwp%2Fv2%2Fcategories&post=62905"},{"taxonomy":"post_tag","embeddable":true,"href":"https:\/\/arantv.az\/index.php?rest_route=%2Fwp%2Fv2%2Ftags&post=62905"}],"curies":[{"name":"wp","href":"https:\/\/api.w.org\/{rel}","templated":true}]}}