{"id":62908,"date":"2019-05-30T15:14:40","date_gmt":"2019-05-30T12:14:40","guid":{"rendered":"http:\/\/arantv.az\/?p=62908"},"modified":"2019-05-30T15:14:40","modified_gmt":"2019-05-30T12:14:40","slug":"maliyy%c9%99-monitorinqi-xidm%c9%99ti-vergil%c9%99r-nazirliyinin-t%c9%99rkibind%c9%99-f%c9%99aliyy%c9%99t-gost%c9%99r%c9%99c%c9%99k-s%c9%99r%c9%99ncam","status":"publish","type":"post","link":"https:\/\/arantv.az\/?p=62908","title":{"rendered":"Maliyy\u0259 Monitorinqi Xidm\u0259ti Vergil\u0259r Nazirliyinin t\u0259rkibind\u0259 f\u0259aliyy\u0259t g\u00f6st\u0259r\u0259c\u0259k &#8211; S\u018fR\u018fNCAM"},"content":{"rendered":"<p>Prezident \u0130lham \u018fliyev cinay\u0259t yolu il\u0259 \u0259ld\u0259 edilmi\u015f pul v\u0259saitl\u0259rinin v\u0259 ya dig\u0259r \u0259mlak\u0131n leqalla\u015fd\u0131r\u0131lmas\u0131na v\u0259 terror\u00e7ulu\u011fun maliyy\u0259l\u0259\u015fdirilm\u0259sin\u0259 qar\u015f\u0131 m\u00fcbariz\u0259 sah\u0259sind\u0259 idar\u0259etm\u0259nin t\u0259kmill\u0259\u015fdirilm\u0259si il\u0259 ba\u011fl\u0131 b\u0259zi t\u0259dbirl\u0259r haqq\u0131nda s\u0259r\u0259ncam imzalay\u0131b.<\/p>\n<p><strong>ARANTV.AZ<\/strong> az\u0259rtac-a istinad\u0259n bildirir ki,\u00a0s\u0259r\u0259ncamla Vergil\u0259r Nazirliyi Az\u0259rbaycan Respublikas\u0131n\u0131n Maliyy\u0259 Monitorinqi Xidm\u0259tinin h\u0259min Nazirliyin t\u0259rkibind\u0259 f\u0259aliyy\u0259t g\u00f6st\u0259rm\u0259sinin t\u0259min edilm\u0259si m\u0259qs\u0259dil\u0259 m\u00fcvafiq normativ h\u00fcquqi aktlar\u0131n layih\u0259l\u0259rini haz\u0131rlay\u0131b Az\u0259rbaycan Respublikas\u0131n\u0131n Prezidentin\u0259 t\u0259qdim etm\u0259lidir.<\/p>\n<p>S\u0259r\u0259ncamda n\u0259z\u0259rd\u0259 tutulmu\u015f normativ h\u00fcquqi aktlar\u0131n layih\u0259l\u0259ri haz\u0131rlanark\u0259n cinay\u0259t yolu il\u0259 \u0259ld\u0259 edilmi\u015f pul v\u0259saitl\u0259rinin v\u0259 ya dig\u0259r \u0259mlak\u0131n leqalla\u015fd\u0131r\u0131lmas\u0131na v\u0259 terror\u00e7ulu\u011fun maliyy\u0259l\u0259\u015fdirilm\u0259sin\u0259 qar\u015f\u0131 m\u00fcbariz\u0259 sah\u0259sind\u0259 beyn\u0259lxalq standartlara v\u0259 Az\u0259rbaycan Respublikas\u0131n\u0131n t\u0259r\u0259fdar \u00e7\u0131xd\u0131\u011f\u0131 beyn\u0259lxalq m\u00fcqavil\u0259l\u0259rd\u0259n ir\u0259li g\u0259l\u0259n \u00f6hd\u0259likl\u0259r\u0259 riay\u0259t olunmas\u0131 t\u0259min edilm\u0259li, cinay\u0259t yolu il\u0259 \u0259ld\u0259 edilmi\u015f pul v\u0259saitl\u0259rinin v\u0259 ya dig\u0259r \u0259mlak\u0131n leqalla\u015fd\u0131r\u0131lmas\u0131na v\u0259 terror\u00e7ulu\u011fun maliyy\u0259l\u0259\u015fdirilm\u0259sin\u0259 qar\u015f\u0131 m\u00fcbariz\u0259 sah\u0259sind\u0259 Az\u0259rbaycan Respublikas\u0131n\u0131n m\u00fcvafiq qurumlar\u0131n\u0131n \u00fczv oldu\u011fu beyn\u0259lxalq t\u0259\u015fkilatlar bu sah\u0259d\u0259 idar\u0259etm\u0259nin t\u0259kmill\u0259\u015fdirilm\u0259si m\u0259qs\u0259dil\u0259 g\u00f6r\u00fcl\u0259n t\u0259dbirl\u0259r bar\u0259d\u0259 m\u0259lumatland\u0131r\u0131lmal\u0131d\u0131r.<\/p>\n","protected":false},"excerpt":{"rendered":"<p>Prezident \u0130lham \u018fliyev cinay\u0259t yolu il\u0259 \u0259ld\u0259 edilmi\u015f pul v\u0259saitl\u0259rinin v\u0259 ya dig\u0259r \u0259mlak\u0131n leqalla\u015fd\u0131r\u0131lmas\u0131na v\u0259 terror\u00e7ulu\u011fun maliyy\u0259l\u0259\u015fdirilm\u0259sin\u0259 qar\u015f\u0131 m\u00fcbariz\u0259 sah\u0259sind\u0259 idar\u0259etm\u0259nin t\u0259kmill\u0259\u015fdirilm\u0259si il\u0259 ba\u011fl\u0131 b\u0259zi t\u0259dbirl\u0259r haqq\u0131nda s\u0259r\u0259ncam imzalay\u0131b. ARANTV.AZ az\u0259rtac-a istinad\u0259n bildirir ki,\u00a0s\u0259r\u0259ncamla Vergil\u0259r Nazirliyi Az\u0259rbaycan Respublikas\u0131n\u0131n Maliyy\u0259 Monitorinqi Xidm\u0259tinin h\u0259min Nazirliyin t\u0259rkibind\u0259 f\u0259aliyy\u0259t g\u00f6st\u0259rm\u0259sinin t\u0259min edilm\u0259si m\u0259qs\u0259dil\u0259 m\u00fcvafiq normativ h\u00fcquqi aktlar\u0131n layih\u0259l\u0259rini haz\u0131rlay\u0131b Az\u0259rbaycan Respublikas\u0131n\u0131n Prezidentin\u0259 t\u0259qdim etm\u0259lidir. S\u0259r\u0259ncamda n\u0259z\u0259rd\u0259 tutulmu\u015f normativ h\u00fcquqi aktlar\u0131n layih\u0259l\u0259ri haz\u0131rlanark\u0259n cinay\u0259t yolu il\u0259 \u0259ld\u0259 edilmi\u015f pul v\u0259saitl\u0259rinin v\u0259 ya dig\u0259r \u0259mlak\u0131n leqalla\u015fd\u0131r\u0131lmas\u0131na v\u0259 terror\u00e7ulu\u011fun maliyy\u0259l\u0259\u015fdirilm\u0259sin\u0259 qar\u015f\u0131 m\u00fcbariz\u0259 sah\u0259sind\u0259 beyn\u0259lxalq standartlara v\u0259&hellip;<\/p>\n","protected":false},"author":2,"featured_media":62909,"comment_status":"closed","ping_status":"closed","sticky":false,"template":"","format":"standard","meta":{"om_disable_all_campaigns":false,"_monsterinsights_skip_tracking":false,"_monsterinsights_sitenote_active":false,"_monsterinsights_sitenote_note":"","_monsterinsights_sitenote_category":0},"categories":[4],"tags":[],"aioseo_notices":[],"gutentor_comment":0,"rttpg_featured_image_url":{"full":["https:\/\/arantv.az\/wp-content\/uploads\/2019\/05\/2018_ilham_aliyev_01-13.jpg",1200,900,false],"landscape":["https:\/\/arantv.az\/wp-content\/uploads\/2019\/05\/2018_ilham_aliyev_01-13.jpg",1200,900,false],"portraits":["https:\/\/arantv.az\/wp-content\/uploads\/2019\/05\/2018_ilham_aliyev_01-13.jpg",1200,900,false],"thumbnail":["https:\/\/arantv.az\/wp-content\/uploads\/2019\/05\/2018_ilham_aliyev_01-13-150x150.jpg",150,150,true],"medium":["https:\/\/arantv.az\/wp-content\/uploads\/2019\/05\/2018_ilham_aliyev_01-13-300x225.jpg",300,225,true],"large":["https:\/\/arantv.az\/wp-content\/uploads\/2019\/05\/2018_ilham_aliyev_01-13-1024x768.jpg",640,480,true],"1536x1536":["https:\/\/arantv.az\/wp-content\/uploads\/2019\/05\/2018_ilham_aliyev_01-13.jpg",1200,900,false],"2048x2048":["https:\/\/arantv.az\/wp-content\/uploads\/2019\/05\/2018_ilham_aliyev_01-13.jpg",1200,900,false],"post-thumbnail":["https:\/\/arantv.az\/wp-content\/uploads\/2019\/05\/2018_ilham_aliyev_01-13-240x172.jpg",240,172,true],"advps-thumb-one":["https:\/\/arantv.az\/wp-content\/uploads\/2019\/05\/2018_ilham_aliyev_01-13-1200x620.jpg",1200,620,true]},"rttpg_author":{"display_name":"V\u00fcsal Rafiqo\u011flu","author_link":"https:\/\/arantv.az\/?author=2"},"rttpg_comment":0,"rttpg_category":"<a href=\"https:\/\/arantv.az\/?cat=4\" rel=\"category\">Siyas\u0259t<\/a>","rttpg_excerpt":"Prezident \u0130lham \u018fliyev cinay\u0259t yolu il\u0259 \u0259ld\u0259 edilmi\u015f pul v\u0259saitl\u0259rinin v\u0259 ya dig\u0259r \u0259mlak\u0131n leqalla\u015fd\u0131r\u0131lmas\u0131na v\u0259 terror\u00e7ulu\u011fun maliyy\u0259l\u0259\u015fdirilm\u0259sin\u0259 qar\u015f\u0131 m\u00fcbariz\u0259 sah\u0259sind\u0259 idar\u0259etm\u0259nin t\u0259kmill\u0259\u015fdirilm\u0259si il\u0259 ba\u011fl\u0131 b\u0259zi t\u0259dbirl\u0259r haqq\u0131nda s\u0259r\u0259ncam imzalay\u0131b. ARANTV.AZ az\u0259rtac-a istinad\u0259n bildirir ki,\u00a0s\u0259r\u0259ncamla Vergil\u0259r Nazirliyi Az\u0259rbaycan Respublikas\u0131n\u0131n Maliyy\u0259 Monitorinqi Xidm\u0259tinin h\u0259min Nazirliyin t\u0259rkibind\u0259 f\u0259aliyy\u0259t g\u00f6st\u0259rm\u0259sinin t\u0259min edilm\u0259si m\u0259qs\u0259dil\u0259 m\u00fcvafiq normativ h\u00fcquqi aktlar\u0131n layih\u0259l\u0259rini&hellip;","_links":{"self":[{"href":"https:\/\/arantv.az\/index.php?rest_route=\/wp\/v2\/posts\/62908"}],"collection":[{"href":"https:\/\/arantv.az\/index.php?rest_route=\/wp\/v2\/posts"}],"about":[{"href":"https:\/\/arantv.az\/index.php?rest_route=\/wp\/v2\/types\/post"}],"author":[{"embeddable":true,"href":"https:\/\/arantv.az\/index.php?rest_route=\/wp\/v2\/users\/2"}],"replies":[{"embeddable":true,"href":"https:\/\/arantv.az\/index.php?rest_route=%2Fwp%2Fv2%2Fcomments&post=62908"}],"version-history":[{"count":0,"href":"https:\/\/arantv.az\/index.php?rest_route=\/wp\/v2\/posts\/62908\/revisions"}],"wp:featuredmedia":[{"embeddable":true,"href":"https:\/\/arantv.az\/index.php?rest_route=\/wp\/v2\/media\/62909"}],"wp:attachment":[{"href":"https:\/\/arantv.az\/index.php?rest_route=%2Fwp%2Fv2%2Fmedia&parent=62908"}],"wp:term":[{"taxonomy":"category","embeddable":true,"href":"https:\/\/arantv.az\/index.php?rest_route=%2Fwp%2Fv2%2Fcategories&post=62908"},{"taxonomy":"post_tag","embeddable":true,"href":"https:\/\/arantv.az\/index.php?rest_route=%2Fwp%2Fv2%2Ftags&post=62908"}],"curies":[{"name":"wp","href":"https:\/\/api.w.org\/{rel}","templated":true}]}}