{"id":62920,"date":"2019-05-30T15:45:11","date_gmt":"2019-05-30T12:45:11","guid":{"rendered":"http:\/\/arantv.az\/?p=62920"},"modified":"2019-05-30T15:45:11","modified_gmt":"2019-05-30T12:45:11","slug":"salyanda-qasirga-in%c9%99yi-ucurdu-video","status":"publish","type":"post","link":"https:\/\/arantv.az\/?p=62920","title":{"rendered":"Salyanda qas\u0131r\u011fa in\u0259yi u\u00e7urdu &#8211; V\u0130DEO"},"content":{"rendered":"<article class=\"news\">\n<div class=\"news-inner\">\n<p>Salyanda anid\u0259n ba\u015f ver\u0259n qas\u0131r\u011fa\u00a0evin dam \u00f6rt\u00fcy\u00fcn\u00fc v\u0259 d\u00fcy\u0259ni (in\u0259yin 1-1,5 ya\u015f balas\u0131) u\u00e7urub.<\/p>\n<p><b>ARANTV.AZ<\/b>-\u0131n m\u0259lumat\u0131na g\u00f6r\u0259, qas\u0131r\u011fa bu g\u00fcn g\u00fcnorta saatlar\u0131nda Salyan rayonunun K\u00fcrs\u0259ngi k\u0259ndind\u0259 ba\u015f verib.<\/p>\n<div id=\"AdviadNativeVideo0\" class=\"AdviadNativeVideo\"><\/div>\n<p>Qas\u0131r\u011fa \u00fc\u00e7\u00a0d\u0259qiq\u0259 davam edib. N\u0259tic\u0259d\u0259, k\u0259nd sakini H\u0259s\u0259nov Qahir Rafiq o\u011fluna m\u0259xsus evin dam \u00f6rt\u00fcy\u00fcn\u00fc yerind\u0259n qopararaq u\u00e7urub.<\/p>\n<p>U\u00e7ulmu\u015f dam \u00f6rt\u00fcy\u00fc 30 metr aral\u0131\u00a0d\u00fc\u015f\u00fcb.<\/p>\n<p>Dig\u0259r k\u0259nd sakinin\u0259 m\u0259xsus d\u00fcy\u0259ni is\u0259 qas\u0131r\u011fa 25 metr m\u0259saf\u0259y\u0259 u\u00e7uraraq tullay\u0131b. T\u0259bii f\u0259lak\u0259t zaman\u0131 x\u0259sar\u0259t alan olmay\u0131b.<\/p>\n<div><iframe loading=\"lazy\" src=\"https:\/\/player.baku.tv\/embed\/8696\" width=\"560\" height=\"315\" frameborder=\"0\" allowfullscreen=\"allowfullscreen\" data-mce-fragment=\"1\"><\/iframe><\/div>\n<\/div>\n<\/article>\n<h5 class=\"news-share-title\">oxu.az<\/h5>\n","protected":false},"excerpt":{"rendered":"<p>Salyanda anid\u0259n ba\u015f ver\u0259n qas\u0131r\u011fa\u00a0evin dam \u00f6rt\u00fcy\u00fcn\u00fc v\u0259 d\u00fcy\u0259ni (in\u0259yin 1-1,5 ya\u015f balas\u0131) u\u00e7urub. ARANTV.AZ-\u0131n m\u0259lumat\u0131na g\u00f6r\u0259, qas\u0131r\u011fa bu g\u00fcn g\u00fcnorta saatlar\u0131nda Salyan rayonunun K\u00fcrs\u0259ngi k\u0259ndind\u0259 ba\u015f verib. Qas\u0131r\u011fa \u00fc\u00e7\u00a0d\u0259qiq\u0259 davam edib. N\u0259tic\u0259d\u0259, k\u0259nd sakini H\u0259s\u0259nov Qahir Rafiq o\u011fluna m\u0259xsus evin dam \u00f6rt\u00fcy\u00fcn\u00fc yerind\u0259n qopararaq u\u00e7urub. U\u00e7ulmu\u015f dam \u00f6rt\u00fcy\u00fc 30 metr aral\u0131\u00a0d\u00fc\u015f\u00fcb. Dig\u0259r k\u0259nd sakinin\u0259 m\u0259xsus d\u00fcy\u0259ni is\u0259 qas\u0131r\u011fa 25 metr m\u0259saf\u0259y\u0259 u\u00e7uraraq tullay\u0131b. T\u0259bii f\u0259lak\u0259t zaman\u0131 x\u0259sar\u0259t alan olmay\u0131b. oxu.az<\/p>\n","protected":false},"author":2,"featured_media":62921,"comment_status":"closed","ping_status":"closed","sticky":false,"template":"","format":"standard","meta":{"om_disable_all_campaigns":false,"_monsterinsights_skip_tracking":false,"_monsterinsights_sitenote_active":false,"_monsterinsights_sitenote_note":"","_monsterinsights_sitenote_category":0},"categories":[1],"tags":[],"aioseo_notices":[],"gutentor_comment":0,"rttpg_featured_image_url":{"full":["https:\/\/arantv.az\/wp-content\/uploads\/2019\/05\/flying-cow-796x531.jpg",620,414,false],"landscape":["https:\/\/arantv.az\/wp-content\/uploads\/2019\/05\/flying-cow-796x531.jpg",620,414,false],"portraits":["https:\/\/arantv.az\/wp-content\/uploads\/2019\/05\/flying-cow-796x531.jpg",620,414,false],"thumbnail":["https:\/\/arantv.az\/wp-content\/uploads\/2019\/05\/flying-cow-796x531-150x150.jpg",150,150,true],"medium":["https:\/\/arantv.az\/wp-content\/uploads\/2019\/05\/flying-cow-796x531-300x200.jpg",300,200,true],"large":["https:\/\/arantv.az\/wp-content\/uploads\/2019\/05\/flying-cow-796x531.jpg",620,414,false],"1536x1536":["https:\/\/arantv.az\/wp-content\/uploads\/2019\/05\/flying-cow-796x531.jpg",620,414,false],"2048x2048":["https:\/\/arantv.az\/wp-content\/uploads\/2019\/05\/flying-cow-796x531.jpg",620,414,false],"post-thumbnail":["https:\/\/arantv.az\/wp-content\/uploads\/2019\/05\/flying-cow-796x531-240x172.jpg",240,172,true],"advps-thumb-one":["https:\/\/arantv.az\/wp-content\/uploads\/2019\/05\/flying-cow-796x531.jpg",620,414,false]},"rttpg_author":{"display_name":"V\u00fcsal Rafiqo\u011flu","author_link":"https:\/\/arantv.az\/?author=2"},"rttpg_comment":0,"rttpg_category":"<a href=\"https:\/\/arantv.az\/?cat=1\" rel=\"category\">C\u0259miyy\u0259t<\/a>","rttpg_excerpt":"Salyanda anid\u0259n ba\u015f ver\u0259n qas\u0131r\u011fa\u00a0evin dam \u00f6rt\u00fcy\u00fcn\u00fc v\u0259 d\u00fcy\u0259ni (in\u0259yin 1-1,5 ya\u015f balas\u0131) u\u00e7urub. ARANTV.AZ-\u0131n m\u0259lumat\u0131na g\u00f6r\u0259, qas\u0131r\u011fa bu g\u00fcn g\u00fcnorta saatlar\u0131nda Salyan rayonunun K\u00fcrs\u0259ngi k\u0259ndind\u0259 ba\u015f verib. Qas\u0131r\u011fa \u00fc\u00e7\u00a0d\u0259qiq\u0259 davam edib. N\u0259tic\u0259d\u0259, k\u0259nd sakini H\u0259s\u0259nov Qahir Rafiq o\u011fluna m\u0259xsus evin dam \u00f6rt\u00fcy\u00fcn\u00fc yerind\u0259n qopararaq u\u00e7urub. U\u00e7ulmu\u015f dam \u00f6rt\u00fcy\u00fc 30 metr aral\u0131\u00a0d\u00fc\u015f\u00fcb. Dig\u0259r k\u0259nd sakinin\u0259&hellip;","_links":{"self":[{"href":"https:\/\/arantv.az\/index.php?rest_route=\/wp\/v2\/posts\/62920"}],"collection":[{"href":"https:\/\/arantv.az\/index.php?rest_route=\/wp\/v2\/posts"}],"about":[{"href":"https:\/\/arantv.az\/index.php?rest_route=\/wp\/v2\/types\/post"}],"author":[{"embeddable":true,"href":"https:\/\/arantv.az\/index.php?rest_route=\/wp\/v2\/users\/2"}],"replies":[{"embeddable":true,"href":"https:\/\/arantv.az\/index.php?rest_route=%2Fwp%2Fv2%2Fcomments&post=62920"}],"version-history":[{"count":0,"href":"https:\/\/arantv.az\/index.php?rest_route=\/wp\/v2\/posts\/62920\/revisions"}],"wp:featuredmedia":[{"embeddable":true,"href":"https:\/\/arantv.az\/index.php?rest_route=\/wp\/v2\/media\/62921"}],"wp:attachment":[{"href":"https:\/\/arantv.az\/index.php?rest_route=%2Fwp%2Fv2%2Fmedia&parent=62920"}],"wp:term":[{"taxonomy":"category","embeddable":true,"href":"https:\/\/arantv.az\/index.php?rest_route=%2Fwp%2Fv2%2Fcategories&post=62920"},{"taxonomy":"post_tag","embeddable":true,"href":"https:\/\/arantv.az\/index.php?rest_route=%2Fwp%2Fv2%2Ftags&post=62920"}],"curies":[{"name":"wp","href":"https:\/\/api.w.org\/{rel}","templated":true}]}}