{"id":62923,"date":"2019-05-30T15:46:13","date_gmt":"2019-05-30T12:46:13","guid":{"rendered":"http:\/\/arantv.az\/?p=62923"},"modified":"2019-05-30T15:46:13","modified_gmt":"2019-05-30T12:46:13","slug":"ramil-usubov-saxta-v%c9%99siq%c9%99-satan-polkovniki-qovdu","status":"publish","type":"post","link":"https:\/\/arantv.az\/?p=62923","title":{"rendered":"Ramil Usubov saxta v\u0259siq\u0259 satan polkovniki qovdu"},"content":{"rendered":"<p>Az\u0259rbaycanda polis r\u0259isi xidm\u0259ti f\u0259aliyy\u0259tind\u0259 yol verdiyi ciddi n\u00f6qsanlara g\u00f6r\u0259 v\u0259zif\u0259sind\u0259n uzaqla\u015fd\u0131r\u0131l\u0131b.<\/p>\n<p><b>ARANTV.AZ\u00a0<\/b>qafqazinfo-ya istinad\u0259n x\u0259b\u0259r verir ki, Daxili \u0130\u015fl\u0259r naziri Ramil Usubovun \u0259mri il\u0259 Tovuz rayon Polis \u015e\u00f6b\u0259sinin Qeydiyyat v\u0259 \u015e\u0259xsiyy\u0259t V\u0259siq\u0259si Qrupunun ba\u015f inspektoru, polis polkovnik-leytenant\u0131 Kamil Quliyev m\u00f6vcud qanunvericiliyinin t\u0259l\u0259bl\u0259rini kobud \u015f\u0259kild\u0259 pozdu\u011fu \u00fc\u00e7\u00fcn daxili i\u015fl\u0259r orqanlar\u0131nda xidm\u0259td\u0259n xaric olunub.<\/p>\n<div id=\"AdviadNativeVideo0\" class=\"AdviadNativeVideo\"><\/div>\n<p>Haz\u0131rda nazirlik t\u0259r\u0259find\u0259n idar\u0259d\u0259 daxili yoxlama apar\u0131l\u0131r.<\/p>\n<p>M\u0259lumata g\u00f6r\u0259, K.Quliyev 10-dan \u00e7ox xarici v\u0259t\u0259nda\u015fa saxta yolla Az\u0259rbaycan d\u00f6vl\u0259tin\u0259 m\u0259xsus \u015f\u0259xsiyy\u0259t v\u0259siq\u0259si sat\u0131b.<\/p>\n","protected":false},"excerpt":{"rendered":"<p>Az\u0259rbaycanda polis r\u0259isi xidm\u0259ti f\u0259aliyy\u0259tind\u0259 yol verdiyi ciddi n\u00f6qsanlara g\u00f6r\u0259 v\u0259zif\u0259sind\u0259n uzaqla\u015fd\u0131r\u0131l\u0131b. ARANTV.AZ\u00a0qafqazinfo-ya istinad\u0259n x\u0259b\u0259r verir ki, Daxili \u0130\u015fl\u0259r naziri Ramil Usubovun \u0259mri il\u0259 Tovuz rayon Polis \u015e\u00f6b\u0259sinin Qeydiyyat v\u0259 \u015e\u0259xsiyy\u0259t V\u0259siq\u0259si Qrupunun ba\u015f inspektoru, polis polkovnik-leytenant\u0131 Kamil Quliyev m\u00f6vcud qanunvericiliyinin t\u0259l\u0259bl\u0259rini kobud \u015f\u0259kild\u0259 pozdu\u011fu \u00fc\u00e7\u00fcn daxili i\u015fl\u0259r orqanlar\u0131nda xidm\u0259td\u0259n xaric olunub. Haz\u0131rda nazirlik t\u0259r\u0259find\u0259n idar\u0259d\u0259 daxili yoxlama apar\u0131l\u0131r. M\u0259lumata g\u00f6r\u0259, K.Quliyev 10-dan \u00e7ox xarici v\u0259t\u0259nda\u015fa saxta yolla Az\u0259rbaycan d\u00f6vl\u0259tin\u0259 m\u0259xsus \u015f\u0259xsiyy\u0259t v\u0259siq\u0259si sat\u0131b.<\/p>\n","protected":false},"author":2,"featured_media":62924,"comment_status":"closed","ping_status":"closed","sticky":false,"template":"","format":"standard","meta":{"om_disable_all_campaigns":false,"_monsterinsights_skip_tracking":false,"_monsterinsights_sitenote_active":false,"_monsterinsights_sitenote_note":"","_monsterinsights_sitenote_category":0},"categories":[1],"tags":[],"aioseo_notices":[],"gutentor_comment":0,"rttpg_featured_image_url":{"full":["https:\/\/arantv.az\/wp-content\/uploads\/2019\/05\/1550931234.ramil_.jpg",600,400,false],"landscape":["https:\/\/arantv.az\/wp-content\/uploads\/2019\/05\/1550931234.ramil_.jpg",600,400,false],"portraits":["https:\/\/arantv.az\/wp-content\/uploads\/2019\/05\/1550931234.ramil_.jpg",600,400,false],"thumbnail":["https:\/\/arantv.az\/wp-content\/uploads\/2019\/05\/1550931234.ramil_-150x150.jpg",150,150,true],"medium":["https:\/\/arantv.az\/wp-content\/uploads\/2019\/05\/1550931234.ramil_-300x200.jpg",300,200,true],"large":["https:\/\/arantv.az\/wp-content\/uploads\/2019\/05\/1550931234.ramil_.jpg",600,400,false],"1536x1536":["https:\/\/arantv.az\/wp-content\/uploads\/2019\/05\/1550931234.ramil_.jpg",600,400,false],"2048x2048":["https:\/\/arantv.az\/wp-content\/uploads\/2019\/05\/1550931234.ramil_.jpg",600,400,false],"post-thumbnail":["https:\/\/arantv.az\/wp-content\/uploads\/2019\/05\/1550931234.ramil_-240x172.jpg",240,172,true],"advps-thumb-one":["https:\/\/arantv.az\/wp-content\/uploads\/2019\/05\/1550931234.ramil_.jpg",600,400,false]},"rttpg_author":{"display_name":"V\u00fcsal Rafiqo\u011flu","author_link":"https:\/\/arantv.az\/?author=2"},"rttpg_comment":0,"rttpg_category":"<a href=\"https:\/\/arantv.az\/?cat=1\" rel=\"category\">C\u0259miyy\u0259t<\/a>","rttpg_excerpt":"Az\u0259rbaycanda polis r\u0259isi xidm\u0259ti f\u0259aliyy\u0259tind\u0259 yol verdiyi ciddi n\u00f6qsanlara g\u00f6r\u0259 v\u0259zif\u0259sind\u0259n uzaqla\u015fd\u0131r\u0131l\u0131b. ARANTV.AZ\u00a0qafqazinfo-ya istinad\u0259n x\u0259b\u0259r verir ki, Daxili \u0130\u015fl\u0259r naziri Ramil Usubovun \u0259mri il\u0259 Tovuz rayon Polis \u015e\u00f6b\u0259sinin Qeydiyyat v\u0259 \u015e\u0259xsiyy\u0259t V\u0259siq\u0259si Qrupunun ba\u015f inspektoru, polis polkovnik-leytenant\u0131 Kamil Quliyev m\u00f6vcud qanunvericiliyinin t\u0259l\u0259bl\u0259rini kobud \u015f\u0259kild\u0259 pozdu\u011fu \u00fc\u00e7\u00fcn daxili i\u015fl\u0259r orqanlar\u0131nda xidm\u0259td\u0259n xaric olunub. Haz\u0131rda nazirlik t\u0259r\u0259find\u0259n&hellip;","_links":{"self":[{"href":"https:\/\/arantv.az\/index.php?rest_route=\/wp\/v2\/posts\/62923"}],"collection":[{"href":"https:\/\/arantv.az\/index.php?rest_route=\/wp\/v2\/posts"}],"about":[{"href":"https:\/\/arantv.az\/index.php?rest_route=\/wp\/v2\/types\/post"}],"author":[{"embeddable":true,"href":"https:\/\/arantv.az\/index.php?rest_route=\/wp\/v2\/users\/2"}],"replies":[{"embeddable":true,"href":"https:\/\/arantv.az\/index.php?rest_route=%2Fwp%2Fv2%2Fcomments&post=62923"}],"version-history":[{"count":0,"href":"https:\/\/arantv.az\/index.php?rest_route=\/wp\/v2\/posts\/62923\/revisions"}],"wp:featuredmedia":[{"embeddable":true,"href":"https:\/\/arantv.az\/index.php?rest_route=\/wp\/v2\/media\/62924"}],"wp:attachment":[{"href":"https:\/\/arantv.az\/index.php?rest_route=%2Fwp%2Fv2%2Fmedia&parent=62923"}],"wp:term":[{"taxonomy":"category","embeddable":true,"href":"https:\/\/arantv.az\/index.php?rest_route=%2Fwp%2Fv2%2Fcategories&post=62923"},{"taxonomy":"post_tag","embeddable":true,"href":"https:\/\/arantv.az\/index.php?rest_route=%2Fwp%2Fv2%2Ftags&post=62923"}],"curies":[{"name":"wp","href":"https:\/\/api.w.org\/{rel}","templated":true}]}}