{"id":62929,"date":"2019-05-30T15:48:23","date_gmt":"2019-05-30T12:48:23","guid":{"rendered":"http:\/\/arantv.az\/?p=62929"},"modified":"2019-05-30T15:48:23","modified_gmt":"2019-05-30T12:48:23","slug":"mill%c9%99t-v%c9%99kili-uefa-avropa-liqasinin-final-oyunu-yuks%c9%99k-s%c9%99viyy%c9%99d%c9%99-t%c9%99skil-olundu","status":"publish","type":"post","link":"https:\/\/arantv.az\/?p=62929","title":{"rendered":"Mill\u0259t v\u0259kili: &#8220;UEFA Avropa Liqas\u0131n\u0131n final oyunu y\u00fcks\u0259k s\u0259viyy\u0259d\u0259 t\u0259\u015fkil olundu&#8221;"},"content":{"rendered":"<p>Az\u0259rbaycan Prezidenti c\u0259nab \u0130lham \u018fliyevin r\u0259hb\u0259rliyi il\u0259 n\u00f6vb\u0259ti bir u\u011fura imza at\u0131ld\u0131. Paytaxt Bak\u0131 \u015f\u0259h\u0259ri ilk d\u0259f\u0259 UEFA Avropa Liqas\u0131n\u0131n final oyununa ev sahibliyi etdi. Final oyununa haz\u0131rl\u0131q m\u0259rh\u0259l\u0259si v\u0259 oyunun \u00f6z\u00fc \u00e7ox y\u00fcks\u0259k s\u0259viyy\u0259d\u0259 t\u0259\u015fkil olundu.<\/p>\n<p><strong>ARANTV.AZ<\/strong> bildirir ki, bunu\u00a0<a href=\"http:\/\/az.trend.az\/\" target=\"_blank\" rel=\"noopener\">Trend<\/a>-\u0259\u00a0a\u00e7\u0131qlamas\u0131nda Yeni Az\u0259rbaycan Partiyas\u0131ndan olan mill\u0259t v\u0259kili Rauf \u018fliyev deyib.<\/p>\n<p>Deputat bildirib ki, bu final\u0131n Bak\u0131 \u015f\u0259h\u0259rind\u0259 ke\u00e7irilm\u0259si Az\u0259rbaycan\u0131n u\u011furudur:<\/p>\n<p>&#8220;Mat\u00e7\u0131n ke\u00e7iril\u0259c\u0259yi \u015f\u0259h\u0259rin m\u00fc\u0259yy\u0259nl\u0259\u015fdirilm\u0259si zaman\u0131 Bak\u0131ya \u00e7ox g\u00fccl\u00fc r\u0259qibl\u0259r var idi. Madrid, \u0130stanbul v\u0259 dig\u0259r m\u0259\u015fhur \u015f\u0259h\u0259rl\u0259r i\u00e7\u0259risind\u0259n m\u0259hz Bak\u0131ya \u00fcst\u00fcnl\u00fck verilm\u0259si Az\u0259rbaycan\u0131n ild\u0259n-il\u0259 artan n\u00fcf\u00fczundan x\u0259b\u0259r verir. Bu, eyni zamanda c\u0259nab Prezident \u0130lham \u018fliyevin r\u0259hb\u0259rliyi il\u0259 Az\u0259rbaycanda futbol infrastrukturunun yarad\u0131lmas\u0131, yeni stadionlar\u0131n, \u0259l\u0259lx\u00fcsus Bak\u0131 Olimpiya Stadionunun tikintisi d\u0259 daxil olmaqla h\u0259yata ke\u00e7iril\u0259n \u00fcmumi siyas\u0259tin u\u011furudur&#8221;.<\/p>\n<p>R.\u018fliyev qeyd edib ki, final oyunu d\u00fcnyan\u0131n 200-d\u0259n \u00e7ox \u00f6lk\u0259sind\u0259 yay\u0131mlan\u0131b v\u0259 bir milyarddan \u00e7ox tama\u015fa\u00e7\u0131 t\u0259f\u0259ind\u0259n izl\u0259nilib: &#8220;D\u00fcnyan\u0131n bir \u00e7ox \u00f6lk\u0259sind\u0259n 30 mind\u0259n \u00e7ox turist oyunu izl\u0259m\u0259k \u00fc\u00e7\u00fcn \u00f6lk\u0259miz\u0259 s\u0259f\u0259r edib. B\u00fct\u00fcn bunlar Az\u0259rbycan\u0131n d\u00fcnyada daha geni\u015f miqyasda tan\u0131d\u0131lmas\u0131 v\u0259 t\u0259bli\u011f edilm\u0259sind\u0259 b\u00f6y\u00fck rol oynay\u0131r. G\u0259l\u0259n il Bak\u0131 Olimpiya Stadionunda futbol \u00fczr\u0259 Avropa \u00c7empionat\u0131n\u0131n d\u00f6rd oyununun ke\u00e7irilm\u0259si n\u0259z\u0259rd\u0259 tutulub. S\u0259sverm\u0259 zaman\u0131 Bak\u0131ya \u00fcst\u00fcnl\u00fck verilm\u0259sind\u0259 AFFA-n\u0131n r\u0259hb\u0259rliyinin rolu b\u00f6y\u00fck olub. Bu da Az\u0259rbaycan\u0131n getdikc\u0259 artan n\u00fcfuzundan x\u0259b\u0259r verir. S\u00f6z\u00fcged\u0259n oyunlar da \u00e7ox y\u00fcks\u0259k s\u0259viyy\u0259d\u0259 t\u0259\u015fkil olunacaq&#8221;.<\/p>\n","protected":false},"excerpt":{"rendered":"<p>Az\u0259rbaycan Prezidenti c\u0259nab \u0130lham \u018fliyevin r\u0259hb\u0259rliyi il\u0259 n\u00f6vb\u0259ti bir u\u011fura imza at\u0131ld\u0131. Paytaxt Bak\u0131 \u015f\u0259h\u0259ri ilk d\u0259f\u0259 UEFA Avropa Liqas\u0131n\u0131n final oyununa ev sahibliyi etdi. Final oyununa haz\u0131rl\u0131q m\u0259rh\u0259l\u0259si v\u0259 oyunun \u00f6z\u00fc \u00e7ox y\u00fcks\u0259k s\u0259viyy\u0259d\u0259 t\u0259\u015fkil olundu. ARANTV.AZ bildirir ki, bunu\u00a0Trend-\u0259\u00a0a\u00e7\u0131qlamas\u0131nda Yeni Az\u0259rbaycan Partiyas\u0131ndan olan mill\u0259t v\u0259kili Rauf \u018fliyev deyib. Deputat bildirib ki, bu final\u0131n Bak\u0131 \u015f\u0259h\u0259rind\u0259 ke\u00e7irilm\u0259si Az\u0259rbaycan\u0131n u\u011furudur: &#8220;Mat\u00e7\u0131n ke\u00e7iril\u0259c\u0259yi \u015f\u0259h\u0259rin m\u00fc\u0259yy\u0259nl\u0259\u015fdirilm\u0259si zaman\u0131 Bak\u0131ya \u00e7ox g\u00fccl\u00fc r\u0259qibl\u0259r var idi. Madrid, \u0130stanbul v\u0259 dig\u0259r m\u0259\u015fhur \u015f\u0259h\u0259rl\u0259r i\u00e7\u0259risind\u0259n m\u0259hz Bak\u0131ya \u00fcst\u00fcnl\u00fck verilm\u0259si Az\u0259rbaycan\u0131n ild\u0259n-il\u0259 artan n\u00fcf\u00fczundan x\u0259b\u0259r verir. Bu, eyni&hellip;<\/p>\n","protected":false},"author":2,"featured_media":62930,"comment_status":"closed","ping_status":"closed","sticky":false,"template":"","format":"standard","meta":{"om_disable_all_campaigns":false,"_monsterinsights_skip_tracking":false,"_monsterinsights_sitenote_active":false,"_monsterinsights_sitenote_note":"","_monsterinsights_sitenote_category":0},"categories":[4],"tags":[],"aioseo_notices":[],"gutentor_comment":0,"rttpg_featured_image_url":{"full":["https:\/\/arantv.az\/wp-content\/uploads\/2019\/05\/759149.jpg",800,600,false],"landscape":["https:\/\/arantv.az\/wp-content\/uploads\/2019\/05\/759149.jpg",800,600,false],"portraits":["https:\/\/arantv.az\/wp-content\/uploads\/2019\/05\/759149.jpg",800,600,false],"thumbnail":["https:\/\/arantv.az\/wp-content\/uploads\/2019\/05\/759149-150x150.jpg",150,150,true],"medium":["https:\/\/arantv.az\/wp-content\/uploads\/2019\/05\/759149-300x225.jpg",300,225,true],"large":["https:\/\/arantv.az\/wp-content\/uploads\/2019\/05\/759149.jpg",640,480,false],"1536x1536":["https:\/\/arantv.az\/wp-content\/uploads\/2019\/05\/759149.jpg",800,600,false],"2048x2048":["https:\/\/arantv.az\/wp-content\/uploads\/2019\/05\/759149.jpg",800,600,false],"post-thumbnail":["https:\/\/arantv.az\/wp-content\/uploads\/2019\/05\/759149-240x172.jpg",240,172,true],"advps-thumb-one":["https:\/\/arantv.az\/wp-content\/uploads\/2019\/05\/759149.jpg",800,600,false]},"rttpg_author":{"display_name":"V\u00fcsal Rafiqo\u011flu","author_link":"https:\/\/arantv.az\/?author=2"},"rttpg_comment":0,"rttpg_category":"<a href=\"https:\/\/arantv.az\/?cat=4\" rel=\"category\">Siyas\u0259t<\/a>","rttpg_excerpt":"Az\u0259rbaycan Prezidenti c\u0259nab \u0130lham \u018fliyevin r\u0259hb\u0259rliyi il\u0259 n\u00f6vb\u0259ti bir u\u011fura imza at\u0131ld\u0131. Paytaxt Bak\u0131 \u015f\u0259h\u0259ri ilk d\u0259f\u0259 UEFA Avropa Liqas\u0131n\u0131n final oyununa ev sahibliyi etdi. Final oyununa haz\u0131rl\u0131q m\u0259rh\u0259l\u0259si v\u0259 oyunun \u00f6z\u00fc \u00e7ox y\u00fcks\u0259k s\u0259viyy\u0259d\u0259 t\u0259\u015fkil olundu. ARANTV.AZ bildirir ki, bunu\u00a0Trend-\u0259\u00a0a\u00e7\u0131qlamas\u0131nda Yeni Az\u0259rbaycan Partiyas\u0131ndan olan mill\u0259t v\u0259kili Rauf \u018fliyev deyib. Deputat bildirib ki, bu final\u0131n&hellip;","_links":{"self":[{"href":"https:\/\/arantv.az\/index.php?rest_route=\/wp\/v2\/posts\/62929"}],"collection":[{"href":"https:\/\/arantv.az\/index.php?rest_route=\/wp\/v2\/posts"}],"about":[{"href":"https:\/\/arantv.az\/index.php?rest_route=\/wp\/v2\/types\/post"}],"author":[{"embeddable":true,"href":"https:\/\/arantv.az\/index.php?rest_route=\/wp\/v2\/users\/2"}],"replies":[{"embeddable":true,"href":"https:\/\/arantv.az\/index.php?rest_route=%2Fwp%2Fv2%2Fcomments&post=62929"}],"version-history":[{"count":0,"href":"https:\/\/arantv.az\/index.php?rest_route=\/wp\/v2\/posts\/62929\/revisions"}],"wp:featuredmedia":[{"embeddable":true,"href":"https:\/\/arantv.az\/index.php?rest_route=\/wp\/v2\/media\/62930"}],"wp:attachment":[{"href":"https:\/\/arantv.az\/index.php?rest_route=%2Fwp%2Fv2%2Fmedia&parent=62929"}],"wp:term":[{"taxonomy":"category","embeddable":true,"href":"https:\/\/arantv.az\/index.php?rest_route=%2Fwp%2Fv2%2Fcategories&post=62929"},{"taxonomy":"post_tag","embeddable":true,"href":"https:\/\/arantv.az\/index.php?rest_route=%2Fwp%2Fv2%2Ftags&post=62929"}],"curies":[{"name":"wp","href":"https:\/\/api.w.org\/{rel}","templated":true}]}}