{"id":62975,"date":"2019-05-31T07:56:26","date_gmt":"2019-05-31T04:56:26","guid":{"rendered":"http:\/\/arantv.az\/?p=62975"},"modified":"2019-05-31T07:56:26","modified_gmt":"2019-05-31T04:56:26","slug":"leyla-%c9%99liyeva-sahilyani-t%c9%99mizlik-aksiyasinda-fotolar","status":"publish","type":"post","link":"https:\/\/arantv.az\/?p=62975","title":{"rendered":"Leyla \u018fliyeva sahilyan\u0131 t\u0259mizlik aksiyas\u0131nda &#8211; Fotolar"},"content":{"rendered":"<div id=\"xeber_yazi\">\n<p><strong>\u00c7im\u0259rlik m\u00f6vs\u00fcm\u00fcn\u00fcn a\u00e7\u0131l\u0131\u015f\u0131 il\u0259 \u0259laq\u0259dar, may\u0131n 30-da IDEA \u0130ctimai Birliyinin t\u0259\u015fkilat\u00e7\u0131l\u0131\u011f\u0131, Bin\u0259q\u0259di Rayon \u0130cra Hakimiyy\u0259tinin d\u0259st\u0259yi il\u0259 n\u00f6vb\u0259ti \u0259n\u0259n\u0259vi sahilyan\u0131 t\u0259mizlik aksiyas\u0131 ke\u00e7irilib.<\/strong><\/p>\n<div id=\"AdributorNativeVideo0\" class=\"AdributorNativeVideo\"><\/div>\n<p><strong>ARANTV.AZ<\/strong>\u00a0 x\u0259b\u0259r verir ki, Novxan\u0131 \u00e7im\u0259rliyind\u0259 t\u0259\u015fkil edil\u0259n aksiyaya Heyd\u0259r \u018fliyev Fondunun vitse-prezidenti, IDEA \u0130ctimai Birliyinin t\u0259sis\u00e7isi v\u0259 r\u0259hb\u0259ri Leyla \u018fliyeva v\u0259 100 n\u0259f\u0259r\u0259 yax\u0131n k\u00f6n\u00fcll\u00fc g\u0259nc qo\u015fulub.<\/p>\n<p>T\u0259dbirin \u0259sas m\u0259qs\u0259di d\u0259niz sahill\u0259rind\u0259 t\u0259mizliy\u0259 riay\u0259t olunmas\u0131n\u0131 t\u0259bli\u011f etm\u0259k, sahilyan\u0131 \u0259razil\u0259rin m\u0259i\u015f\u0259t tullant\u0131lar\u0131 il\u0259 zibill\u0259nm\u0259sinin qar\u015f\u0131s\u0131n\u0131 almaq v\u0259 b\u00fct\u00fcn g\u0259ncl\u0259ri d\u0259niz \u0259traf m\u00fchitinin m\u00fchafiz\u0259si u\u011frunda m\u00fcbariz\u0259y\u0259 c\u0259lb etm\u0259kdir.<\/p>\n<p>Qeyd ed\u0259k ki, aksiyan\u0131n ke\u00e7irilm\u0259si \u00fc\u00e7\u00fcn x\u00fcsus\u0259n ictimai \u00e7im\u0259rlik se\u00e7ilmi\u015f, insanlar\u0131n rahat, t\u0259miz v\u0259 t\u0259hl\u00fck\u0259siz m\u0259kanda pulsuz istirah\u0259t ed\u0259 bilm\u0259si \u00fc\u00e7\u00fcn \u0259razid\u0259 oturacaqlar v\u0259 sanitar qov\u015faq qura\u015fd\u0131r\u0131l\u0131b, voleybol \u00fc\u00e7\u00fcn meydan\u00e7a sal\u0131n\u0131b, zibil qutular\u0131 yerl\u0259\u015fdirilib.<\/p>\n<p>\u201cSahill\u0259r t\u0259miz qals\u0131n\u201d \u015f\u00fcar\u0131 alt\u0131nda ke\u00e7iril\u0259n t\u0259mizlik aksiyas\u0131 X\u0259z\u0259r d\u0259nizi sahill\u0259rind\u0259 g\u0259ncl\u0259rin k\u00fctl\u0259vi i\u015ftirak\u0131 il\u0259 ba\u015f tutan sayca 11-ci aksiyad\u0131r.<\/p>\n<p>T\u0259dbir zaman\u0131 z\u0259ruri sanitar l\u0259vazimatlarla t\u0259chiz olunmu\u015f aksiya i\u015ftirak\u00e7\u0131lar\u0131 DJ-l\u0259rin s\u0259sl\u0259ndirdiyi musiqi s\u0259dalar\u0131 alt\u0131nda \u00e7im\u0259rlikd\u0259n 2 tona yax\u0131n tullant\u0131 toplay\u0131blar. Daha sonra tullant\u0131lar \u00e7e\u015fidl\u0259n\u0259r\u0259k \u00e7im\u0259rlikl\u0259rd\u0259 \u0259n \u00e7ox m\u00fc\u015fahid\u0259 olunan zibill\u0259r m\u00fc\u0259yy\u0259n edilib. Tullant\u0131lar\u0131n toplanmas\u0131 prosesini daha effektiv t\u0259\u015fkil etm\u0259k m\u0259qs\u0259dil\u0259 \u0259raziy\u0259 x\u00fcsusi texnika c\u0259lb olunub.<\/p>\n<p>&nbsp;<\/p>\n<\/div>\n<div class=\"site-left-rub-bosluq_orta\"><\/div>\n<p><a href=\"https:\/\/axsam.az\/showpic_el100.jpg?yol=suFXWYKSZjKWBssokw5iLYr0XQ2654427b4r%2FFMzK%2B7xkw%2FNjgRN5pZq9inLBMkDIqhVkoyCtzqaFM8aqyMX1A%3D%3D\" target=\"_blank\" rel=\"noopener\"><img src=\"https:\/\/axsam.az\/showpic_el100.jpg?yol=suFXWYKSZjKWBssokw5iLYr0XQ2654427b4r%2FFMzK%2B7xkw%2FNjgRN5pZq9inLBMkDIqhVkoyCtzqaFM8aqyMX1A%3D%3D\" border=\"0\" \/><\/a><\/p>\n<div><\/div>\n<p><a href=\"https:\/\/axsam.az\/showpic_el100.jpg?yol=j1%2BEZMPPAPvoqEucTuTiiBuMoA%2Bd%2BJ%2BXP9hG7erJWqEa33vQIdEEjDkd%2BJIksnhKFFVUKglUNOgBKAmnhUagDg%3D%3D\" target=\"_blank\" rel=\"noopener\"><img src=\"https:\/\/axsam.az\/showpic_el100.jpg?yol=j1%2BEZMPPAPvoqEucTuTiiBuMoA%2Bd%2BJ%2BXP9hG7erJWqEa33vQIdEEjDkd%2BJIksnhKFFVUKglUNOgBKAmnhUagDg%3D%3D\" border=\"0\" \/><\/a><\/p>\n<div><\/div>\n<p><a href=\"https:\/\/axsam.az\/showpic_el100.jpg?yol=XmGR3MbAwegrOd%2BiuvnGH4K4UYKTbpZi5R2fh8M4DVIylddQ8Nwd4g4op%2BSpzhEgP0lU%2FQP7XWhKAvUbapz8kg%3D%3D\" target=\"_blank\" rel=\"noopener\"><img src=\"https:\/\/axsam.az\/showpic_el100.jpg?yol=XmGR3MbAwegrOd%2BiuvnGH4K4UYKTbpZi5R2fh8M4DVIylddQ8Nwd4g4op%2BSpzhEgP0lU%2FQP7XWhKAvUbapz8kg%3D%3D\" border=\"0\" \/><\/a><\/p>\n<div><\/div>\n<p><a href=\"https:\/\/axsam.az\/showpic_el100.jpg?yol=zY%2FcnLjQn8mt5nYLBx7oqltb4tZGPHG18srXfTS5YVBjn4QPeA6bsc8E5WWlyNTGxGRoaofJvXP062C0c3TwfA%3D%3D\" target=\"_blank\" rel=\"noopener\"><img src=\"https:\/\/axsam.az\/showpic_el100.jpg?yol=zY%2FcnLjQn8mt5nYLBx7oqltb4tZGPHG18srXfTS5YVBjn4QPeA6bsc8E5WWlyNTGxGRoaofJvXP062C0c3TwfA%3D%3D\" border=\"0\" \/><\/a><\/p>\n<div><\/div>\n<p><a href=\"https:\/\/axsam.az\/showpic_el100.jpg?yol=HZ9%2B8ElKO8yATJBjUFqn6DBYtfyuJQo4lwMUx1zBQL9iK4GNRULbptUeBWUEk7%2BlPF6522nYhgq5IN1yASfQeA%3D%3D\" target=\"_blank\" rel=\"noopener\"><img src=\"https:\/\/axsam.az\/showpic_el100.jpg?yol=HZ9%2B8ElKO8yATJBjUFqn6DBYtfyuJQo4lwMUx1zBQL9iK4GNRULbptUeBWUEk7%2BlPF6522nYhgq5IN1yASfQeA%3D%3D\" border=\"0\" \/><\/a><\/p>\n<div><\/div>\n<p><a href=\"https:\/\/axsam.az\/showpic_el100.jpg?yol=sjHOyYn3%2B4LpOz8HvX31znb0QOEMEg%2BTMfs6GdeMAbgyP5%2BO3hbhqObWooDSQjNvK6saPEHhPdfV6luHz7nUQA%3D%3D\" target=\"_blank\" rel=\"noopener\"><img src=\"https:\/\/axsam.az\/showpic_el100.jpg?yol=sjHOyYn3%2B4LpOz8HvX31znb0QOEMEg%2BTMfs6GdeMAbgyP5%2BO3hbhqObWooDSQjNvK6saPEHhPdfV6luHz7nUQA%3D%3D\" border=\"0\" \/><\/a><\/p>\n<div><\/div>\n<p><a href=\"https:\/\/axsam.az\/showpic_el100.jpg?yol=fJwwSbBL5b60BVKUXOplPZpq2%2F4XkJLRU6xwqYXPWkLD0A1%2BIs7Hggqo%2BB3hfXzDG5kdVFdn1mVIc53hd1oCmQ%3D%3D\" target=\"_blank\" rel=\"noopener\"><img src=\"https:\/\/axsam.az\/showpic_el100.jpg?yol=fJwwSbBL5b60BVKUXOplPZpq2%2F4XkJLRU6xwqYXPWkLD0A1%2BIs7Hggqo%2BB3hfXzDG5kdVFdn1mVIc53hd1oCmQ%3D%3D\" border=\"0\" \/><\/a><\/p>\n<div><\/div>\n<p><a href=\"https:\/\/axsam.az\/showpic_el100.jpg?yol=V1vzt2fGyu2d1UluSqK7VGHt8tq%2FHvGHdXzJpmMl7tGN27OQG0lFrlxdich1OQJpaXiRnohkz1MM738Ps6V35Q%3D%3D\" target=\"_blank\" rel=\"noopener\"><img src=\"https:\/\/axsam.az\/showpic_el100.jpg?yol=V1vzt2fGyu2d1UluSqK7VGHt8tq%2FHvGHdXzJpmMl7tGN27OQG0lFrlxdich1OQJpaXiRnohkz1MM738Ps6V35Q%3D%3D\" border=\"0\" \/><\/a><\/p>\n<p>az\u0259rtac<\/p>\n","protected":false},"excerpt":{"rendered":"<p>\u00c7im\u0259rlik m\u00f6vs\u00fcm\u00fcn\u00fcn a\u00e7\u0131l\u0131\u015f\u0131 il\u0259 \u0259laq\u0259dar, may\u0131n 30-da IDEA \u0130ctimai Birliyinin t\u0259\u015fkilat\u00e7\u0131l\u0131\u011f\u0131, Bin\u0259q\u0259di Rayon \u0130cra Hakimiyy\u0259tinin d\u0259st\u0259yi il\u0259 n\u00f6vb\u0259ti \u0259n\u0259n\u0259vi sahilyan\u0131 t\u0259mizlik aksiyas\u0131 ke\u00e7irilib. ARANTV.AZ\u00a0 x\u0259b\u0259r verir ki, Novxan\u0131 \u00e7im\u0259rliyind\u0259 t\u0259\u015fkil edil\u0259n aksiyaya Heyd\u0259r \u018fliyev Fondunun vitse-prezidenti, IDEA \u0130ctimai Birliyinin t\u0259sis\u00e7isi v\u0259 r\u0259hb\u0259ri Leyla \u018fliyeva v\u0259 100 n\u0259f\u0259r\u0259 yax\u0131n k\u00f6n\u00fcll\u00fc g\u0259nc qo\u015fulub. T\u0259dbirin \u0259sas m\u0259qs\u0259di d\u0259niz sahill\u0259rind\u0259 t\u0259mizliy\u0259 riay\u0259t olunmas\u0131n\u0131 t\u0259bli\u011f etm\u0259k, sahilyan\u0131 \u0259razil\u0259rin m\u0259i\u015f\u0259t tullant\u0131lar\u0131 il\u0259 zibill\u0259nm\u0259sinin qar\u015f\u0131s\u0131n\u0131 almaq v\u0259 b\u00fct\u00fcn g\u0259ncl\u0259ri d\u0259niz \u0259traf m\u00fchitinin m\u00fchafiz\u0259si u\u011frunda m\u00fcbariz\u0259y\u0259 c\u0259lb etm\u0259kdir. Qeyd ed\u0259k ki, aksiyan\u0131n ke\u00e7irilm\u0259si \u00fc\u00e7\u00fcn x\u00fcsus\u0259n ictimai \u00e7im\u0259rlik se\u00e7ilmi\u015f,&hellip;<\/p>\n","protected":false},"author":2,"featured_media":62976,"comment_status":"closed","ping_status":"closed","sticky":false,"template":"","format":"standard","meta":{"om_disable_all_campaigns":false,"_monsterinsights_skip_tracking":false,"_monsterinsights_sitenote_active":false,"_monsterinsights_sitenote_note":"","_monsterinsights_sitenote_category":0},"categories":[4],"tags":[],"aioseo_notices":[],"gutentor_comment":0,"rttpg_featured_image_url":{"full":["https:\/\/arantv.az\/wp-content\/uploads\/2019\/05\/178660_qbd3jjf9pl.jpg",1000,668,false],"landscape":["https:\/\/arantv.az\/wp-content\/uploads\/2019\/05\/178660_qbd3jjf9pl.jpg",1000,668,false],"portraits":["https:\/\/arantv.az\/wp-content\/uploads\/2019\/05\/178660_qbd3jjf9pl.jpg",1000,668,false],"thumbnail":["https:\/\/arantv.az\/wp-content\/uploads\/2019\/05\/178660_qbd3jjf9pl-150x150.jpg",150,150,true],"medium":["https:\/\/arantv.az\/wp-content\/uploads\/2019\/05\/178660_qbd3jjf9pl-300x200.jpg",300,200,true],"large":["https:\/\/arantv.az\/wp-content\/uploads\/2019\/05\/178660_qbd3jjf9pl.jpg",640,428,false],"1536x1536":["https:\/\/arantv.az\/wp-content\/uploads\/2019\/05\/178660_qbd3jjf9pl.jpg",1000,668,false],"2048x2048":["https:\/\/arantv.az\/wp-content\/uploads\/2019\/05\/178660_qbd3jjf9pl.jpg",1000,668,false],"post-thumbnail":["https:\/\/arantv.az\/wp-content\/uploads\/2019\/05\/178660_qbd3jjf9pl-240x172.jpg",240,172,true],"advps-thumb-one":["https:\/\/arantv.az\/wp-content\/uploads\/2019\/05\/178660_qbd3jjf9pl-1000x620.jpg",1000,620,true]},"rttpg_author":{"display_name":"V\u00fcsal Rafiqo\u011flu","author_link":"https:\/\/arantv.az\/?author=2"},"rttpg_comment":0,"rttpg_category":"<a href=\"https:\/\/arantv.az\/?cat=4\" rel=\"category\">Siyas\u0259t<\/a>","rttpg_excerpt":"\u00c7im\u0259rlik m\u00f6vs\u00fcm\u00fcn\u00fcn a\u00e7\u0131l\u0131\u015f\u0131 il\u0259 \u0259laq\u0259dar, may\u0131n 30-da IDEA \u0130ctimai Birliyinin t\u0259\u015fkilat\u00e7\u0131l\u0131\u011f\u0131, Bin\u0259q\u0259di Rayon \u0130cra Hakimiyy\u0259tinin d\u0259st\u0259yi il\u0259 n\u00f6vb\u0259ti \u0259n\u0259n\u0259vi sahilyan\u0131 t\u0259mizlik aksiyas\u0131 ke\u00e7irilib. ARANTV.AZ\u00a0 x\u0259b\u0259r verir ki, Novxan\u0131 \u00e7im\u0259rliyind\u0259 t\u0259\u015fkil edil\u0259n aksiyaya Heyd\u0259r \u018fliyev Fondunun vitse-prezidenti, IDEA \u0130ctimai Birliyinin t\u0259sis\u00e7isi v\u0259 r\u0259hb\u0259ri Leyla \u018fliyeva v\u0259 100 n\u0259f\u0259r\u0259 yax\u0131n k\u00f6n\u00fcll\u00fc g\u0259nc qo\u015fulub. T\u0259dbirin \u0259sas m\u0259qs\u0259di d\u0259niz&hellip;","_links":{"self":[{"href":"https:\/\/arantv.az\/index.php?rest_route=\/wp\/v2\/posts\/62975"}],"collection":[{"href":"https:\/\/arantv.az\/index.php?rest_route=\/wp\/v2\/posts"}],"about":[{"href":"https:\/\/arantv.az\/index.php?rest_route=\/wp\/v2\/types\/post"}],"author":[{"embeddable":true,"href":"https:\/\/arantv.az\/index.php?rest_route=\/wp\/v2\/users\/2"}],"replies":[{"embeddable":true,"href":"https:\/\/arantv.az\/index.php?rest_route=%2Fwp%2Fv2%2Fcomments&post=62975"}],"version-history":[{"count":0,"href":"https:\/\/arantv.az\/index.php?rest_route=\/wp\/v2\/posts\/62975\/revisions"}],"wp:featuredmedia":[{"embeddable":true,"href":"https:\/\/arantv.az\/index.php?rest_route=\/wp\/v2\/media\/62976"}],"wp:attachment":[{"href":"https:\/\/arantv.az\/index.php?rest_route=%2Fwp%2Fv2%2Fmedia&parent=62975"}],"wp:term":[{"taxonomy":"category","embeddable":true,"href":"https:\/\/arantv.az\/index.php?rest_route=%2Fwp%2Fv2%2Fcategories&post=62975"},{"taxonomy":"post_tag","embeddable":true,"href":"https:\/\/arantv.az\/index.php?rest_route=%2Fwp%2Fv2%2Ftags&post=62975"}],"curies":[{"name":"wp","href":"https:\/\/api.w.org\/{rel}","templated":true}]}}