{"id":629859,"date":"2023-09-07T10:04:00","date_gmt":"2023-09-07T06:04:00","guid":{"rendered":"https:\/\/arantv.az\/?p=629859"},"modified":"2023-09-07T10:04:00","modified_gmt":"2023-09-07T06:04:00","slug":"heyd%c9%99r-%c9%99liyev-fondu-t%c9%99r%c9%99find%c9%99n-t%c9%99mir-olunan-m%c9%99kt%c9%99b-v%c9%99-bagcalar-istifad%c9%99y%c9%99-verilir","status":"publish","type":"post","link":"https:\/\/arantv.az\/?p=629859","title":{"rendered":"Heyd\u0259r \u018fliyev Fondu t\u0259r\u0259find\u0259n t\u0259mir olunan m\u0259kt\u0259b v\u0259 ba\u011f\u00e7alar istifad\u0259y\u0259 verilir"},"content":{"rendered":"<p>Yeni t\u0259dris ilind\u0259 Heyd\u0259r \u018fliyev Fondu t\u0259r\u0259find\u0259n \u0259sasl\u0131 t\u0259mir v\u0259 b\u0259rpa olunan, el\u0259c\u0259 d\u0259 yeni in\u015fa edil\u0259n 22 t\u0259hsil m\u00fc\u0259ssis\u0259si istifad\u0259y\u0259 veril\u0259c\u0259k.<\/p>\n<p>Bel\u0259 ki, 15 sentyabr &#8211; Bilik G\u00fcn\u00fc \u0259r\u0259f\u0259sind\u0259 19 m\u0259kt\u0259b v\u0259 \u00fc\u00e7 m\u0259kt\u0259b\u0259q\u0259d\u0259r m\u00fc\u0259ssis\u0259 Bak\u0131da v\u0259 regionlarda m\u00fc\u0259llim v\u0259 \u015fagirdl\u0259r\u0259 h\u0259diyy\u0259 edilmi\u015f olacaq.<\/p>\n<p>Bu t\u0259hsil ocaqlar\u0131n\u0131n m\u00f6vcud binalar\u0131 istismara yarars\u0131z oldu\u011fundan Heyd\u0259r \u018fliyev Fondu t\u0259r\u0259find\u0259n 17 orta m\u0259kt\u0259b v\u0259 iki ba\u011f\u00e7a \u00fc\u00e7\u00fcn yeni bina in\u015fa olunub, el\u0259c\u0259 d\u0259 \u00fc\u00e7\u00a0m\u0259kt\u0259b v\u0259 m\u0259kt\u0259b\u0259q\u0259d\u0259r m\u00fc\u0259ssis\u0259nin binas\u0131 \u0259sasl\u0131 t\u0259mir edilib.<\/p>\n<p>Bununla da Az\u0259rbaycan\u0131n Birinci vitse-prezidenti Mehriban \u018fliyevan\u0131n r\u0259hb\u0259rlik etdiyi Heyd\u0259r \u018fliyev Fondu d\u00f6vl\u0259tin t\u0259hsil sah\u0259sind\u0259 apard\u0131\u011f\u0131 siyas\u0259t\u0259 d\u0259st\u0259k g\u00f6st\u0259r\u0259r\u0259k g\u0259nc n\u0259slin daha bilikli yeti\u015fm\u0259sin\u0259 v\u0259 keyfiyy\u0259tli t\u0259hsil almalar\u0131na \u00f6z t\u00f6hf\u0259sini vermi\u015f olur.<\/p>\n<p>Heyd\u0259r \u018fliyev Fondu yarand\u0131\u011f\u0131 ilk g\u00fcnd\u0259n t\u0259hsil sah\u0259sind\u0259 m\u00fcxt\u0259lif layih\u0259 v\u0259 proqramlar h\u0259yata ke\u00e7irir. Fondun \u201cYenil\u0259\u015f\u0259n Az\u0259rbaycana yeni m\u0259kt\u0259b\u201d proqram\u0131n\u0131n \u0259sas m\u0259qs\u0259di t\u0259hsil sah\u0259sind\u0259 m\u00f6vcud olan probleml\u0259rin h\u0259llin\u0259 k\u00f6m\u0259k etm\u0259k, \u00f6lk\u0259 miqyas\u0131nda m\u00fcasir standartlara cavab ver\u0259n t\u0259hsil kompleksl\u0259ri yaratmaq, t\u0259drisin s\u0259viyy\u0259sin\u0259 bilavasit\u0259 t\u0259sir ed\u0259n probleml\u0259ri aradan qald\u0131rmaqd\u0131r. Fondun \u201cT\u0259hsil\u0259 d\u0259st\u0259k\u201d proqram\u0131 \u00e7\u0259r\u00e7iv\u0259sind\u0259 is\u0259 t\u0259drisin keyfiyy\u0259tini y\u00fcks\u0259ltm\u0259k m\u0259qs\u0259di il\u0259 t\u0259hsil m\u00fc\u0259ssis\u0259l\u0259ri \u0259yani v\u0259saitl\u0259rl\u0259 t\u0259min olunur.<\/p>\n","protected":false},"excerpt":{"rendered":"<p>Yeni t\u0259dris ilind\u0259 Heyd\u0259r \u018fliyev Fondu t\u0259r\u0259find\u0259n \u0259sasl\u0131 t\u0259mir v\u0259 b\u0259rpa olunan, el\u0259c\u0259 d\u0259 yeni in\u015fa edil\u0259n 22 t\u0259hsil m\u00fc\u0259ssis\u0259si istifad\u0259y\u0259 veril\u0259c\u0259k. Bel\u0259 ki, 15 sentyabr &#8211; Bilik G\u00fcn\u00fc \u0259r\u0259f\u0259sind\u0259 19 m\u0259kt\u0259b v\u0259 \u00fc\u00e7 m\u0259kt\u0259b\u0259q\u0259d\u0259r m\u00fc\u0259ssis\u0259 Bak\u0131da v\u0259 regionlarda m\u00fc\u0259llim v\u0259 \u015fagirdl\u0259r\u0259 h\u0259diyy\u0259 edilmi\u015f olacaq. Bu t\u0259hsil ocaqlar\u0131n\u0131n m\u00f6vcud binalar\u0131 istismara yarars\u0131z oldu\u011fundan Heyd\u0259r \u018fliyev Fondu t\u0259r\u0259find\u0259n 17 orta m\u0259kt\u0259b v\u0259 iki ba\u011f\u00e7a \u00fc\u00e7\u00fcn yeni bina in\u015fa olunub, el\u0259c\u0259 d\u0259 \u00fc\u00e7\u00a0m\u0259kt\u0259b v\u0259 m\u0259kt\u0259b\u0259q\u0259d\u0259r m\u00fc\u0259ssis\u0259nin binas\u0131 \u0259sasl\u0131 t\u0259mir edilib. Bununla da Az\u0259rbaycan\u0131n Birinci vitse-prezidenti Mehriban \u018fliyevan\u0131n r\u0259hb\u0259rlik etdiyi Heyd\u0259r \u018fliyev Fondu&hellip;<\/p>\n","protected":false},"author":2,"featured_media":629861,"comment_status":"closed","ping_status":"closed","sticky":false,"template":"","format":"standard","meta":{"om_disable_all_campaigns":false,"_monsterinsights_skip_tracking":false,"_monsterinsights_sitenote_active":false,"_monsterinsights_sitenote_note":"","_monsterinsights_sitenote_category":0},"categories":[4],"tags":[],"aioseo_notices":[],"gutentor_comment":0,"rttpg_featured_image_url":{"full":["https:\/\/arantv.az\/wp-content\/uploads\/2023\/09\/FotoJet-3-4.jpg",620,413,false],"landscape":["https:\/\/arantv.az\/wp-content\/uploads\/2023\/09\/FotoJet-3-4.jpg",620,413,false],"portraits":["https:\/\/arantv.az\/wp-content\/uploads\/2023\/09\/FotoJet-3-4.jpg",620,413,false],"thumbnail":["https:\/\/arantv.az\/wp-content\/uploads\/2023\/09\/FotoJet-3-4-500x280.jpg",500,280,true],"medium":["https:\/\/arantv.az\/wp-content\/uploads\/2023\/09\/FotoJet-3-4-548x365.jpg",548,365,true],"large":["https:\/\/arantv.az\/wp-content\/uploads\/2023\/09\/FotoJet-3-4.jpg",620,413,false],"1536x1536":["https:\/\/arantv.az\/wp-content\/uploads\/2023\/09\/FotoJet-3-4.jpg",620,413,false],"2048x2048":["https:\/\/arantv.az\/wp-content\/uploads\/2023\/09\/FotoJet-3-4.jpg",620,413,false],"post-thumbnail":["https:\/\/arantv.az\/wp-content\/uploads\/2023\/09\/FotoJet-3-4-240x172.jpg",240,172,true],"advps-thumb-one":["https:\/\/arantv.az\/wp-content\/uploads\/2023\/09\/FotoJet-3-4.jpg",620,413,false]},"rttpg_author":{"display_name":"V\u00fcsal Rafiqo\u011flu","author_link":"https:\/\/arantv.az\/?author=2"},"rttpg_comment":0,"rttpg_category":"<a href=\"https:\/\/arantv.az\/?cat=4\" rel=\"category\">Siyas\u0259t<\/a>","rttpg_excerpt":"Yeni t\u0259dris ilind\u0259 Heyd\u0259r \u018fliyev Fondu t\u0259r\u0259find\u0259n \u0259sasl\u0131 t\u0259mir v\u0259 b\u0259rpa olunan, el\u0259c\u0259 d\u0259 yeni in\u015fa edil\u0259n 22 t\u0259hsil m\u00fc\u0259ssis\u0259si istifad\u0259y\u0259 veril\u0259c\u0259k. Bel\u0259 ki, 15 sentyabr &#8211; Bilik G\u00fcn\u00fc \u0259r\u0259f\u0259sind\u0259 19 m\u0259kt\u0259b v\u0259 \u00fc\u00e7 m\u0259kt\u0259b\u0259q\u0259d\u0259r m\u00fc\u0259ssis\u0259 Bak\u0131da v\u0259 regionlarda m\u00fc\u0259llim v\u0259 \u015fagirdl\u0259r\u0259 h\u0259diyy\u0259 edilmi\u015f olacaq. Bu t\u0259hsil ocaqlar\u0131n\u0131n m\u00f6vcud binalar\u0131 istismara yarars\u0131z oldu\u011fundan Heyd\u0259r \u018fliyev&hellip;","_links":{"self":[{"href":"https:\/\/arantv.az\/index.php?rest_route=\/wp\/v2\/posts\/629859"}],"collection":[{"href":"https:\/\/arantv.az\/index.php?rest_route=\/wp\/v2\/posts"}],"about":[{"href":"https:\/\/arantv.az\/index.php?rest_route=\/wp\/v2\/types\/post"}],"author":[{"embeddable":true,"href":"https:\/\/arantv.az\/index.php?rest_route=\/wp\/v2\/users\/2"}],"replies":[{"embeddable":true,"href":"https:\/\/arantv.az\/index.php?rest_route=%2Fwp%2Fv2%2Fcomments&post=629859"}],"version-history":[{"count":0,"href":"https:\/\/arantv.az\/index.php?rest_route=\/wp\/v2\/posts\/629859\/revisions"}],"wp:featuredmedia":[{"embeddable":true,"href":"https:\/\/arantv.az\/index.php?rest_route=\/wp\/v2\/media\/629861"}],"wp:attachment":[{"href":"https:\/\/arantv.az\/index.php?rest_route=%2Fwp%2Fv2%2Fmedia&parent=629859"}],"wp:term":[{"taxonomy":"category","embeddable":true,"href":"https:\/\/arantv.az\/index.php?rest_route=%2Fwp%2Fv2%2Fcategories&post=629859"},{"taxonomy":"post_tag","embeddable":true,"href":"https:\/\/arantv.az\/index.php?rest_route=%2Fwp%2Fv2%2Ftags&post=629859"}],"curies":[{"name":"wp","href":"https:\/\/api.w.org\/{rel}","templated":true}]}}