{"id":629863,"date":"2023-09-07T10:06:20","date_gmt":"2023-09-07T06:06:20","guid":{"rendered":"https:\/\/arantv.az\/?p=629863"},"modified":"2023-09-07T10:06:20","modified_gmt":"2023-09-07T06:06:20","slug":"rusiyali-general-rusv%c9%99txorluq-ittihami-il%c9%99-h%c9%99bs-edilib","status":"publish","type":"post","link":"https:\/\/arantv.az\/?p=629863","title":{"rendered":"Rusiyal\u0131 general r\u00fc\u015fv\u0259txorluq ittiham\u0131 il\u0259 h\u0259bs edilib"},"content":{"rendered":"<p>Moskva Qarnizonu H\u0259rbi M\u0259hk\u0259m\u0259si son vaxtlara q\u0259d\u0259r 1-ci X\u00fcsusi T\u0259yinatl\u0131 Hava v\u0259 Raket H\u00fccumundan M\u00fcdafi\u0259 Ordusunun komandiri v\u0259zif\u0259sini tutan general-mayor Konstantin Ogiyenkonu r\u00fc\u015fv\u0259txorluq ittiham\u0131 il\u0259 h\u0259bs edib.<\/p>\n<p>Bu bar\u0259d\u0259 Rusiya m\u0259tbuat\u0131 x\u0259b\u0259r verir.<\/p>\n<p>\u0130stintaq iddia edir ki, 4-c\u00fc hava h\u00fccumundan m\u00fcdafi\u0259 diviziyas\u0131n\u0131n komandiri general-mayor Dmitri Belyatski K.Ogiyenkonun tap\u015f\u0131r\u0131\u011f\u0131 il\u0259 ordunun balans\u0131nda olan torpaqlar\u0131 m\u00fclki t\u0259\u015fkilata satma\u011fa haz\u0131rla\u015f\u0131b.<\/p>\n<p>Bunun m\u00fcqabilind\u0259 h\u0259rb\u00e7il\u0259r 30 milyon rubl qazanma\u011f\u0131 (t\u0259xmin\u0259n 519 000 manat) n\u0259z\u0259rd\u0259 tutublar.<\/p>\n<div id=\"22889818619\"><\/div>\n<p>\u0130stintaqda D.Belyatski t\u0259qsirini qism\u0259n boynuna al\u0131b. M\u0259hz ondan m\u00fcst\u0259ntiql\u0259r pulun son \u00e7ataca\u011f\u0131 \u00fcnvan\u0131n K.Ogiyenko oldu\u011funu \u00f6yr\u0259nibl\u0259r.<\/p>\n<p>\u018fg\u0259r m\u0259hk\u0259m\u0259 m\u00fcst\u0259ntiql\u0259rin t\u0259qdim etdiyi s\u00fcbutlar\u0131n \u0259sasl\u0131 oldu\u011funu t\u0259sdiq ed\u0259rs\u0259, Konstantin Ogiyenkonu 8 ild\u0259n 15 il\u0259 q\u0259d\u0259r h\u0259bs g\u00f6zl\u0259yir.<\/p>\n<p>M\u0259nb\u0259: Kommersant<\/p>\n","protected":false},"excerpt":{"rendered":"<p>Moskva Qarnizonu H\u0259rbi M\u0259hk\u0259m\u0259si son vaxtlara q\u0259d\u0259r 1-ci X\u00fcsusi T\u0259yinatl\u0131 Hava v\u0259 Raket H\u00fccumundan M\u00fcdafi\u0259 Ordusunun komandiri v\u0259zif\u0259sini tutan general-mayor Konstantin Ogiyenkonu r\u00fc\u015fv\u0259txorluq ittiham\u0131 il\u0259 h\u0259bs edib. Bu bar\u0259d\u0259 Rusiya m\u0259tbuat\u0131 x\u0259b\u0259r verir. \u0130stintaq iddia edir ki, 4-c\u00fc hava h\u00fccumundan m\u00fcdafi\u0259 diviziyas\u0131n\u0131n komandiri general-mayor Dmitri Belyatski K.Ogiyenkonun tap\u015f\u0131r\u0131\u011f\u0131 il\u0259 ordunun balans\u0131nda olan torpaqlar\u0131 m\u00fclki t\u0259\u015fkilata satma\u011fa haz\u0131rla\u015f\u0131b. Bunun m\u00fcqabilind\u0259 h\u0259rb\u00e7il\u0259r 30 milyon rubl qazanma\u011f\u0131 (t\u0259xmin\u0259n 519 000 manat) n\u0259z\u0259rd\u0259 tutublar. \u0130stintaqda D.Belyatski t\u0259qsirini qism\u0259n boynuna al\u0131b. M\u0259hz ondan m\u00fcst\u0259ntiql\u0259r pulun son \u00e7ataca\u011f\u0131 \u00fcnvan\u0131n K.Ogiyenko oldu\u011funu \u00f6yr\u0259nibl\u0259r. \u018fg\u0259r m\u0259hk\u0259m\u0259 m\u00fcst\u0259ntiql\u0259rin t\u0259qdim&hellip;<\/p>\n","protected":false},"author":2,"featured_media":629864,"comment_status":"closed","ping_status":"closed","sticky":false,"template":"","format":"standard","meta":{"om_disable_all_campaigns":false,"_monsterinsights_skip_tracking":false,"_monsterinsights_sitenote_active":false,"_monsterinsights_sitenote_note":"","_monsterinsights_sitenote_category":0},"categories":[7],"tags":[],"aioseo_notices":[],"gutentor_comment":0,"rttpg_featured_image_url":{"full":["https:\/\/arantv.az\/wp-content\/uploads\/2023\/09\/FotoJet-25.jpg",620,413,false],"landscape":["https:\/\/arantv.az\/wp-content\/uploads\/2023\/09\/FotoJet-25.jpg",620,413,false],"portraits":["https:\/\/arantv.az\/wp-content\/uploads\/2023\/09\/FotoJet-25.jpg",620,413,false],"thumbnail":["https:\/\/arantv.az\/wp-content\/uploads\/2023\/09\/FotoJet-25-500x280.jpg",500,280,true],"medium":["https:\/\/arantv.az\/wp-content\/uploads\/2023\/09\/FotoJet-25-548x365.jpg",548,365,true],"large":["https:\/\/arantv.az\/wp-content\/uploads\/2023\/09\/FotoJet-25.jpg",620,413,false],"1536x1536":["https:\/\/arantv.az\/wp-content\/uploads\/2023\/09\/FotoJet-25.jpg",620,413,false],"2048x2048":["https:\/\/arantv.az\/wp-content\/uploads\/2023\/09\/FotoJet-25.jpg",620,413,false],"post-thumbnail":["https:\/\/arantv.az\/wp-content\/uploads\/2023\/09\/FotoJet-25-240x172.jpg",240,172,true],"advps-thumb-one":["https:\/\/arantv.az\/wp-content\/uploads\/2023\/09\/FotoJet-25.jpg",620,413,false]},"rttpg_author":{"display_name":"V\u00fcsal Rafiqo\u011flu","author_link":"https:\/\/arantv.az\/?author=2"},"rttpg_comment":0,"rttpg_category":"<a href=\"https:\/\/arantv.az\/?cat=7\" rel=\"category\">D\u00fcnya<\/a>","rttpg_excerpt":"Moskva Qarnizonu H\u0259rbi M\u0259hk\u0259m\u0259si son vaxtlara q\u0259d\u0259r 1-ci X\u00fcsusi T\u0259yinatl\u0131 Hava v\u0259 Raket H\u00fccumundan M\u00fcdafi\u0259 Ordusunun komandiri v\u0259zif\u0259sini tutan general-mayor Konstantin Ogiyenkonu r\u00fc\u015fv\u0259txorluq ittiham\u0131 il\u0259 h\u0259bs edib. Bu bar\u0259d\u0259 Rusiya m\u0259tbuat\u0131 x\u0259b\u0259r verir. \u0130stintaq iddia edir ki, 4-c\u00fc hava h\u00fccumundan m\u00fcdafi\u0259 diviziyas\u0131n\u0131n komandiri general-mayor Dmitri Belyatski K.Ogiyenkonun tap\u015f\u0131r\u0131\u011f\u0131 il\u0259 ordunun balans\u0131nda olan torpaqlar\u0131 m\u00fclki t\u0259\u015fkilata&hellip;","_links":{"self":[{"href":"https:\/\/arantv.az\/index.php?rest_route=\/wp\/v2\/posts\/629863"}],"collection":[{"href":"https:\/\/arantv.az\/index.php?rest_route=\/wp\/v2\/posts"}],"about":[{"href":"https:\/\/arantv.az\/index.php?rest_route=\/wp\/v2\/types\/post"}],"author":[{"embeddable":true,"href":"https:\/\/arantv.az\/index.php?rest_route=\/wp\/v2\/users\/2"}],"replies":[{"embeddable":true,"href":"https:\/\/arantv.az\/index.php?rest_route=%2Fwp%2Fv2%2Fcomments&post=629863"}],"version-history":[{"count":0,"href":"https:\/\/arantv.az\/index.php?rest_route=\/wp\/v2\/posts\/629863\/revisions"}],"wp:featuredmedia":[{"embeddable":true,"href":"https:\/\/arantv.az\/index.php?rest_route=\/wp\/v2\/media\/629864"}],"wp:attachment":[{"href":"https:\/\/arantv.az\/index.php?rest_route=%2Fwp%2Fv2%2Fmedia&parent=629863"}],"wp:term":[{"taxonomy":"category","embeddable":true,"href":"https:\/\/arantv.az\/index.php?rest_route=%2Fwp%2Fv2%2Fcategories&post=629863"},{"taxonomy":"post_tag","embeddable":true,"href":"https:\/\/arantv.az\/index.php?rest_route=%2Fwp%2Fv2%2Ftags&post=629863"}],"curies":[{"name":"wp","href":"https:\/\/api.w.org\/{rel}","templated":true}]}}