{"id":629867,"date":"2023-09-07T10:08:08","date_gmt":"2023-09-07T06:08:08","guid":{"rendered":"https:\/\/arantv.az\/?p=629867"},"modified":"2023-09-07T10:08:08","modified_gmt":"2023-09-07T06:08:08","slug":"butun-nov-muavin%c9%99tl%c9%99r-bu-tarixd%c9%99-od%c9%99nil%c9%99c%c9%99k","status":"publish","type":"post","link":"https:\/\/arantv.az\/?p=629867","title":{"rendered":"B\u00fct\u00fcn n\u00f6v m\u00fcavin\u0259tl\u0259r bu tarixd\u0259 \u00d6D\u018fN\u0130L\u018fC\u018fK"},"content":{"rendered":"<p><strong>Az\u0259rbaycanda \u0259haliy\u0259 \u00f6d\u0259nil\u0259n pensiya v\u0259 m\u00fcavin\u0259tl\u0259rin tarixi a\u00e7\u0131qlan\u0131b.<\/strong><\/p>\n<p><b>ARANTV.AZ <\/b>x\u0259b\u0259r verir ki, sabah &#8211; sentyabr\u0131n 8-d\u0259 Bak\u0131 v\u0259 Sumqay\u0131t \u015f\u0259h\u0259rl\u0259ri, el\u0259c\u0259 d\u0259 Ab\u015feron rayonu \u00fczr\u0259 pensiyalar\u0131n \u00f6d\u0259nil\u0259c\u0259k.<\/p>\n<p>B\u00f6lg\u0259l\u0259r \u00fczr\u0259 \u0259m\u0259k pensiyalar\u0131n\u0131n \u00f6d\u0259nilm\u0259si 15 sentyabr tarixind\u0259 n\u0259z\u0259rd\u0259 tutulub.<\/p>\n<p>Sosial m\u00fcavin\u0259tl\u0259r\u0259 g\u0259linc\u0259, bu \u00f6d\u0259ni\u015fl\u0259rin \u00f6d\u0259nilm\u0259si 26 sentyabr tarixind\u0259 n\u0259z\u0259rd\u0259 tutulub.<\/p>\n","protected":false},"excerpt":{"rendered":"<p>Az\u0259rbaycanda \u0259haliy\u0259 \u00f6d\u0259nil\u0259n pensiya v\u0259 m\u00fcavin\u0259tl\u0259rin tarixi a\u00e7\u0131qlan\u0131b. ARANTV.AZ x\u0259b\u0259r verir ki, sabah &#8211; sentyabr\u0131n 8-d\u0259 Bak\u0131 v\u0259 Sumqay\u0131t \u015f\u0259h\u0259rl\u0259ri, el\u0259c\u0259 d\u0259 Ab\u015feron rayonu \u00fczr\u0259 pensiyalar\u0131n \u00f6d\u0259nil\u0259c\u0259k. B\u00f6lg\u0259l\u0259r \u00fczr\u0259 \u0259m\u0259k pensiyalar\u0131n\u0131n \u00f6d\u0259nilm\u0259si 15 sentyabr tarixind\u0259 n\u0259z\u0259rd\u0259 tutulub. Sosial m\u00fcavin\u0259tl\u0259r\u0259 g\u0259linc\u0259, bu \u00f6d\u0259ni\u015fl\u0259rin \u00f6d\u0259nilm\u0259si 26 sentyabr tarixind\u0259 n\u0259z\u0259rd\u0259 tutulub.<\/p>\n","protected":false},"author":2,"featured_media":629869,"comment_status":"closed","ping_status":"closed","sticky":false,"template":"","format":"standard","meta":{"om_disable_all_campaigns":false,"_monsterinsights_skip_tracking":false,"_monsterinsights_sitenote_active":false,"_monsterinsights_sitenote_note":"","_monsterinsights_sitenote_category":0},"categories":[26],"tags":[],"aioseo_notices":[],"gutentor_comment":0,"rttpg_featured_image_url":{"full":["https:\/\/arantv.az\/wp-content\/uploads\/2023\/09\/c5ade1cdf0f7b09dd80c6c33a3f0ff9e.jpg",734,488,false],"landscape":["https:\/\/arantv.az\/wp-content\/uploads\/2023\/09\/c5ade1cdf0f7b09dd80c6c33a3f0ff9e.jpg",734,488,false],"portraits":["https:\/\/arantv.az\/wp-content\/uploads\/2023\/09\/c5ade1cdf0f7b09dd80c6c33a3f0ff9e.jpg",734,488,false],"thumbnail":["https:\/\/arantv.az\/wp-content\/uploads\/2023\/09\/c5ade1cdf0f7b09dd80c6c33a3f0ff9e-500x280.jpg",500,280,true],"medium":["https:\/\/arantv.az\/wp-content\/uploads\/2023\/09\/c5ade1cdf0f7b09dd80c6c33a3f0ff9e-549x365.jpg",549,365,true],"large":["https:\/\/arantv.az\/wp-content\/uploads\/2023\/09\/c5ade1cdf0f7b09dd80c6c33a3f0ff9e.jpg",640,426,false],"1536x1536":["https:\/\/arantv.az\/wp-content\/uploads\/2023\/09\/c5ade1cdf0f7b09dd80c6c33a3f0ff9e.jpg",734,488,false],"2048x2048":["https:\/\/arantv.az\/wp-content\/uploads\/2023\/09\/c5ade1cdf0f7b09dd80c6c33a3f0ff9e.jpg",734,488,false],"post-thumbnail":["https:\/\/arantv.az\/wp-content\/uploads\/2023\/09\/c5ade1cdf0f7b09dd80c6c33a3f0ff9e-240x172.jpg",240,172,true],"advps-thumb-one":["https:\/\/arantv.az\/wp-content\/uploads\/2023\/09\/c5ade1cdf0f7b09dd80c6c33a3f0ff9e.jpg",734,488,false]},"rttpg_author":{"display_name":"V\u00fcsal Rafiqo\u011flu","author_link":"https:\/\/arantv.az\/?author=2"},"rttpg_comment":0,"rttpg_category":"<a href=\"https:\/\/arantv.az\/?cat=26\" rel=\"category\">Sosial<\/a>","rttpg_excerpt":"Az\u0259rbaycanda \u0259haliy\u0259 \u00f6d\u0259nil\u0259n pensiya v\u0259 m\u00fcavin\u0259tl\u0259rin tarixi a\u00e7\u0131qlan\u0131b. ARANTV.AZ x\u0259b\u0259r verir ki, sabah &#8211; sentyabr\u0131n 8-d\u0259 Bak\u0131 v\u0259 Sumqay\u0131t \u015f\u0259h\u0259rl\u0259ri, el\u0259c\u0259 d\u0259 Ab\u015feron rayonu \u00fczr\u0259 pensiyalar\u0131n \u00f6d\u0259nil\u0259c\u0259k. B\u00f6lg\u0259l\u0259r \u00fczr\u0259 \u0259m\u0259k pensiyalar\u0131n\u0131n \u00f6d\u0259nilm\u0259si 15 sentyabr tarixind\u0259 n\u0259z\u0259rd\u0259 tutulub. Sosial m\u00fcavin\u0259tl\u0259r\u0259 g\u0259linc\u0259, bu \u00f6d\u0259ni\u015fl\u0259rin \u00f6d\u0259nilm\u0259si 26 sentyabr tarixind\u0259 n\u0259z\u0259rd\u0259 tutulub.","_links":{"self":[{"href":"https:\/\/arantv.az\/index.php?rest_route=\/wp\/v2\/posts\/629867"}],"collection":[{"href":"https:\/\/arantv.az\/index.php?rest_route=\/wp\/v2\/posts"}],"about":[{"href":"https:\/\/arantv.az\/index.php?rest_route=\/wp\/v2\/types\/post"}],"author":[{"embeddable":true,"href":"https:\/\/arantv.az\/index.php?rest_route=\/wp\/v2\/users\/2"}],"replies":[{"embeddable":true,"href":"https:\/\/arantv.az\/index.php?rest_route=%2Fwp%2Fv2%2Fcomments&post=629867"}],"version-history":[{"count":0,"href":"https:\/\/arantv.az\/index.php?rest_route=\/wp\/v2\/posts\/629867\/revisions"}],"wp:featuredmedia":[{"embeddable":true,"href":"https:\/\/arantv.az\/index.php?rest_route=\/wp\/v2\/media\/629869"}],"wp:attachment":[{"href":"https:\/\/arantv.az\/index.php?rest_route=%2Fwp%2Fv2%2Fmedia&parent=629867"}],"wp:term":[{"taxonomy":"category","embeddable":true,"href":"https:\/\/arantv.az\/index.php?rest_route=%2Fwp%2Fv2%2Fcategories&post=629867"},{"taxonomy":"post_tag","embeddable":true,"href":"https:\/\/arantv.az\/index.php?rest_route=%2Fwp%2Fv2%2Ftags&post=629867"}],"curies":[{"name":"wp","href":"https:\/\/api.w.org\/{rel}","templated":true}]}}