{"id":629879,"date":"2023-09-07T10:13:27","date_gmt":"2023-09-07T06:13:27","guid":{"rendered":"https:\/\/arantv.az\/?p=629879"},"modified":"2023-09-07T10:13:27","modified_gmt":"2023-09-07T06:13:27","slug":"sosial-qorxu-n%c9%99dir-sosial-fobiya","status":"publish","type":"post","link":"https:\/\/arantv.az\/?p=629879","title":{"rendered":"Sosial qorxu n\u0259dir? Sosial fobiya"},"content":{"rendered":"<p>Sosial fobiya insan\u0131n sosial v\u0259ziyy\u0259tl\u0259r\u0259 qar\u015f\u0131 olan qorxu duy\u011fusunun olmas\u0131d\u0131r. Bu qorxu il\u0259 ya\u015fayan insanlar \u0259trafdak\u0131lar t\u0259r\u0259find\u0259n olan bax\u0131\u015flardan, s\u00f6z-s\u00f6hb\u0259tl\u0259rd\u0259n, qeyb\u0259tl\u0259rd\u0259n qorxur v\u0259 uzaq durma\u011fa \u00e7al\u0131\u015f\u0131rlar.<\/p>\n<p>Sosial fobiyas\u0131 olan insanlar \u0259trafdak\u0131lar\u0131n yan\u0131nda utanmaq hissind\u0259n qorxduqlar\u0131 \u00fc\u00e7\u00fcn insanlaradan uzaq qa\u00e7\u0131rlar. \u00c7\u00fcnki onlar qorxunun sonunun daha da pis olaca\u011f\u0131n\u0131 d\u00fc\u015f\u00fcn\u00fcrl\u0259r.<\/p>\n<p>Bel\u0259 insanlar b\u0259z\u0259n adi bir i\u015fd\u0259n \u00f6tr\u00fc h\u0259ft\u0259l\u0259rl\u0259, aylarla qorxu i\u00e7\u0259risind\u0259 ya\u015fay\u0131rlar. Bu c\u00fcr insanlar \u00f6z qorxular\u0131n\u0131n \u0259h\u0259miyy\u0259tsiz oldu\u011funu d\u00fc\u015f\u00fcns\u0259l\u0259r d\u0259 bu fikird\u0259n \u00f6zl\u0259rini uzaqla\u015fd\u0131ra bilmirl\u0259r. Bu c\u00fcr qorxu il\u0259 ya\u015famaq h\u0259min insanlar\u0131 m\u0259kt\u0259bd\u0259n, i\u015fd\u0259n, \u00e7evr\u0259d\u0259n, c\u0259miyy\u0259t\u0259 qaynay\u0131b-qar\u0131\u015fmaqdan uzaqla\u015fd\u0131r\u0131r.<\/p>\n<p>Sosial fobiyas\u0131 olan insanlar a\u015fa\u011f\u0131dak\u0131lardan uzaq durma\u011fa \u00e7al\u0131\u015f\u0131rlar:<\/p>\n<p>* ba\u015fqalar\u0131n\u0131n qar\u015f\u0131s\u0131nda yem\u0259k v\u0259 ya i\u00e7ki i\u00e7m\u0259k<\/p>\n<p>* ba\u015fqalar\u0131n\u0131n qar\u015f\u0131s\u0131nda yazmaq v\u0259 ya oxumaq<\/p>\n<p>* diqq\u0259tini toplamaq<\/p>\n<p>* yeni adamlarla g\u00f6r\u00fc\u015fm\u0259k<\/p>\n<p>* y\u0131\u011f\u0131ncaqlara getm\u0259k<\/p>\n<p>* iclaslarda \u00e7\u0131x\u0131\u015f etm\u0259k<\/p>\n<p>* \u00fcmumi tualetd\u0259n istifad\u0259 etm\u0259k<\/p>\n<p>* telefonda s\u00f6hb\u0259t el\u0259m\u0259k<\/p>\n<p>Sosial fobiyas\u0131 olan insanlarda panikaya d\u00fc\u015fm\u0259k,depressiya v\u0259 dig\u0259r diqq\u0259t poz\u011funluqlar\u0131 m\u00fc\u015fahid\u0259 edilir. Bel\u0259 insanlar xasiyy\u0259tl\u0259rind\u0259n dolay\u0131 i\u015fl\u0259rinin d\u00fcz getm\u0259diyini bils\u0259 d\u0259 \u00f6z\u00fcn\u00fc \u0259l\u0259 ala bilmir.<\/p>\n<p>Sosial fobiyas\u0131 olan insanlarda a\u015fa\u011f\u0131dak\u0131 \u0259lam\u0259tl\u0259r \u00f6z\u00fcn\u00fc b\u00fcruz\u0259 ver\u0259 bilir:<\/p>\n<p>* sosial v\u0259ziyy\u0259tl\u0259rd\u0259n uzaqla\u015fma<\/p>\n<p>* bel\u0259 hallarda qar\u015f\u0131 \u00e7\u0131xma<\/p>\n<p>* diqq\u0259tsizlik, \u00fcr\u0259k s\u0131x\u0131nt\u0131s\u0131, titr\u0259tm\u0259<\/p>\n<p>* m\u0259d\u0259 tur\u015fulu\u011funun artmas\u0131<\/p>\n<p>* ba\u011f\u0131rsaq probleml\u0259ri<\/p>\n<p>\u0130nsanlarda sosial qorxunun ba\u015f verm\u0259sinin s\u0259b\u0259bl\u0259ri bioloji, psixoloji v\u0259 \u0259traf m\u00fchitd\u0259n (s\u00f6z-s\u00f6hb\u0259td\u0259n, qeyb\u0259td\u0259n) qorxmad\u0131r.<\/p>\n<p>Sosial fobiya x\u0259st\u0259lik hesab edilmir, amma onun m\u00fcalic\u0259si psixoloqlar t\u0259r\u0259find\u0259n apar\u0131l\u0131r.\/milli.az<\/p>\n","protected":false},"excerpt":{"rendered":"<p>Sosial fobiya insan\u0131n sosial v\u0259ziyy\u0259tl\u0259r\u0259 qar\u015f\u0131 olan qorxu duy\u011fusunun olmas\u0131d\u0131r. Bu qorxu il\u0259 ya\u015fayan insanlar \u0259trafdak\u0131lar t\u0259r\u0259find\u0259n olan bax\u0131\u015flardan, s\u00f6z-s\u00f6hb\u0259tl\u0259rd\u0259n, qeyb\u0259tl\u0259rd\u0259n qorxur v\u0259 uzaq durma\u011fa \u00e7al\u0131\u015f\u0131rlar. Sosial fobiyas\u0131 olan insanlar \u0259trafdak\u0131lar\u0131n yan\u0131nda utanmaq hissind\u0259n qorxduqlar\u0131 \u00fc\u00e7\u00fcn insanlaradan uzaq qa\u00e7\u0131rlar. \u00c7\u00fcnki onlar qorxunun sonunun daha da pis olaca\u011f\u0131n\u0131 d\u00fc\u015f\u00fcn\u00fcrl\u0259r. Bel\u0259 insanlar b\u0259z\u0259n adi bir i\u015fd\u0259n \u00f6tr\u00fc h\u0259ft\u0259l\u0259rl\u0259, aylarla qorxu i\u00e7\u0259risind\u0259 ya\u015fay\u0131rlar. Bu c\u00fcr insanlar \u00f6z qorxular\u0131n\u0131n \u0259h\u0259miyy\u0259tsiz oldu\u011funu d\u00fc\u015f\u00fcns\u0259l\u0259r d\u0259 bu fikird\u0259n \u00f6zl\u0259rini uzaqla\u015fd\u0131ra bilmirl\u0259r. Bu c\u00fcr qorxu il\u0259 ya\u015famaq h\u0259min insanlar\u0131 m\u0259kt\u0259bd\u0259n, i\u015fd\u0259n, \u00e7evr\u0259d\u0259n, c\u0259miyy\u0259t\u0259 qaynay\u0131b-qar\u0131\u015fmaqdan uzaqla\u015fd\u0131r\u0131r. Sosial fobiyas\u0131 olan&hellip;<\/p>\n","protected":false},"author":2,"featured_media":629882,"comment_status":"closed","ping_status":"closed","sticky":false,"template":"","format":"standard","meta":{"om_disable_all_campaigns":false,"_monsterinsights_skip_tracking":false,"_monsterinsights_sitenote_active":false,"_monsterinsights_sitenote_note":"","_monsterinsights_sitenote_category":0},"categories":[1],"tags":[],"aioseo_notices":[],"gutentor_comment":0,"rttpg_featured_image_url":{"full":["https:\/\/arantv.az\/wp-content\/uploads\/2023\/09\/sosial_fobiya.jpg",640,400,false],"landscape":["https:\/\/arantv.az\/wp-content\/uploads\/2023\/09\/sosial_fobiya.jpg",640,400,false],"portraits":["https:\/\/arantv.az\/wp-content\/uploads\/2023\/09\/sosial_fobiya.jpg",640,400,false],"thumbnail":["https:\/\/arantv.az\/wp-content\/uploads\/2023\/09\/sosial_fobiya-500x280.jpg",500,280,true],"medium":["https:\/\/arantv.az\/wp-content\/uploads\/2023\/09\/sosial_fobiya-584x365.jpg",584,365,true],"large":["https:\/\/arantv.az\/wp-content\/uploads\/2023\/09\/sosial_fobiya.jpg",640,400,false],"1536x1536":["https:\/\/arantv.az\/wp-content\/uploads\/2023\/09\/sosial_fobiya.jpg",640,400,false],"2048x2048":["https:\/\/arantv.az\/wp-content\/uploads\/2023\/09\/sosial_fobiya.jpg",640,400,false],"post-thumbnail":["https:\/\/arantv.az\/wp-content\/uploads\/2023\/09\/sosial_fobiya-240x172.jpg",240,172,true],"advps-thumb-one":["https:\/\/arantv.az\/wp-content\/uploads\/2023\/09\/sosial_fobiya.jpg",640,400,false]},"rttpg_author":{"display_name":"V\u00fcsal Rafiqo\u011flu","author_link":"https:\/\/arantv.az\/?author=2"},"rttpg_comment":0,"rttpg_category":"<a href=\"https:\/\/arantv.az\/?cat=1\" rel=\"category\">C\u0259miyy\u0259t<\/a>","rttpg_excerpt":"Sosial fobiya insan\u0131n sosial v\u0259ziyy\u0259tl\u0259r\u0259 qar\u015f\u0131 olan qorxu duy\u011fusunun olmas\u0131d\u0131r. Bu qorxu il\u0259 ya\u015fayan insanlar \u0259trafdak\u0131lar t\u0259r\u0259find\u0259n olan bax\u0131\u015flardan, s\u00f6z-s\u00f6hb\u0259tl\u0259rd\u0259n, qeyb\u0259tl\u0259rd\u0259n qorxur v\u0259 uzaq durma\u011fa \u00e7al\u0131\u015f\u0131rlar. Sosial fobiyas\u0131 olan insanlar \u0259trafdak\u0131lar\u0131n yan\u0131nda utanmaq hissind\u0259n qorxduqlar\u0131 \u00fc\u00e7\u00fcn insanlaradan uzaq qa\u00e7\u0131rlar. \u00c7\u00fcnki onlar qorxunun sonunun daha da pis olaca\u011f\u0131n\u0131 d\u00fc\u015f\u00fcn\u00fcrl\u0259r. Bel\u0259 insanlar b\u0259z\u0259n adi bir i\u015fd\u0259n \u00f6tr\u00fc&hellip;","_links":{"self":[{"href":"https:\/\/arantv.az\/index.php?rest_route=\/wp\/v2\/posts\/629879"}],"collection":[{"href":"https:\/\/arantv.az\/index.php?rest_route=\/wp\/v2\/posts"}],"about":[{"href":"https:\/\/arantv.az\/index.php?rest_route=\/wp\/v2\/types\/post"}],"author":[{"embeddable":true,"href":"https:\/\/arantv.az\/index.php?rest_route=\/wp\/v2\/users\/2"}],"replies":[{"embeddable":true,"href":"https:\/\/arantv.az\/index.php?rest_route=%2Fwp%2Fv2%2Fcomments&post=629879"}],"version-history":[{"count":0,"href":"https:\/\/arantv.az\/index.php?rest_route=\/wp\/v2\/posts\/629879\/revisions"}],"wp:featuredmedia":[{"embeddable":true,"href":"https:\/\/arantv.az\/index.php?rest_route=\/wp\/v2\/media\/629882"}],"wp:attachment":[{"href":"https:\/\/arantv.az\/index.php?rest_route=%2Fwp%2Fv2%2Fmedia&parent=629879"}],"wp:term":[{"taxonomy":"category","embeddable":true,"href":"https:\/\/arantv.az\/index.php?rest_route=%2Fwp%2Fv2%2Fcategories&post=629879"},{"taxonomy":"post_tag","embeddable":true,"href":"https:\/\/arantv.az\/index.php?rest_route=%2Fwp%2Fv2%2Ftags&post=629879"}],"curies":[{"name":"wp","href":"https:\/\/api.w.org\/{rel}","templated":true}]}}