{"id":629887,"date":"2023-09-07T10:28:15","date_gmt":"2023-09-07T06:28:15","guid":{"rendered":"https:\/\/arantv.az\/?p=629887"},"modified":"2023-09-07T10:28:15","modified_gmt":"2023-09-07T06:28:15","slug":"mu%c9%99lliml%c9%99rin-sertifikasiyasinin-musahib%c9%99-m%c9%99rh%c9%99l%c9%99sin%c9%99-baslanilir","status":"publish","type":"post","link":"https:\/\/arantv.az\/?p=629887","title":{"rendered":"M\u00fc\u0259lliml\u0259rin sertifikasiyas\u0131n\u0131n m\u00fcsahib\u0259 m\u0259rh\u0259l\u0259sin\u0259 ba\u015flan\u0131l\u0131r"},"content":{"rendered":"<p>T\u0259hsilver\u0259nl\u0259rin sertifikatla\u015fd\u0131r\u0131lmas\u0131 prosesinin m\u00fcsahib\u0259 m\u0259rh\u0259l\u0259sinin ke\u00e7iril\u0259c\u0259yi tarix v\u0259 m\u0259kan bar\u0259d\u0259 m\u0259lumatlar m\u00fc\u0259lliml\u0259rin \u015f\u0259xsi kabinetl\u0259rin\u0259 g\u00f6nd\u0259rilib.<\/p>\n<p>Bu bar\u0259d\u0259\u00a0&#8220;\u0130ki sahil&#8221; T\u0259hsil \u0130nstitutundan x\u0259b\u0259r verilib.<\/p>\n<p>Qeyd ed\u0259k ki, 8 sentyabr tarixind\u0259n etibar\u0259n sertifikatla\u015fd\u0131rma prosesinin m\u00fcsahib\u0259l\u0259ri t\u0259\u015fkil olunacaq.<\/p>\n<p>Xat\u0131rladaq ki, sertifikatla\u015fd\u0131rma prosesinin m\u00fcsahib\u0259 m\u0259rh\u0259l\u0259sin\u0259 aid Az\u0259rbaycan v\u0259 rus b\u00f6lm\u0259si \u00fczr\u0259 m\u00f6vzular 18 avqust tarixind\u0259 m\u00fc\u0259lliml\u0259rin \u015f\u0259xsi kabinetl\u0259rin\u0259 g\u00f6nd\u0259rilib. M\u00fc\u0259lliml\u0259r\u00a0miq.edu.az\u00a0sayt\u0131na v\u0259 ya\u00a0portal.edu.az\u00a0platformas\u0131na daxil olaraq h\u0259r iki b\u00f6lm\u0259 \u00fczr\u0259 m\u00fcsahib\u0259 m\u00f6vzular\u0131 il\u0259 tan\u0131\u015f ola bil\u0259rl\u0259r.<\/p>\n<p>Qeyd edilib ki, sertifikatla\u015fd\u0131rma prosesinin m\u00fcsahib\u0259 m\u0259rh\u0259l\u0259si il\u0259 ba\u011fl\u0131 m\u0259lumatlar m\u00fc\u0259lliml\u0259rin \u015f\u0259xsi kabinetl\u0259rin\u0259 hiss\u0259-hiss\u0259 g\u00f6nd\u0259rilir.<\/p>\n","protected":false},"excerpt":{"rendered":"<p>T\u0259hsilver\u0259nl\u0259rin sertifikatla\u015fd\u0131r\u0131lmas\u0131 prosesinin m\u00fcsahib\u0259 m\u0259rh\u0259l\u0259sinin ke\u00e7iril\u0259c\u0259yi tarix v\u0259 m\u0259kan bar\u0259d\u0259 m\u0259lumatlar m\u00fc\u0259lliml\u0259rin \u015f\u0259xsi kabinetl\u0259rin\u0259 g\u00f6nd\u0259rilib. Bu bar\u0259d\u0259\u00a0&#8220;\u0130ki sahil&#8221; T\u0259hsil \u0130nstitutundan x\u0259b\u0259r verilib. Qeyd ed\u0259k ki, 8 sentyabr tarixind\u0259n etibar\u0259n sertifikatla\u015fd\u0131rma prosesinin m\u00fcsahib\u0259l\u0259ri t\u0259\u015fkil olunacaq. Xat\u0131rladaq ki, sertifikatla\u015fd\u0131rma prosesinin m\u00fcsahib\u0259 m\u0259rh\u0259l\u0259sin\u0259 aid Az\u0259rbaycan v\u0259 rus b\u00f6lm\u0259si \u00fczr\u0259 m\u00f6vzular 18 avqust tarixind\u0259 m\u00fc\u0259lliml\u0259rin \u015f\u0259xsi kabinetl\u0259rin\u0259 g\u00f6nd\u0259rilib. M\u00fc\u0259lliml\u0259r\u00a0miq.edu.az\u00a0sayt\u0131na v\u0259 ya\u00a0portal.edu.az\u00a0platformas\u0131na daxil olaraq h\u0259r iki b\u00f6lm\u0259 \u00fczr\u0259 m\u00fcsahib\u0259 m\u00f6vzular\u0131 il\u0259 tan\u0131\u015f ola bil\u0259rl\u0259r. Qeyd edilib ki, sertifikatla\u015fd\u0131rma prosesinin m\u00fcsahib\u0259 m\u0259rh\u0259l\u0259si il\u0259 ba\u011fl\u0131 m\u0259lumatlar m\u00fc\u0259lliml\u0259rin \u015f\u0259xsi kabinetl\u0259rin\u0259 hiss\u0259-hiss\u0259 g\u00f6nd\u0259rilir.<\/p>\n","protected":false},"author":2,"featured_media":629889,"comment_status":"closed","ping_status":"closed","sticky":false,"template":"","format":"standard","meta":{"om_disable_all_campaigns":false,"_monsterinsights_skip_tracking":false,"_monsterinsights_sitenote_active":false,"_monsterinsights_sitenote_note":"","_monsterinsights_sitenote_category":0},"categories":[1],"tags":[],"aioseo_notices":[],"gutentor_comment":0,"rttpg_featured_image_url":{"full":["https:\/\/arantv.az\/wp-content\/uploads\/2023\/09\/229aeb9e169406765448879448310176199.jpg",975,540,false],"landscape":["https:\/\/arantv.az\/wp-content\/uploads\/2023\/09\/229aeb9e169406765448879448310176199.jpg",975,540,false],"portraits":["https:\/\/arantv.az\/wp-content\/uploads\/2023\/09\/229aeb9e169406765448879448310176199.jpg",975,540,false],"thumbnail":["https:\/\/arantv.az\/wp-content\/uploads\/2023\/09\/229aeb9e169406765448879448310176199-500x280.jpg",500,280,true],"medium":["https:\/\/arantv.az\/wp-content\/uploads\/2023\/09\/229aeb9e169406765448879448310176199-660x365.jpg",660,365,true],"large":["https:\/\/arantv.az\/wp-content\/uploads\/2023\/09\/229aeb9e169406765448879448310176199-840x465.jpg",640,354,true],"1536x1536":["https:\/\/arantv.az\/wp-content\/uploads\/2023\/09\/229aeb9e169406765448879448310176199.jpg",975,540,false],"2048x2048":["https:\/\/arantv.az\/wp-content\/uploads\/2023\/09\/229aeb9e169406765448879448310176199.jpg",975,540,false],"post-thumbnail":["https:\/\/arantv.az\/wp-content\/uploads\/2023\/09\/229aeb9e169406765448879448310176199-240x172.jpg",240,172,true],"advps-thumb-one":["https:\/\/arantv.az\/wp-content\/uploads\/2023\/09\/229aeb9e169406765448879448310176199.jpg",975,540,false]},"rttpg_author":{"display_name":"V\u00fcsal Rafiqo\u011flu","author_link":"https:\/\/arantv.az\/?author=2"},"rttpg_comment":0,"rttpg_category":"<a href=\"https:\/\/arantv.az\/?cat=1\" rel=\"category\">C\u0259miyy\u0259t<\/a>","rttpg_excerpt":"T\u0259hsilver\u0259nl\u0259rin sertifikatla\u015fd\u0131r\u0131lmas\u0131 prosesinin m\u00fcsahib\u0259 m\u0259rh\u0259l\u0259sinin ke\u00e7iril\u0259c\u0259yi tarix v\u0259 m\u0259kan bar\u0259d\u0259 m\u0259lumatlar m\u00fc\u0259lliml\u0259rin \u015f\u0259xsi kabinetl\u0259rin\u0259 g\u00f6nd\u0259rilib. Bu bar\u0259d\u0259\u00a0&#8220;\u0130ki sahil&#8221; T\u0259hsil \u0130nstitutundan x\u0259b\u0259r verilib. Qeyd ed\u0259k ki, 8 sentyabr tarixind\u0259n etibar\u0259n sertifikatla\u015fd\u0131rma prosesinin m\u00fcsahib\u0259l\u0259ri t\u0259\u015fkil olunacaq. Xat\u0131rladaq ki, sertifikatla\u015fd\u0131rma prosesinin m\u00fcsahib\u0259 m\u0259rh\u0259l\u0259sin\u0259 aid Az\u0259rbaycan v\u0259 rus b\u00f6lm\u0259si \u00fczr\u0259 m\u00f6vzular 18 avqust tarixind\u0259 m\u00fc\u0259lliml\u0259rin \u015f\u0259xsi kabinetl\u0259rin\u0259 g\u00f6nd\u0259rilib. M\u00fc\u0259lliml\u0259r\u00a0miq.edu.az\u00a0sayt\u0131na&hellip;","_links":{"self":[{"href":"https:\/\/arantv.az\/index.php?rest_route=\/wp\/v2\/posts\/629887"}],"collection":[{"href":"https:\/\/arantv.az\/index.php?rest_route=\/wp\/v2\/posts"}],"about":[{"href":"https:\/\/arantv.az\/index.php?rest_route=\/wp\/v2\/types\/post"}],"author":[{"embeddable":true,"href":"https:\/\/arantv.az\/index.php?rest_route=\/wp\/v2\/users\/2"}],"replies":[{"embeddable":true,"href":"https:\/\/arantv.az\/index.php?rest_route=%2Fwp%2Fv2%2Fcomments&post=629887"}],"version-history":[{"count":0,"href":"https:\/\/arantv.az\/index.php?rest_route=\/wp\/v2\/posts\/629887\/revisions"}],"wp:featuredmedia":[{"embeddable":true,"href":"https:\/\/arantv.az\/index.php?rest_route=\/wp\/v2\/media\/629889"}],"wp:attachment":[{"href":"https:\/\/arantv.az\/index.php?rest_route=%2Fwp%2Fv2%2Fmedia&parent=629887"}],"wp:term":[{"taxonomy":"category","embeddable":true,"href":"https:\/\/arantv.az\/index.php?rest_route=%2Fwp%2Fv2%2Fcategories&post=629887"},{"taxonomy":"post_tag","embeddable":true,"href":"https:\/\/arantv.az\/index.php?rest_route=%2Fwp%2Fv2%2Ftags&post=629887"}],"curies":[{"name":"wp","href":"https:\/\/api.w.org\/{rel}","templated":true}]}}