{"id":629894,"date":"2023-09-07T10:31:14","date_gmt":"2023-09-07T06:31:14","guid":{"rendered":"https:\/\/arantv.az\/?p=629894"},"modified":"2023-09-07T10:31:14","modified_gmt":"2023-09-07T06:31:14","slug":"prezident-ilham-%c9%99liyev-turkiy%c9%99li-nazirl%c9%99ri-q%c9%99bul-edib","status":"publish","type":"post","link":"https:\/\/arantv.az\/?p=629894","title":{"rendered":"Prezident \u0130lham \u018fliyev t\u00fcrkiy\u0259li nazirl\u0259ri q\u0259bul edib"},"content":{"rendered":"<p>Az\u0259rbaycan Respublikas\u0131n\u0131n Prezidenti\u00a0<strong>\u0130lham \u018fliyev<\/strong>\u00a0sentyabr\u0131n 7-d\u0259 T\u00fcrk D\u00f6vl\u0259tl\u0259ri T\u0259\u015fkilat\u0131n\u0131n \u00fczv v\u0259 m\u00fc\u015fahid\u0259\u00e7i d\u00f6vl\u0259tl\u0259rinin t\u0259bii f\u0259lak\u0259t v\u0259 f\u00f6vq\u0259lad\u0259 hallar\u0131n idar\u0259 edilm\u0259si \u00fczr\u0259 nazirl\u0259rinin ikinci g\u00f6r\u00fc\u015f\u00fcn\u00fcn v\u0259 \u201cBak\u0131-2023\u201c beyn\u0259lxalq t\u0259liminin i\u015ftirak\u00e7\u0131lar\u0131 &#8211; T\u00fcrk D\u00f6vl\u0259tl\u0259ri T\u0259\u015fkilat\u0131n\u0131n Ba\u015f katibi Kuban\u0131\u00e7bek \u00d6m\u00fcraliyev, T\u00fcrkiy\u0259nin daxili i\u015fl\u0259r naziri \u018fli Yerlikaya, Qazax\u0131stan\u0131n f\u00f6vq\u0259lad\u0259 hallar naziri S\u0131r\u0131m \u015earipxanov, Q\u0131r\u011f\u0131z\u0131stan\u0131n f\u00f6vq\u0259lad\u0259 hallar naziri Boobek Ajikeev, \u00d6zb\u0259kistan\u0131n f\u00f6vq\u0259lad\u0259 hallar naziri Abdulla Kulda\u015fev v\u0259 \u015eimali Kiprin daxili i\u015fl\u0259r naziri Dursun O\u011fuzu q\u0259bul edib.<\/p>\n<p>Bu bar\u0259d\u0259\u00a0<a href=\"https:\/\/azertag.az\/xeber\/prezident_ilham_eliyev_turk_dovletlerinin_bakida_kechirilen_tedbirlerde_istirak_eden_nazirlerini_qebul_edib_yenilenecek-2746374\" target=\"_blank\" rel=\"noopener\">AZ\u018fRTAC<\/a>\u00a0x\u0259b\u0259r verir.<\/p>\n","protected":false},"excerpt":{"rendered":"<p>Az\u0259rbaycan Respublikas\u0131n\u0131n Prezidenti\u00a0\u0130lham \u018fliyev\u00a0sentyabr\u0131n 7-d\u0259 T\u00fcrk D\u00f6vl\u0259tl\u0259ri T\u0259\u015fkilat\u0131n\u0131n \u00fczv v\u0259 m\u00fc\u015fahid\u0259\u00e7i d\u00f6vl\u0259tl\u0259rinin t\u0259bii f\u0259lak\u0259t v\u0259 f\u00f6vq\u0259lad\u0259 hallar\u0131n idar\u0259 edilm\u0259si \u00fczr\u0259 nazirl\u0259rinin ikinci g\u00f6r\u00fc\u015f\u00fcn\u00fcn v\u0259 \u201cBak\u0131-2023\u201c beyn\u0259lxalq t\u0259liminin i\u015ftirak\u00e7\u0131lar\u0131 &#8211; T\u00fcrk D\u00f6vl\u0259tl\u0259ri T\u0259\u015fkilat\u0131n\u0131n Ba\u015f katibi Kuban\u0131\u00e7bek \u00d6m\u00fcraliyev, T\u00fcrkiy\u0259nin daxili i\u015fl\u0259r naziri \u018fli Yerlikaya, Qazax\u0131stan\u0131n f\u00f6vq\u0259lad\u0259 hallar naziri S\u0131r\u0131m \u015earipxanov, Q\u0131r\u011f\u0131z\u0131stan\u0131n f\u00f6vq\u0259lad\u0259 hallar naziri Boobek Ajikeev, \u00d6zb\u0259kistan\u0131n f\u00f6vq\u0259lad\u0259 hallar naziri Abdulla Kulda\u015fev v\u0259 \u015eimali Kiprin daxili i\u015fl\u0259r naziri Dursun O\u011fuzu q\u0259bul edib. Bu bar\u0259d\u0259\u00a0AZ\u018fRTAC\u00a0x\u0259b\u0259r verir.<\/p>\n","protected":false},"author":2,"featured_media":629895,"comment_status":"closed","ping_status":"closed","sticky":false,"template":"","format":"standard","meta":{"om_disable_all_campaigns":false,"_monsterinsights_skip_tracking":false,"_monsterinsights_sitenote_active":false,"_monsterinsights_sitenote_note":"","_monsterinsights_sitenote_category":0},"categories":[4],"tags":[],"aioseo_notices":[],"gutentor_comment":0,"rttpg_featured_image_url":{"full":["https:\/\/arantv.az\/wp-content\/uploads\/2023\/09\/FotoJet-2-3.jpg",620,413,false],"landscape":["https:\/\/arantv.az\/wp-content\/uploads\/2023\/09\/FotoJet-2-3.jpg",620,413,false],"portraits":["https:\/\/arantv.az\/wp-content\/uploads\/2023\/09\/FotoJet-2-3.jpg",620,413,false],"thumbnail":["https:\/\/arantv.az\/wp-content\/uploads\/2023\/09\/FotoJet-2-3-500x280.jpg",500,280,true],"medium":["https:\/\/arantv.az\/wp-content\/uploads\/2023\/09\/FotoJet-2-3-548x365.jpg",548,365,true],"large":["https:\/\/arantv.az\/wp-content\/uploads\/2023\/09\/FotoJet-2-3.jpg",620,413,false],"1536x1536":["https:\/\/arantv.az\/wp-content\/uploads\/2023\/09\/FotoJet-2-3.jpg",620,413,false],"2048x2048":["https:\/\/arantv.az\/wp-content\/uploads\/2023\/09\/FotoJet-2-3.jpg",620,413,false],"post-thumbnail":["https:\/\/arantv.az\/wp-content\/uploads\/2023\/09\/FotoJet-2-3-240x172.jpg",240,172,true],"advps-thumb-one":["https:\/\/arantv.az\/wp-content\/uploads\/2023\/09\/FotoJet-2-3.jpg",620,413,false]},"rttpg_author":{"display_name":"V\u00fcsal Rafiqo\u011flu","author_link":"https:\/\/arantv.az\/?author=2"},"rttpg_comment":0,"rttpg_category":"<a href=\"https:\/\/arantv.az\/?cat=4\" rel=\"category\">Siyas\u0259t<\/a>","rttpg_excerpt":"Az\u0259rbaycan Respublikas\u0131n\u0131n Prezidenti\u00a0\u0130lham \u018fliyev\u00a0sentyabr\u0131n 7-d\u0259 T\u00fcrk D\u00f6vl\u0259tl\u0259ri T\u0259\u015fkilat\u0131n\u0131n \u00fczv v\u0259 m\u00fc\u015fahid\u0259\u00e7i d\u00f6vl\u0259tl\u0259rinin t\u0259bii f\u0259lak\u0259t v\u0259 f\u00f6vq\u0259lad\u0259 hallar\u0131n idar\u0259 edilm\u0259si \u00fczr\u0259 nazirl\u0259rinin ikinci g\u00f6r\u00fc\u015f\u00fcn\u00fcn v\u0259 \u201cBak\u0131-2023\u201c beyn\u0259lxalq t\u0259liminin i\u015ftirak\u00e7\u0131lar\u0131 &#8211; T\u00fcrk D\u00f6vl\u0259tl\u0259ri T\u0259\u015fkilat\u0131n\u0131n Ba\u015f katibi Kuban\u0131\u00e7bek \u00d6m\u00fcraliyev, T\u00fcrkiy\u0259nin daxili i\u015fl\u0259r naziri \u018fli Yerlikaya, Qazax\u0131stan\u0131n f\u00f6vq\u0259lad\u0259 hallar naziri S\u0131r\u0131m \u015earipxanov, Q\u0131r\u011f\u0131z\u0131stan\u0131n f\u00f6vq\u0259lad\u0259 hallar naziri Boobek Ajikeev, \u00d6zb\u0259kistan\u0131n&hellip;","_links":{"self":[{"href":"https:\/\/arantv.az\/index.php?rest_route=\/wp\/v2\/posts\/629894"}],"collection":[{"href":"https:\/\/arantv.az\/index.php?rest_route=\/wp\/v2\/posts"}],"about":[{"href":"https:\/\/arantv.az\/index.php?rest_route=\/wp\/v2\/types\/post"}],"author":[{"embeddable":true,"href":"https:\/\/arantv.az\/index.php?rest_route=\/wp\/v2\/users\/2"}],"replies":[{"embeddable":true,"href":"https:\/\/arantv.az\/index.php?rest_route=%2Fwp%2Fv2%2Fcomments&post=629894"}],"version-history":[{"count":0,"href":"https:\/\/arantv.az\/index.php?rest_route=\/wp\/v2\/posts\/629894\/revisions"}],"wp:featuredmedia":[{"embeddable":true,"href":"https:\/\/arantv.az\/index.php?rest_route=\/wp\/v2\/media\/629895"}],"wp:attachment":[{"href":"https:\/\/arantv.az\/index.php?rest_route=%2Fwp%2Fv2%2Fmedia&parent=629894"}],"wp:term":[{"taxonomy":"category","embeddable":true,"href":"https:\/\/arantv.az\/index.php?rest_route=%2Fwp%2Fv2%2Fcategories&post=629894"},{"taxonomy":"post_tag","embeddable":true,"href":"https:\/\/arantv.az\/index.php?rest_route=%2Fwp%2Fv2%2Ftags&post=629894"}],"curies":[{"name":"wp","href":"https:\/\/api.w.org\/{rel}","templated":true}]}}