{"id":63022,"date":"2019-05-31T09:28:34","date_gmt":"2019-05-31T06:28:34","guid":{"rendered":"http:\/\/arantv.az\/?p=63022"},"modified":"2019-05-31T09:28:34","modified_gmt":"2019-05-31T06:28:34","slug":"bakida-bmw-yuk-masinina-cirpildi-ol%c9%99n-var-video","status":"publish","type":"post","link":"https:\/\/arantv.az\/?p=63022","title":{"rendered":"Bak\u0131da BMW y\u00fck ma\u015f\u0131n\u0131na \u00e7\u0131rp\u0131ld\u0131: \u00f6l\u0259n var &#8211; V\u0130DEO"},"content":{"rendered":"<div id=\"entry\" class=\"entry\">D\u00fcn\u0259n ax\u015fam saatlar\u0131nda Bak\u0131n\u0131n Qarada\u011f rayonu Sahil q\u0259s\u0259b\u0259sind\u0259 a\u011f\u0131r q\u0259za ba\u015f verib.<\/p>\n<div id=\"AdviadNativeVideo0\" class=\"AdviadNativeVideo\"><\/div>\n<p><b>ARANTV.AZ\u00a0<\/b>\u00a0oxu.az-a istinad\u0259n x\u0259b\u0259r verir ki, hadis\u0259nin g\u00f6r\u00fcnt\u00fcl\u0259ri sosial \u015f\u0259b\u0259k\u0259d\u0259 payla\u015f\u0131l\u0131b.<\/p>\n<p>Q\u0259za zaman\u0131 BMW markal\u0131 avtomobil y\u00fck ma\u015f\u0131n\u0131na \u00e7\u0131rp\u0131l\u0131b. Hadis\u0259 n\u0259tic\u0259sind\u0259 bir n\u0259f\u0259rin \u00f6ld\u00fcy\u00fc bildirilib.<\/p>\n<div class=\"embed-responsive embed-responsive-16by9\"><iframe loading=\"lazy\" id=\"nmqembedid\" class=\"embed-responsive-item\" title=\"video player\" src=\"https:\/\/izle.az\/embed\/09cvyEmsTC3SS0rMLtUrKdNPzU1KTdG3MDcwAgA~\" width=\"600\" height=\"340\" frameborder=\"0\" scrolling=\"no\" allowfullscreen=\"allowfullscreen\" data-mce-fragment=\"1\"><\/iframe><\/div>\n<\/div>\n<p>&nbsp;<\/p>\n","protected":false},"excerpt":{"rendered":"<p>D\u00fcn\u0259n ax\u015fam saatlar\u0131nda Bak\u0131n\u0131n Qarada\u011f rayonu Sahil q\u0259s\u0259b\u0259sind\u0259 a\u011f\u0131r q\u0259za ba\u015f verib. ARANTV.AZ\u00a0\u00a0oxu.az-a istinad\u0259n x\u0259b\u0259r verir ki, hadis\u0259nin g\u00f6r\u00fcnt\u00fcl\u0259ri sosial \u015f\u0259b\u0259k\u0259d\u0259 payla\u015f\u0131l\u0131b. Q\u0259za zaman\u0131 BMW markal\u0131 avtomobil y\u00fck ma\u015f\u0131n\u0131na \u00e7\u0131rp\u0131l\u0131b. Hadis\u0259 n\u0259tic\u0259sind\u0259 bir n\u0259f\u0259rin \u00f6ld\u00fcy\u00fc bildirilib. &nbsp;<\/p>\n","protected":false},"author":2,"featured_media":63023,"comment_status":"closed","ping_status":"closed","sticky":false,"template":"","format":"standard","meta":{"om_disable_all_campaigns":false,"_monsterinsights_skip_tracking":false,"_monsterinsights_sitenote_active":false,"_monsterinsights_sitenote_note":"","_monsterinsights_sitenote_category":0},"categories":[5],"tags":[],"aioseo_notices":[],"gutentor_comment":0,"rttpg_featured_image_url":{"full":["https:\/\/arantv.az\/wp-content\/uploads\/2019\/05\/1559281467qq.jpg",550,389,false],"landscape":["https:\/\/arantv.az\/wp-content\/uploads\/2019\/05\/1559281467qq.jpg",550,389,false],"portraits":["https:\/\/arantv.az\/wp-content\/uploads\/2019\/05\/1559281467qq.jpg",550,389,false],"thumbnail":["https:\/\/arantv.az\/wp-content\/uploads\/2019\/05\/1559281467qq-150x150.jpg",150,150,true],"medium":["https:\/\/arantv.az\/wp-content\/uploads\/2019\/05\/1559281467qq-300x212.jpg",300,212,true],"large":["https:\/\/arantv.az\/wp-content\/uploads\/2019\/05\/1559281467qq.jpg",550,389,false],"1536x1536":["https:\/\/arantv.az\/wp-content\/uploads\/2019\/05\/1559281467qq.jpg",550,389,false],"2048x2048":["https:\/\/arantv.az\/wp-content\/uploads\/2019\/05\/1559281467qq.jpg",550,389,false],"post-thumbnail":["https:\/\/arantv.az\/wp-content\/uploads\/2019\/05\/1559281467qq-240x172.jpg",240,172,true],"advps-thumb-one":["https:\/\/arantv.az\/wp-content\/uploads\/2019\/05\/1559281467qq.jpg",550,389,false]},"rttpg_author":{"display_name":"V\u00fcsal Rafiqo\u011flu","author_link":"https:\/\/arantv.az\/?author=2"},"rttpg_comment":0,"rttpg_category":"<a href=\"https:\/\/arantv.az\/?cat=5\" rel=\"category\">Hadis\u0259<\/a>","rttpg_excerpt":"D\u00fcn\u0259n ax\u015fam saatlar\u0131nda Bak\u0131n\u0131n Qarada\u011f rayonu Sahil q\u0259s\u0259b\u0259sind\u0259 a\u011f\u0131r q\u0259za ba\u015f verib. ARANTV.AZ\u00a0\u00a0oxu.az-a istinad\u0259n x\u0259b\u0259r verir ki, hadis\u0259nin g\u00f6r\u00fcnt\u00fcl\u0259ri sosial \u015f\u0259b\u0259k\u0259d\u0259 payla\u015f\u0131l\u0131b. Q\u0259za zaman\u0131 BMW markal\u0131 avtomobil y\u00fck ma\u015f\u0131n\u0131na \u00e7\u0131rp\u0131l\u0131b. Hadis\u0259 n\u0259tic\u0259sind\u0259 bir n\u0259f\u0259rin \u00f6ld\u00fcy\u00fc bildirilib. &nbsp;","_links":{"self":[{"href":"https:\/\/arantv.az\/index.php?rest_route=\/wp\/v2\/posts\/63022"}],"collection":[{"href":"https:\/\/arantv.az\/index.php?rest_route=\/wp\/v2\/posts"}],"about":[{"href":"https:\/\/arantv.az\/index.php?rest_route=\/wp\/v2\/types\/post"}],"author":[{"embeddable":true,"href":"https:\/\/arantv.az\/index.php?rest_route=\/wp\/v2\/users\/2"}],"replies":[{"embeddable":true,"href":"https:\/\/arantv.az\/index.php?rest_route=%2Fwp%2Fv2%2Fcomments&post=63022"}],"version-history":[{"count":0,"href":"https:\/\/arantv.az\/index.php?rest_route=\/wp\/v2\/posts\/63022\/revisions"}],"wp:featuredmedia":[{"embeddable":true,"href":"https:\/\/arantv.az\/index.php?rest_route=\/wp\/v2\/media\/63023"}],"wp:attachment":[{"href":"https:\/\/arantv.az\/index.php?rest_route=%2Fwp%2Fv2%2Fmedia&parent=63022"}],"wp:term":[{"taxonomy":"category","embeddable":true,"href":"https:\/\/arantv.az\/index.php?rest_route=%2Fwp%2Fv2%2Fcategories&post=63022"},{"taxonomy":"post_tag","embeddable":true,"href":"https:\/\/arantv.az\/index.php?rest_route=%2Fwp%2Fv2%2Ftags&post=63022"}],"curies":[{"name":"wp","href":"https:\/\/api.w.org\/{rel}","templated":true}]}}