{"id":63025,"date":"2019-05-31T09:29:41","date_gmt":"2019-05-31T06:29:41","guid":{"rendered":"http:\/\/arantv.az\/?p=63025"},"modified":"2019-05-31T09:29:41","modified_gmt":"2019-05-31T06:29:41","slug":"mehriban-%c9%99liyeva-xalq-artistin%c9%99-masin-h%c9%99diyy%c9%99-etdi-fotolar","status":"publish","type":"post","link":"https:\/\/arantv.az\/?p=63025","title":{"rendered":"Mehriban \u018fliyeva Xalq artistin\u0259 ma\u015f\u0131n h\u0259diyy\u0259 etdi &#8211; FOTOLAR"},"content":{"rendered":"<p>Heyd\u0259r \u018fliyev Fondunun n\u00fcmay\u0259nd\u0259l\u0259ri tan\u0131nm\u0131\u015f aktyor v\u0259 rejissor Ramiz \u018fzizb\u0259ylinin evind\u0259 olub, Xalq artistinin s\u0259hh\u0259ti il\u0259 maraqlan\u0131blar.<\/p>\n<p><b>ARANTV.AZ\u00a0<\/b>x\u0259b\u0259r verir ki, Fondun prezidenti Mehriban \u018fliyevan\u0131n tap\u015f\u0131r\u0131\u011f\u0131 il\u0259 Ramiz \u018fzizb\u0259ylinin rahat h\u0259r\u0259k\u0259tini t\u0259\u015fkil etm\u0259k m\u0259qs\u0259di il\u0259 Heyd\u0259r \u018fliyev Fondu t\u0259r\u0259find\u0259n Xalq artistin\u0259 avtomobil h\u0259diyy\u0259 olunub.<\/p>\n<div id=\"AdviadNativeVideo0\" class=\"AdviadNativeVideo\"><\/div>\n<p>Avtomobil aktyorun q\u0131z\u0131 C\u0259lal\u0259 \u018fzizb\u0259yliy\u0259 t\u0259qdim edilib. Heyd\u0259r \u018fliyev Fondu eyni zamanda aktyorun ya\u015fad\u0131\u011f\u0131 m\u0259nzilin t\u0259mir i\u015fl\u0259rini \u00f6z \u00fcz\u0259rin\u0259 g\u00f6t\u00fcr\u00fcb v\u0259 bu yax\u0131nlarda m\u0259nzild\u0259 t\u0259mir\u0259 i\u015fl\u0259rin\u0259 ba\u015flan\u0131lacaq.<\/p>\n<p>Ramiz \u018fzizb\u0259yli ona g\u00f6st\u0259ril\u0259n diqq\u0259t\u0259 v\u0259 qay\u011f\u0131ya g\u00f6r\u0259 Az\u0259rbaycan\u0131n Birinci vitse-prezidenti, Heyd\u0259r \u018fliyev Fondunun prezidenti Mehriban \u018fliyevaya t\u0259\u015f\u0259kk\u00fcr\u00fcn\u00fc bildirib.<br \/>\n<img class=\"imgbcode\" src=\"https:\/\/sonxeber.az\/uploads\/1559283861ramiz.jpg\" alt=\"Mehriban \u018fliyeva Xalq artistin\u0259 ma\u015f\u0131n h\u0259diyy\u0259 etdi - FOTOLAR\" \/><img class=\"imgbcode\" src=\"https:\/\/sonxeber.az\/uploads\/1559283861s.jpg\" alt=\"Mehriban \u018fliyeva Xalq artistin\u0259 ma\u015f\u0131n h\u0259diyy\u0259 etdi - FOTOLAR\" \/><\/p>\n<p>Sonxeber.az<\/p>\n","protected":false},"excerpt":{"rendered":"<p>Heyd\u0259r \u018fliyev Fondunun n\u00fcmay\u0259nd\u0259l\u0259ri tan\u0131nm\u0131\u015f aktyor v\u0259 rejissor Ramiz \u018fzizb\u0259ylinin evind\u0259 olub, Xalq artistinin s\u0259hh\u0259ti il\u0259 maraqlan\u0131blar. ARANTV.AZ\u00a0x\u0259b\u0259r verir ki, Fondun prezidenti Mehriban \u018fliyevan\u0131n tap\u015f\u0131r\u0131\u011f\u0131 il\u0259 Ramiz \u018fzizb\u0259ylinin rahat h\u0259r\u0259k\u0259tini t\u0259\u015fkil etm\u0259k m\u0259qs\u0259di il\u0259 Heyd\u0259r \u018fliyev Fondu t\u0259r\u0259find\u0259n Xalq artistin\u0259 avtomobil h\u0259diyy\u0259 olunub. Avtomobil aktyorun q\u0131z\u0131 C\u0259lal\u0259 \u018fzizb\u0259yliy\u0259 t\u0259qdim edilib. Heyd\u0259r \u018fliyev Fondu eyni zamanda aktyorun ya\u015fad\u0131\u011f\u0131 m\u0259nzilin t\u0259mir i\u015fl\u0259rini \u00f6z \u00fcz\u0259rin\u0259 g\u00f6t\u00fcr\u00fcb v\u0259 bu yax\u0131nlarda m\u0259nzild\u0259 t\u0259mir\u0259 i\u015fl\u0259rin\u0259 ba\u015flan\u0131lacaq. Ramiz \u018fzizb\u0259yli ona g\u00f6st\u0259ril\u0259n diqq\u0259t\u0259 v\u0259 qay\u011f\u0131ya g\u00f6r\u0259 Az\u0259rbaycan\u0131n Birinci vitse-prezidenti, Heyd\u0259r \u018fliyev Fondunun prezidenti Mehriban \u018fliyevaya t\u0259\u015f\u0259kk\u00fcr\u00fcn\u00fc bildirib. Sonxeber.az<\/p>\n","protected":false},"author":2,"featured_media":63026,"comment_status":"closed","ping_status":"closed","sticky":false,"template":"","format":"standard","meta":{"om_disable_all_campaigns":false,"_monsterinsights_skip_tracking":false,"_monsterinsights_sitenote_active":false,"_monsterinsights_sitenote_note":"","_monsterinsights_sitenote_category":0},"categories":[4],"tags":[],"aioseo_notices":[],"gutentor_comment":0,"rttpg_featured_image_url":{"full":["https:\/\/arantv.az\/wp-content\/uploads\/2019\/05\/15592838611503727340_mehriban-eliyeva.jpg",549,372,false],"landscape":["https:\/\/arantv.az\/wp-content\/uploads\/2019\/05\/15592838611503727340_mehriban-eliyeva.jpg",549,372,false],"portraits":["https:\/\/arantv.az\/wp-content\/uploads\/2019\/05\/15592838611503727340_mehriban-eliyeva.jpg",549,372,false],"thumbnail":["https:\/\/arantv.az\/wp-content\/uploads\/2019\/05\/15592838611503727340_mehriban-eliyeva-150x150.jpg",150,150,true],"medium":["https:\/\/arantv.az\/wp-content\/uploads\/2019\/05\/15592838611503727340_mehriban-eliyeva-300x203.jpg",300,203,true],"large":["https:\/\/arantv.az\/wp-content\/uploads\/2019\/05\/15592838611503727340_mehriban-eliyeva.jpg",549,372,false],"1536x1536":["https:\/\/arantv.az\/wp-content\/uploads\/2019\/05\/15592838611503727340_mehriban-eliyeva.jpg",549,372,false],"2048x2048":["https:\/\/arantv.az\/wp-content\/uploads\/2019\/05\/15592838611503727340_mehriban-eliyeva.jpg",549,372,false],"post-thumbnail":["https:\/\/arantv.az\/wp-content\/uploads\/2019\/05\/15592838611503727340_mehriban-eliyeva-240x172.jpg",240,172,true],"advps-thumb-one":["https:\/\/arantv.az\/wp-content\/uploads\/2019\/05\/15592838611503727340_mehriban-eliyeva.jpg",549,372,false]},"rttpg_author":{"display_name":"V\u00fcsal Rafiqo\u011flu","author_link":"https:\/\/arantv.az\/?author=2"},"rttpg_comment":0,"rttpg_category":"<a href=\"https:\/\/arantv.az\/?cat=4\" rel=\"category\">Siyas\u0259t<\/a>","rttpg_excerpt":"Heyd\u0259r \u018fliyev Fondunun n\u00fcmay\u0259nd\u0259l\u0259ri tan\u0131nm\u0131\u015f aktyor v\u0259 rejissor Ramiz \u018fzizb\u0259ylinin evind\u0259 olub, Xalq artistinin s\u0259hh\u0259ti il\u0259 maraqlan\u0131blar. ARANTV.AZ\u00a0x\u0259b\u0259r verir ki, Fondun prezidenti Mehriban \u018fliyevan\u0131n tap\u015f\u0131r\u0131\u011f\u0131 il\u0259 Ramiz \u018fzizb\u0259ylinin rahat h\u0259r\u0259k\u0259tini t\u0259\u015fkil etm\u0259k m\u0259qs\u0259di il\u0259 Heyd\u0259r \u018fliyev Fondu t\u0259r\u0259find\u0259n Xalq artistin\u0259 avtomobil h\u0259diyy\u0259 olunub. Avtomobil aktyorun q\u0131z\u0131 C\u0259lal\u0259 \u018fzizb\u0259yliy\u0259 t\u0259qdim edilib. Heyd\u0259r \u018fliyev Fondu eyni zamanda&hellip;","_links":{"self":[{"href":"https:\/\/arantv.az\/index.php?rest_route=\/wp\/v2\/posts\/63025"}],"collection":[{"href":"https:\/\/arantv.az\/index.php?rest_route=\/wp\/v2\/posts"}],"about":[{"href":"https:\/\/arantv.az\/index.php?rest_route=\/wp\/v2\/types\/post"}],"author":[{"embeddable":true,"href":"https:\/\/arantv.az\/index.php?rest_route=\/wp\/v2\/users\/2"}],"replies":[{"embeddable":true,"href":"https:\/\/arantv.az\/index.php?rest_route=%2Fwp%2Fv2%2Fcomments&post=63025"}],"version-history":[{"count":0,"href":"https:\/\/arantv.az\/index.php?rest_route=\/wp\/v2\/posts\/63025\/revisions"}],"wp:featuredmedia":[{"embeddable":true,"href":"https:\/\/arantv.az\/index.php?rest_route=\/wp\/v2\/media\/63026"}],"wp:attachment":[{"href":"https:\/\/arantv.az\/index.php?rest_route=%2Fwp%2Fv2%2Fmedia&parent=63025"}],"wp:term":[{"taxonomy":"category","embeddable":true,"href":"https:\/\/arantv.az\/index.php?rest_route=%2Fwp%2Fv2%2Fcategories&post=63025"},{"taxonomy":"post_tag","embeddable":true,"href":"https:\/\/arantv.az\/index.php?rest_route=%2Fwp%2Fv2%2Ftags&post=63025"}],"curies":[{"name":"wp","href":"https:\/\/api.w.org\/{rel}","templated":true}]}}