{"id":63032,"date":"2019-05-31T09:30:54","date_gmt":"2019-05-31T06:30:54","guid":{"rendered":"http:\/\/arantv.az\/?p=63032"},"modified":"2019-05-31T09:30:54","modified_gmt":"2019-05-31T06:30:54","slug":"s%c9%99hidimizl%c9%99-vida-m%c9%99rasimi","status":"publish","type":"post","link":"https:\/\/arantv.az\/?p=63032","title":{"rendered":"\u015e\u0259hidimizl\u0259 V\u0130DA M\u018fRAS\u0130M\u0130"},"content":{"rendered":"<p>Erm\u0259ni a\u00e7d\u0131\u011f\u0131 at\u0259\u015f n\u0259tic\u0259sind\u0259 \u015f\u0259hid olan Az\u0259rbaycan Ordusunun h\u0259rbi qulluq\u00e7usu Aqil Omarovla vida m\u0259rasimi ke\u00e7irilir.<\/p>\n<p>May\u0131n 30-u s\u0259h\u0259r saatlar\u0131nda c\u0259bh\u0259nin A\u011fdam rayonu istiqam\u0259tind\u0259, d\u00fc\u015fm\u0259n t\u0259r\u0259find\u0259n a\u00e7\u0131lan snayper at\u0259\u015find\u0259n \u015f\u0259hid olan Az\u0259rbaycan Ordusunun h\u0259rbi qulluq\u00e7usu, 1983-c\u00fc il t\u0259v\u0259ll\u00fcdl\u00fc mayor Aqil Akif o\u011flu Omarovun n\u0259\u015fi bu g\u00fcn s\u0259h\u0259r saatlar\u0131nda ata yurdu olan Qax rayonu L\u0259l\u0259pa\u015fa k\u0259ndin\u0259 g\u0259tirilib. Vida m\u0259rasimind\u0259 h\u0259rbi qulluq\u00e7ular, rayon r\u0259hb\u0259rliyi, \u015f\u0259hidin yax\u0131nlar\u0131 v\u0259 ictimaiyy\u0259t n\u00fcmay\u0259nd\u0259l\u0259ri i\u015ftirak edib.<\/p>\n<div id=\"AdviadNativeVideo0\" class=\"AdviadNativeVideo\"><\/div>\n<p>A.Omarov L\u0259l\u0259pa\u015fa k\u0259nd q\u0259biristanl\u0131\u011f\u0131nda d\u0259fn edil\u0259c\u0259k.<\/p>\n<p>Qeyd ed\u0259k ki, \u015f\u0259hid h\u0259rbi qulluq\u00e7u ail\u0259li olub, 2 o\u011flu var. (ona)<\/p>\n","protected":false},"excerpt":{"rendered":"<p>Erm\u0259ni a\u00e7d\u0131\u011f\u0131 at\u0259\u015f n\u0259tic\u0259sind\u0259 \u015f\u0259hid olan Az\u0259rbaycan Ordusunun h\u0259rbi qulluq\u00e7usu Aqil Omarovla vida m\u0259rasimi ke\u00e7irilir. May\u0131n 30-u s\u0259h\u0259r saatlar\u0131nda c\u0259bh\u0259nin A\u011fdam rayonu istiqam\u0259tind\u0259, d\u00fc\u015fm\u0259n t\u0259r\u0259find\u0259n a\u00e7\u0131lan snayper at\u0259\u015find\u0259n \u015f\u0259hid olan Az\u0259rbaycan Ordusunun h\u0259rbi qulluq\u00e7usu, 1983-c\u00fc il t\u0259v\u0259ll\u00fcdl\u00fc mayor Aqil Akif o\u011flu Omarovun n\u0259\u015fi bu g\u00fcn s\u0259h\u0259r saatlar\u0131nda ata yurdu olan Qax rayonu L\u0259l\u0259pa\u015fa k\u0259ndin\u0259 g\u0259tirilib. Vida m\u0259rasimind\u0259 h\u0259rbi qulluq\u00e7ular, rayon r\u0259hb\u0259rliyi, \u015f\u0259hidin yax\u0131nlar\u0131 v\u0259 ictimaiyy\u0259t n\u00fcmay\u0259nd\u0259l\u0259ri i\u015ftirak edib. A.Omarov L\u0259l\u0259pa\u015fa k\u0259nd q\u0259biristanl\u0131\u011f\u0131nda d\u0259fn edil\u0259c\u0259k. Qeyd ed\u0259k ki, \u015f\u0259hid h\u0259rbi qulluq\u00e7u ail\u0259li olub, 2 o\u011flu var. (ona)<\/p>\n","protected":false},"author":2,"featured_media":63033,"comment_status":"closed","ping_status":"closed","sticky":false,"template":"","format":"standard","meta":{"om_disable_all_campaigns":false,"_monsterinsights_skip_tracking":false,"_monsterinsights_sitenote_active":false,"_monsterinsights_sitenote_note":"","_monsterinsights_sitenote_category":0},"categories":[1],"tags":[],"aioseo_notices":[],"gutentor_comment":0,"rttpg_featured_image_url":{"full":["https:\/\/arantv.az\/wp-content\/uploads\/2019\/05\/545cf0c87636626.jpg",549,366,false],"landscape":["https:\/\/arantv.az\/wp-content\/uploads\/2019\/05\/545cf0c87636626.jpg",549,366,false],"portraits":["https:\/\/arantv.az\/wp-content\/uploads\/2019\/05\/545cf0c87636626.jpg",549,366,false],"thumbnail":["https:\/\/arantv.az\/wp-content\/uploads\/2019\/05\/545cf0c87636626-150x150.jpg",150,150,true],"medium":["https:\/\/arantv.az\/wp-content\/uploads\/2019\/05\/545cf0c87636626-300x200.jpg",300,200,true],"large":["https:\/\/arantv.az\/wp-content\/uploads\/2019\/05\/545cf0c87636626.jpg",549,366,false],"1536x1536":["https:\/\/arantv.az\/wp-content\/uploads\/2019\/05\/545cf0c87636626.jpg",549,366,false],"2048x2048":["https:\/\/arantv.az\/wp-content\/uploads\/2019\/05\/545cf0c87636626.jpg",549,366,false],"post-thumbnail":["https:\/\/arantv.az\/wp-content\/uploads\/2019\/05\/545cf0c87636626-240x172.jpg",240,172,true],"advps-thumb-one":["https:\/\/arantv.az\/wp-content\/uploads\/2019\/05\/545cf0c87636626.jpg",549,366,false]},"rttpg_author":{"display_name":"V\u00fcsal Rafiqo\u011flu","author_link":"https:\/\/arantv.az\/?author=2"},"rttpg_comment":0,"rttpg_category":"<a href=\"https:\/\/arantv.az\/?cat=1\" rel=\"category\">C\u0259miyy\u0259t<\/a>","rttpg_excerpt":"Erm\u0259ni a\u00e7d\u0131\u011f\u0131 at\u0259\u015f n\u0259tic\u0259sind\u0259 \u015f\u0259hid olan Az\u0259rbaycan Ordusunun h\u0259rbi qulluq\u00e7usu Aqil Omarovla vida m\u0259rasimi ke\u00e7irilir. May\u0131n 30-u s\u0259h\u0259r saatlar\u0131nda c\u0259bh\u0259nin A\u011fdam rayonu istiqam\u0259tind\u0259, d\u00fc\u015fm\u0259n t\u0259r\u0259find\u0259n a\u00e7\u0131lan snayper at\u0259\u015find\u0259n \u015f\u0259hid olan Az\u0259rbaycan Ordusunun h\u0259rbi qulluq\u00e7usu, 1983-c\u00fc il t\u0259v\u0259ll\u00fcdl\u00fc mayor Aqil Akif o\u011flu Omarovun n\u0259\u015fi bu g\u00fcn s\u0259h\u0259r saatlar\u0131nda ata yurdu olan Qax rayonu L\u0259l\u0259pa\u015fa k\u0259ndin\u0259 g\u0259tirilib.&hellip;","_links":{"self":[{"href":"https:\/\/arantv.az\/index.php?rest_route=\/wp\/v2\/posts\/63032"}],"collection":[{"href":"https:\/\/arantv.az\/index.php?rest_route=\/wp\/v2\/posts"}],"about":[{"href":"https:\/\/arantv.az\/index.php?rest_route=\/wp\/v2\/types\/post"}],"author":[{"embeddable":true,"href":"https:\/\/arantv.az\/index.php?rest_route=\/wp\/v2\/users\/2"}],"replies":[{"embeddable":true,"href":"https:\/\/arantv.az\/index.php?rest_route=%2Fwp%2Fv2%2Fcomments&post=63032"}],"version-history":[{"count":0,"href":"https:\/\/arantv.az\/index.php?rest_route=\/wp\/v2\/posts\/63032\/revisions"}],"wp:featuredmedia":[{"embeddable":true,"href":"https:\/\/arantv.az\/index.php?rest_route=\/wp\/v2\/media\/63033"}],"wp:attachment":[{"href":"https:\/\/arantv.az\/index.php?rest_route=%2Fwp%2Fv2%2Fmedia&parent=63032"}],"wp:term":[{"taxonomy":"category","embeddable":true,"href":"https:\/\/arantv.az\/index.php?rest_route=%2Fwp%2Fv2%2Fcategories&post=63032"},{"taxonomy":"post_tag","embeddable":true,"href":"https:\/\/arantv.az\/index.php?rest_route=%2Fwp%2Fv2%2Ftags&post=63032"}],"curies":[{"name":"wp","href":"https:\/\/api.w.org\/{rel}","templated":true}]}}